{"id":880,"date":"2020-10-17T20:53:51","date_gmt":"2020-10-17T18:53:51","guid":{"rendered":"https:\/\/najibmikou.com\/fr\/?p=880"},"modified":"2021-02-17T21:08:27","modified_gmt":"2021-02-17T20:08:27","slug":"heure-dete-cette-25eme-heure-de-toutes-les-turbulences-de-toutes-les-divergences","status":"publish","type":"post","link":"https:\/\/najibmikou.com\/fr\/heure-dete-cette-25eme-heure-de-toutes-les-turbulences-de-toutes-les-divergences\/","title":{"rendered":"Heure d&#8217;\u00e9t\u00e9 : cette 25\u00e8me heure de toutes les turbulences, de toutes les divergences"},"content":{"rendered":"\n<p>\u200bUn peu d&#8217;humour ne peut faire que du bien par les temps qui courent. M\u00eame pour rire de nous-m\u00eames ou d&#8217;une d\u00e9ch\u00e9ance qui nous r\u00e9trograde \u00e0 l&#8217;heure z\u00e9ro o\u00f9 rien ni personne ne compte, ni m\u00eame le temps et encore moins la mani\u00e8re de le vivre, tellement le sujet tra\u00eene, s&#8217;\u00e9ternise et nous empoisonne la vie jusqu&#8217;\u00e0 la d\u00e9prime.<\/p>\n\n\n\n<div class=\"wp-block-image\"><figure class=\"alignright size-large is-resized\"><img loading=\"lazy\" src=\"https:\/\/najibmikou.com\/fr\/wp-content\/uploads\/2020\/05\/Najib-Mikou--806x1024.jpeg\" alt=\"\" class=\"wp-image-214\" width=\"212\" height=\"267\"\/><\/figure><\/div>\n\n\n\n<p>En cette fin du mois d&#8217;octobre, nos pendules resteront \u00e0 l&#8217;heure\u2026. d&#8217;\u00e9t\u00e9. Se basant sur des r\u00e9sultats de sondages d&#8217;opinion et d&#8217;\u00e9tudes r\u00e9alis\u00e9s, mais qui n&#8217;ont jamais \u00e9t\u00e9 rendus publics, le gouvernement a fini par renoncer \u00e0 l&#8217;alternance transitoire de l&#8217;heure d&#8217;\u00e9t\u00e9, d&#8217;hiver et du Ramadan, pour faire le choix de la 25\u00e8me heure, sans pour autant en r\u00e9f\u00e9rer \u00e0 personne et tout en faisant durer le suspens.<\/p>\n\n\n\n<p>Sauf revirement, plus que l&#8217;heure d&#8217;\u00e9t\u00e9, la 25\u00e8me heure, pour toute l&#8217;ann\u00e9e ou presque, n&#8217;en d\u00e9plaise \u00e0 l&#8217;horloge biologique et au temps social des marocains.<\/p>\n\n\n\n<p>Des consid\u00e9rations financi\u00e8res auraient fortement pes\u00e9 pour justifier que tout bascula vers l&#8217;heure d&#8217;\u00e9t\u00e9, dont l&#8217;hiver qui se r\u00e9signe \u00e0 s&#8217;aligner \u00e0 l&#8217;heure ambiante en se mettant lui-m\u00eame \u00e0 la saison d&#8217;\u00e9t\u00e9, tellement les pluies s&#8217;y font de plus en plus rares.<\/p>\n\n\n\n<p>Les caisses de l&#8217;Etat gagneraient, dit une source autoris\u00e9e, quelques 35 \u2026 millions de \u2026.dhs chaque \u2026. ann\u00e9e, gr\u00e2ce \u00e0 l&#8217;heure d&#8217;\u00e9t\u00e9 \u00e9tendue sur toute l&#8217;ann\u00e9e ou presque.<\/p>\n\n\n\n<p>Il est \u00e0 parier que les marocains seraient pr\u00eats \u00e0 verser 1 dh chacun par an au Tr\u00e9sor, ce qui lui fait les 35 millions de dhs de gain que g\u00e9n\u00e9rerait l&#8217;application de l&#8217;heure d&#8217;\u00e9t\u00e9, pourvu qu&#8217;on leur maintienne leur heure biologique et leur temps social qui correspondraient plut\u00f4t \u00e0 l&#8217;heure d&#8217;hiver.<\/p>\n\n\n\n<p>Pour 35 millions de dh qui ne repr\u00e9sentent m\u00eame pas 1\/10000 du budget g\u00e9n\u00e9ral de l&#8217;Etat, on d\u00e9cide de perturber tout un pays, toute une soci\u00e9t\u00e9, du nouveau-n\u00e9 jusqu&#8217;au plus \u00e2g\u00e9 !!!<\/p>\n\n\n\n<p>Combien de milliards de dh a-t-on engag\u00e9 juste en ces temps du Coronavirus pour sauvegarder une coh\u00e9sion sociale qui a \u00e9t\u00e9 mise \u00e0 mal en raison des ravages qu&#8217;il a caus\u00e9s ?!!! Rien n&#8217;est jamais perdu ni jamais trop cher pay\u00e9, que l&#8217;on doive d\u00e9penser pour cela.<\/p>\n\n\n\n<p>Est-il besoin de rappeler ici qu&#8217;il n&#8217;y a aucun prix, aucun, \u00e0 la s\u00e9r\u00e9nit\u00e9 et \u00e0 la paisibilit\u00e9 personnelle et collective de nos concitoyens? Leur valeur est sans prix, inestimable. Qui plus est quand il s&#8217;agit de l&#8217;heure du r\u00e9veil, de l&#8217;\u00e9cole, du travail, des pri\u00e8res, du sommeil. Qui plus est quand la contrepartie serait quelques sous ou quelques milliards de sous.<\/p>\n\n\n\n<p>Quant \u00e0 un suppos\u00e9 gain \u00e9conomique dont profiteraient nos op\u00e9rateurs \u00e9conomiques orient\u00e9s export, est-il n\u00e9cessaire de rappeler ici que l&#8217;heure de l&#8217;exportateur est celle de ses march\u00e9s et non jamais celle de son pays. C&#8217;est celle-l\u00e0 m\u00eame qui lui \u00e9dicte toute son organisation et sa planification de travail et de production.<\/p>\n\n\n\n<p>Sinon qu&#8217;aurait \u00e9t\u00e9 &#8220;l&#8217;heure de vie&#8221; des pays asiatiques dont le d\u00e9calage de plusieurs heures notamment, avec l&#8217;Europe et des \u00c9tats-Unis, ne les emp\u00eache nullement de les approvisionner au jour et \u00e0 l&#8217;heure convenus avec leurs dizaines de milliers de clients. Et vice et versa.<\/p>\n\n\n\n<p>Quand bien m\u00eame on ait fait des sondages, des \u00e9tudes et des d\u00e9monstrations les plus savantes, le choix de &#8220;l&#8217;heure de la vie&#8221; devrait \u00eatre soumis \u00e0 R\u00e9f\u00e9rendum; lesdits sondages, \u00e9tudes et d\u00e9monstrations ne devant servir qu&#8217;\u00e0 d\u00e9gager des tendances et \u00e0 anticiper une gouvernance.<\/p>\n\n\n\n<p>Le R\u00e9f\u00e9rendum est un moment fonci\u00e8rement d\u00e9mocratique o\u00f9 toutes les th\u00e8ses, antith\u00e8ses, arguments et contre-arguments se bousculent, s&#8217;affrontent, et o\u00f9 le choix final revient \u00e0 une volont\u00e9 populaire tr\u00e8s largement majoritaire, d\u00e9passant au moins les 2\/3, car il s&#8217;agit bien de &#8220;l&#8217;heure de la vie&#8221;.<\/p>\n\n\n\n<p>Ce faisant, et quel qu&#8217;en soit le r\u00e9sultat, le peuple en sortira gagnant, encore plus convaincu, encore plus fier, encore plus respect\u00e9, parce qu&#8217;il aura lui-m\u00eame choisi et assumera son propre choix de &#8220;l&#8217;heure de sa vie&#8221; qu&#8217;il estime lui convenir le mieux.<\/p>\n\n\n\n<p><strong>Najib Mikou,<br><\/strong><em>Expert en Prospective et Etudes Strat\u00e9giques<\/em><\/p>\n","protected":false},"excerpt":{"rendered":"<p>\u200bUn peu d&#8217;humour ne peut faire que du bien par les temps qui courent. M\u00eame pour rire de nous-m\u00eames ou d&#8217;une d\u00e9ch\u00e9ance qui nous r\u00e9trograde \u00e0 l&#8217;heure z\u00e9ro o\u00f9 rien ni personne ne compte, ni m\u00eame le temps et encore moins la mani\u00e8re de le vivre, tellement le sujet tra\u00eene, s&#8217;\u00e9ternise et nous empoisonne la [&hellip;]<\/p>\n","protected":false},"author":1,"featured_media":881,"comment_status":"open","ping_status":"open","sticky":false,"template":"","format":"standard","meta":{"pgc_sgb_lightbox_settings":""},"categories":[14],"tags":[],"yoast_head":"<!-- This site is optimized with the Yoast SEO plugin v15.9.2 - https:\/\/yoast.com\/wordpress\/plugins\/seo\/ -->\n<meta name=\"robots\" content=\"index, follow, max-snippet:-1, max-image-preview:large, max-video-preview:-1\" \/>\n<link rel=\"canonical\" href=\"https:\/\/najibmikou.com\/fr\/heure-dete-cette-25eme-heure-de-toutes-les-turbulences-de-toutes-les-divergences\/\" \/>\n<meta property=\"og:locale\" content=\"fr_FR\" \/>\n<meta property=\"og:type\" content=\"article\" \/>\n<meta property=\"og:title\" content=\"Heure d&#039;\u00e9t\u00e9 : cette 25\u00e8me heure de toutes les turbulences, de toutes les divergences - Najib MIKOU\" \/>\n<meta property=\"og:description\" content=\"\u200bUn peu d&#8217;humour ne peut faire que du bien par les temps qui courent. M\u00eame pour rire de nous-m\u00eames ou d&#8217;une d\u00e9ch\u00e9ance qui nous r\u00e9trograde \u00e0 l&#8217;heure z\u00e9ro o\u00f9 rien ni personne ne compte, ni m\u00eame le temps et encore moins la mani\u00e8re de le vivre, tellement le sujet tra\u00eene, s&#8217;\u00e9ternise et nous empoisonne la [&hellip;]\" \/>\n<meta property=\"og:url\" content=\"https:\/\/najibmikou.com\/fr\/heure-dete-cette-25eme-heure-de-toutes-les-turbulences-de-toutes-les-divergences\/\" \/>\n<meta property=\"og:site_name\" content=\"Najib MIKOU\" \/>\n<meta property=\"article:published_time\" content=\"2020-10-17T18:53:51+00:00\" \/>\n<meta property=\"article:modified_time\" content=\"2021-02-17T20:08:27+00:00\" \/>\n<meta property=\"og:image\" content=\"https:\/\/najibmikou.com\/fr\/wp-content\/uploads\/2021\/02\/changement-dheure.jpg\" \/>\n\t<meta property=\"og:image:width\" content=\"660\" \/>\n\t<meta property=\"og:image:height\" content=\"330\" \/>\n<meta name=\"twitter:card\" content=\"summary_large_image\" \/>\n<meta name=\"twitter:label1\" content=\"Dur\u00e9e de lecture est.\">\n\t<meta name=\"twitter:data1\" content=\"3 minutes\">\n<script type=\"application\/ld+json\" class=\"yoast-schema-graph\">{\"@context\":\"https:\/\/schema.org\",\"@graph\":[{\"@type\":\"WebSite\",\"@id\":\"https:\/\/najibmikou.com\/fr\/#website\",\"url\":\"https:\/\/najibmikou.com\/fr\/\",\"name\":\"Najib MIKOU\",\"description\":\"\\u00c9crire c&#039;est contribuer \\u00e0 ce que le temps collectif ne se trompe pas de chemin\",\"potentialAction\":[{\"@type\":\"SearchAction\",\"target\":\"https:\/\/najibmikou.com\/fr\/?s={search_term_string}\",\"query-input\":\"required name=search_term_string\"}],\"inLanguage\":\"fr-FR\"},{\"@type\":\"ImageObject\",\"@id\":\"https:\/\/najibmikou.com\/fr\/heure-dete-cette-25eme-heure-de-toutes-les-turbulences-de-toutes-les-divergences\/#primaryimage\",\"inLanguage\":\"fr-FR\",\"url\":\"https:\/\/najibmikou.com\/fr\/wp-content\/uploads\/2021\/02\/changement-dheure.jpg\",\"width\":660,\"height\":330},{\"@type\":\"WebPage\",\"@id\":\"https:\/\/najibmikou.com\/fr\/heure-dete-cette-25eme-heure-de-toutes-les-turbulences-de-toutes-les-divergences\/#webpage\",\"url\":\"https:\/\/najibmikou.com\/fr\/heure-dete-cette-25eme-heure-de-toutes-les-turbulences-de-toutes-les-divergences\/\",\"name\":\"Heure d'\\u00e9t\\u00e9 : cette 25\\u00e8me heure de toutes les turbulences, de toutes les divergences - Najib MIKOU\",\"isPartOf\":{\"@id\":\"https:\/\/najibmikou.com\/fr\/#website\"},\"primaryImageOfPage\":{\"@id\":\"https:\/\/najibmikou.com\/fr\/heure-dete-cette-25eme-heure-de-toutes-les-turbulences-de-toutes-les-divergences\/#primaryimage\"},\"datePublished\":\"2020-10-17T18:53:51+00:00\",\"dateModified\":\"2021-02-17T20:08:27+00:00\",\"author\":{\"@id\":\"https:\/\/najibmikou.com\/fr\/#\/schema\/person\/ad833ab699d080f01dced99b1891ec1e\"},\"breadcrumb\":{\"@id\":\"https:\/\/najibmikou.com\/fr\/heure-dete-cette-25eme-heure-de-toutes-les-turbulences-de-toutes-les-divergences\/#breadcrumb\"},\"inLanguage\":\"fr-FR\",\"potentialAction\":[{\"@type\":\"ReadAction\",\"target\":[\"https:\/\/najibmikou.com\/fr\/heure-dete-cette-25eme-heure-de-toutes-les-turbulences-de-toutes-les-divergences\/\"]}]},{\"@type\":\"BreadcrumbList\",\"@id\":\"https:\/\/najibmikou.com\/fr\/heure-dete-cette-25eme-heure-de-toutes-les-turbulences-de-toutes-les-divergences\/#breadcrumb\",\"itemListElement\":[{\"@type\":\"ListItem\",\"position\":1,\"item\":{\"@type\":\"WebPage\",\"@id\":\"https:\/\/najibmikou.com\/fr\/\",\"url\":\"https:\/\/najibmikou.com\/fr\/\",\"name\":\"Accueil\"}},{\"@type\":\"ListItem\",\"position\":2,\"item\":{\"@type\":\"WebPage\",\"@id\":\"https:\/\/najibmikou.com\/fr\/heure-dete-cette-25eme-heure-de-toutes-les-turbulences-de-toutes-les-divergences\/\",\"url\":\"https:\/\/najibmikou.com\/fr\/heure-dete-cette-25eme-heure-de-toutes-les-turbulences-de-toutes-les-divergences\/\",\"name\":\"Heure d&#8217;\\u00e9t\\u00e9 : cette 25\\u00e8me heure de toutes les turbulences, de toutes les divergences\"}}]},{\"@type\":\"Person\",\"@id\":\"https:\/\/najibmikou.com\/fr\/#\/schema\/person\/ad833ab699d080f01dced99b1891ec1e\",\"name\":\"Najib Mikou\",\"image\":{\"@type\":\"ImageObject\",\"@id\":\"https:\/\/najibmikou.com\/fr\/#personlogo\",\"inLanguage\":\"fr-FR\",\"url\":\"https:\/\/secure.gravatar.com\/avatar\/6dfd4a9a9096131eea6d80fb3de585a0?s=96&d=mm&r=g\",\"caption\":\"Najib Mikou\"},\"sameAs\":[\"http:\/\/najibmikou.com\/fr\"]}]}<\/script>\n<!-- \/ Yoast SEO plugin. -->","_links":{"self":[{"href":"https:\/\/najibmikou.com\/fr\/wp-json\/wp\/v2\/posts\/880"}],"collection":[{"href":"https:\/\/najibmikou.com\/fr\/wp-json\/wp\/v2\/posts"}],"about":[{"href":"https:\/\/najibmikou.com\/fr\/wp-json\/wp\/v2\/types\/post"}],"author":[{"embeddable":true,"href":"https:\/\/najibmikou.com\/fr\/wp-json\/wp\/v2\/users\/1"}],"replies":[{"embeddable":true,"href":"https:\/\/najibmikou.com\/fr\/wp-json\/wp\/v2\/comments?post=880"}],"version-history":[{"count":2,"href":"https:\/\/najibmikou.com\/fr\/wp-json\/wp\/v2\/posts\/880\/revisions"}],"predecessor-version":[{"id":883,"href":"https:\/\/najibmikou.com\/fr\/wp-json\/wp\/v2\/posts\/880\/revisions\/883"}],"wp:featuredmedia":[{"embeddable":true,"href":"https:\/\/najibmikou.com\/fr\/wp-json\/wp\/v2\/media\/881"}],"wp:attachment":[{"href":"https:\/\/najibmikou.com\/fr\/wp-json\/wp\/v2\/media?parent=880"}],"wp:term":[{"taxonomy":"category","embeddable":true,"href":"https:\/\/najibmikou.com\/fr\/wp-json\/wp\/v2\/categories?post=880"},{"taxonomy":"post_tag","embeddable":true,"href":"https:\/\/najibmikou.com\/fr\/wp-json\/wp\/v2\/tags?post=880"}],"curies":[{"name":"wp","href":"https:\/\/api.w.org\/{rel}","templated":true}]}}