{"id":826,"date":"2020-08-24T03:56:11","date_gmt":"2020-08-24T01:56:11","guid":{"rendered":"https:\/\/najibmikou.com\/fr\/?p=826"},"modified":"2021-03-10T22:20:32","modified_gmt":"2021-03-10T21:20:32","slug":"%e2%80%8bune-devaluation-fiscale-pour-soutenir-la-competitivite-economique-et-la-protection-sociale","status":"publish","type":"post","link":"https:\/\/najibmikou.com\/fr\/%e2%80%8bune-devaluation-fiscale-pour-soutenir-la-competitivite-economique-et-la-protection-sociale\/","title":{"rendered":"\u200bUne d\u00e9valuation fiscale pour soutenir la comp\u00e9titivit\u00e9 \u00e9conomique et la protection sociale"},"content":{"rendered":"\n<h3>Le &#8220;Discours de la M\u00e9thode&#8221; prononc\u00e9 par SM Le Roi \u00e0 l&#8217;occasion de la F\u00eate du Tr\u00f4ne, \u00e9tait porteur de quatre Orientations Strat\u00e9giques visant \u00e0 sortir le pays, de l&#8217;asphyxie \u00e9conomique et sociale, g\u00e9n\u00e9r\u00e9e par la crise du maudit Coronavirus.<\/h3>\n\n\n\n<p><a href=\"javascript:void(0)\"><\/a>Najib Mikou, Consultant en Prospective et Etudes Strat\u00e9giquesLe &#8220;Discours de la M\u00e9thode&#8221; prononc\u00e9 par SM Le Roi \u00e0 l&#8217;occasion de la F\u00eate du Tr\u00f4ne, \u00e9tait porteur de quatre Orientations Strat\u00e9giques visant \u00e0 sortir le pays, de l&#8217;asphyxie \u00e9conomique et sociale, g\u00e9n\u00e9r\u00e9e par la crise du maudit Coronavirus.<\/p>\n\n\n\n<p>&#8211; un Plan de relance \u00e9conomique, pour qu&#8217;on cesse de se perdre jusqu&#8217;\u00e0 sombrer, dans une approche m\u00e9canique et comptable dangereuse \u00e0 tous points de vue ;<\/p>\n\n\n\n<p>&#8211; un budget cons\u00e9quent pour injecter la masse financi\u00e8re critique n\u00e9cessaire au financement dudit Plan;<\/p>\n\n\n\n<p>&#8211; une restructuration et un recadrage profonds du secteur public, de nature \u00e0 lui insuffler synergie, convergence, rationalit\u00e9, sobri\u00e9t\u00e9, efficacit\u00e9 d&#8217;un c\u00f4t\u00e9, et \u00e0 mettre fin \u00e0 des h\u00e9morragies tr\u00e8s co\u00fbteuses et\/ou \u00e0 des d\u00e9phasages injustifi\u00e9s ;<\/p>\n\n\n\n<p>&#8211; et un nouveau mod\u00e8le de protection sociale \u00e0 m\u00eame de venir \u00e0 bout de nos pr\u00e9carit\u00e9s, fragilit\u00e9s et vuln\u00e9rabilit\u00e9s abyssales et b\u00e9antes.<\/p>\n\n\n\n<p>Si durant toute la p\u00e9riode du confinement, j&#8217;ai eu \u00e0 publier un certain nombre d&#8217;articles(*) \u00e0 caract\u00e8re \u00e9conomique, financier et social, versant tous dans les quatre Orientations Royales et proposant le dispositif d&#8217;impl\u00e9mentation appropri\u00e9, je souhaite porter le focus dans le pr\u00e9sent papier, sur une mesure compl\u00e9mentaire \u00e0 caract\u00e8re horizontal.&nbsp;<\/p>\n\n\n\n<p>Elle est en effet de nature \u00e0 impacter directement et \u00e0 tr\u00e8s court terme, aussi bien la comp\u00e9titivit\u00e9 de nos entreprises que le niveau et la qualit\u00e9 de notre protection sociale.<\/p>\n\n\n\n<p>Elle consiste en une d\u00e9valuation fiscale significative qui devra concerner les charges sociales patronales de l&#8217;ensemble des employeurs de tous les secteurs et compartiments d&#8217;activit\u00e9s, sans la moindre exception.&nbsp;<\/p>\n\n\n\n<p>Faut-il rappeler ici que les charges sociales patronales dans notre pays sont tr\u00e8s prohibitives au point o\u00f9 elles gr\u00e8vent substantiellement la comp\u00e9titivit\u00e9 de nos entreprises, dissuadent toute volont\u00e9 de nouveaux recrutements et encouragent \u00e0 renforcer les rangs des activit\u00e9s informelles.&nbsp;<\/p>\n\n\n\n<p>Un benchmark r\u00e9v\u00e9lera qu&#8217;on n&#8217;est pas plus chers que d&#8217;autres pays sur ce compartiment. Oui certes en valeur absolue, mais on est beaucoup trop chers par rapport \u00e0 ces m\u00eames pays en valeur relative, en ce sens quils se sont permis un syst\u00e8me fiscal et de subventionnement de leurs \u00e9conomies, qui est sans commune mesure avec le n\u00f4tre et nous p\u00e9nalise et d\u00e9classe en comp\u00e9titivit\u00e9. Donc toute comparaison de ce style ne peut \u00eatre que biais\u00e9e, \u00e9triqu\u00e9e, aveuglante, trompeuse.<\/p>\n\n\n\n<p>La d\u00e9valuation fiscale propos\u00e9e, vise par cons\u00e9quent, un double objectif :<\/p>\n\n\n\n<p>1- r\u00e9duire d&#8217;une fa\u00e7on significative le poste des d\u00e9penses des entreprises au titre des charges sociales patronales, pour am\u00e9liorer leur comp\u00e9titivit\u00e9, aussi bien sur leur propre march\u00e9 local o\u00f9 elles sont de plus en plus inqui\u00e9t\u00e9es, que sur les march\u00e9s internationaux o\u00f9 elles m\u00e8nent des batailles \u00e0 armes tr\u00e8s in\u00e9gales avec des concurrents subventionn\u00e9s jusqu&#8217;aux dents,<\/p>\n\n\n\n<p>2- rendre beaucoup moins prohibitif et dissuasif, le co\u00fbt patronal des recrutements, aussi bien dans l&#8217;entreprise de toutes tailles, dans les m\u00e9tiers lib\u00e9raux, que chez les m\u00e9nages.&nbsp;<\/p>\n\n\n\n<p>Ainsi :&nbsp;<\/p>\n\n\n\n<p>&#8211; on recrutera beaucoup plus et partout,&nbsp;<\/p>\n\n\n\n<p>&#8211; on persuadera les employeurs \u00e0 d\u00e9clarer l&#8217;ensemble de leur personnel,&nbsp;&nbsp;<\/p>\n\n\n\n<p>&#8211; on persuadera le grand secteur informel \u00e0 basculer vers le formel,&nbsp;<\/p>\n\n\n\n<p>&#8211; et on persuadera les m\u00e9nages \u00e0 d\u00e9clarer les dizaines de milliers d&#8217;agents de service \u00e0 domicile, suspendus \u00e0 une nouvelle loi tr\u00e8s co\u00fbteuse et contraignante, qui provoque d\u00e9j\u00e0 des renvois massifs de ce personnel tr\u00e8s vuln\u00e9rable, au lieu de le stabiliser et de le doter de la n\u00e9cessaire protection sociale.<\/p>\n\n\n\n<p>Outre ces deux objectifs majeurs de toute politique \u00e9conomique et sociale digne de ce nom, on atteindra deux r\u00e9sultats non moins importants :<\/p>\n\n\n\n<p>1- la CNSS qui est appel\u00e9e dans la Vision Royale, \u00e0 jouer un r\u00f4le encore plus d\u00e9terminant dans notre syst\u00e8me global de protection sociale, aura le nombre d&#8217;affili\u00e9s qui correspond \u00e0 l&#8217;effectif de notre population active, au lieu des 25% d&#8217;affili\u00e9s aujourd&#8217;hui,<\/p>\n\n\n\n<p>2- les caisses de la CNSS vont se renflouer de la contribution salariale et patronales des millions de nouveaux affili\u00e9s.&nbsp;<\/p>\n\n\n\n<p>Ceci dit, cette d\u00e9valuation fiscale aura quand m\u00eame, un impact n\u00e9gatif tr\u00e8s significatif sur les recettes en valeur absolue.&nbsp;<\/p>\n\n\n\n<p>Pour y rem\u00e9dier, il est propos\u00e9 quatre nouvelles ressources d&#8217;argent qui profiteront structurellement, aussi bien \u00e0 la CNSS qu&#8217;\u00e0 l&#8217;ensemble du dispositif national de protection sociale en construction :<\/p>\n\n\n\n<p>1- toutes les contributions nouvelles pr\u00e9conis\u00e9es dans le cadre du nouveau mod\u00e8le social que j&#8217;ai propos\u00e9 et publi\u00e9(**) qui concernent des profils particuliers de secteurs, de soci\u00e9t\u00e9s et de contribuables;&nbsp;<\/p>\n\n\n\n<p>2- une surtaxation de tous les produits de luxe ;<\/p>\n\n\n\n<p>3- une surtaxation des terrains pass\u00e9s en zone urbaine, p\u00e9riurbaine et chefs lieux ruraux ;<\/p>\n\n\n\n<p>4- une surtaxation des successions au titre d&#8217;un patrimoine d&#8217;h\u00e9ritage au-del\u00e0 de 10 millions de dhs.<\/p>\n\n\n\n<p>Si la d\u00e9valuation mon\u00e9taire pr\u00e9sente des inconv\u00e9nients majeurs pour le cas &#8220;Maroc&#8221; qui importe presque le double de ses exportations et s&#8217;enfonce davantage dans l&#8217;endettement ext\u00e9rieur qui en fait un exportateur important de devises, la d\u00e9valuation fiscale a par contre, bien plus que tous les avantages d&#8217;une d\u00e9valuation mon\u00e9taire sans aucun de ses inconv\u00e9nients.<\/p>\n\n\n\n<p>Bien plus, la d\u00e9valuation fiscale est un levier important de cr\u00e9ation massive d&#8217;emplois, de formalisation de l&#8217;informel et de &#8220;subventionnement civilis\u00e9 et discret&#8221; par excellence de nos op\u00e9rateurs \u00e9conomiques.<\/p>\n\n\n\n<p>Quant \u00e0 ses corollaires oblig\u00e9s, les nouvelles surtaxations qui compensent ses effets induits en termes de perte de recettes, elles sont l&#8217;autre levier de redistribution et de r\u00e9affectation des richesses de la nation pour endiguer les in\u00e9galit\u00e9s sociales et servir la bonne coh\u00e9sion soci\u00e9tale.<\/p>\n\n\n\n<p>Ceci dit, une d\u00e9valuation fiscale ne peut ni ne doit reporter \u00e0 plus longtemps encore, une v\u00e9ritable r\u00e9forme fiscale qui doit :&nbsp;<\/p>\n\n\n\n<p>&#8211; soutenir en toute priorit\u00e9, l&#8217;acte d&#8217;investir et de produire,&nbsp;<\/p>\n\n\n\n<p>&#8211; \u00e9riger le paiement des imp\u00f4ts en une obligation \u00e9thique et citoyenne dont PERSONNE ne peut se soustraire,&nbsp;<\/p>\n\n\n\n<p>&#8211; \u00e9largir substantiellement, significativement, urgemment, la classe moyenne qui est le propulseur de la consommation par excellence.&nbsp;<\/p>\n\n\n\n<p>Notre politique \u00e9conomique et fiscale doit sans plus tarder, cesser de subventionner les industries et les consommateurs de nos pays d&#8217;exportation. La cible naturelle du g\u00e9nie marocain, de l&#8217;effort et des moyens publics, ne devra \u00eatre exclusivement que le tissu de production national et le consommateur Marocain.<\/p>\n\n\n\n<p><strong>Najib Mikou\u00a0<br>Consultant en Prospective\u00a0 et Etudes Strat\u00e9giques\u00a0<\/strong><\/p>\n","protected":false},"excerpt":{"rendered":"<p>Le &#8220;Discours de la M\u00e9thode&#8221; prononc\u00e9 par SM Le Roi \u00e0 l&#8217;occasion de la F\u00eate du Tr\u00f4ne, \u00e9tait porteur de quatre Orientations Strat\u00e9giques visant \u00e0 sortir le pays, de l&#8217;asphyxie \u00e9conomique et sociale, g\u00e9n\u00e9r\u00e9e par la crise du maudit Coronavirus. Najib Mikou, Consultant en Prospective et Etudes Strat\u00e9giquesLe &#8220;Discours de la M\u00e9thode&#8221; prononc\u00e9 par SM [&hellip;]<\/p>\n","protected":false},"author":1,"featured_media":854,"comment_status":"open","ping_status":"open","sticky":false,"template":"","format":"standard","meta":{"pgc_sgb_lightbox_settings":""},"categories":[13,12],"tags":[],"yoast_head":"<!-- This site is optimized with the Yoast SEO plugin v15.9.2 - https:\/\/yoast.com\/wordpress\/plugins\/seo\/ -->\n<meta name=\"robots\" content=\"index, follow, max-snippet:-1, max-image-preview:large, max-video-preview:-1\" \/>\n<link rel=\"canonical\" href=\"https:\/\/najibmikou.com\/fr\/\u200bune-devaluation-fiscale-pour-soutenir-la-competitivite-economique-et-la-protection-sociale\/\" \/>\n<meta property=\"og:locale\" content=\"fr_FR\" \/>\n<meta property=\"og:type\" content=\"article\" \/>\n<meta property=\"og:title\" content=\"\u200bUne d\u00e9valuation fiscale pour soutenir la comp\u00e9titivit\u00e9 \u00e9conomique et la protection sociale - Najib MIKOU\" \/>\n<meta property=\"og:description\" content=\"Le &#8220;Discours de la M\u00e9thode&#8221; prononc\u00e9 par SM Le Roi \u00e0 l&#8217;occasion de la F\u00eate du Tr\u00f4ne, \u00e9tait porteur de quatre Orientations Strat\u00e9giques visant \u00e0 sortir le pays, de l&#8217;asphyxie \u00e9conomique et sociale, g\u00e9n\u00e9r\u00e9e par la crise du maudit Coronavirus. Najib Mikou, Consultant en Prospective et Etudes Strat\u00e9giquesLe &#8220;Discours de la M\u00e9thode&#8221; prononc\u00e9 par SM [&hellip;]\" \/>\n<meta property=\"og:url\" content=\"https:\/\/najibmikou.com\/fr\/\u200bune-devaluation-fiscale-pour-soutenir-la-competitivite-economique-et-la-protection-sociale\/\" \/>\n<meta property=\"og:site_name\" content=\"Najib MIKOU\" \/>\n<meta property=\"article:published_time\" content=\"2020-08-24T01:56:11+00:00\" \/>\n<meta property=\"article:modified_time\" content=\"2021-03-10T21:20:32+00:00\" \/>\n<meta property=\"og:image\" content=\"https:\/\/najibmikou.com\/fr\/wp-content\/uploads\/2020\/08\/impot-fisc-fiscalite.jpg\" \/>\n\t<meta property=\"og:image:width\" content=\"750\" \/>\n\t<meta property=\"og:image:height\" content=\"439\" \/>\n<meta name=\"twitter:card\" content=\"summary_large_image\" \/>\n<meta name=\"twitter:label1\" content=\"Dur\u00e9e de lecture est.\">\n\t<meta name=\"twitter:data1\" content=\"6 minutes\">\n<script type=\"application\/ld+json\" class=\"yoast-schema-graph\">{\"@context\":\"https:\/\/schema.org\",\"@graph\":[{\"@type\":\"WebSite\",\"@id\":\"https:\/\/najibmikou.com\/fr\/#website\",\"url\":\"https:\/\/najibmikou.com\/fr\/\",\"name\":\"Najib MIKOU\",\"description\":\"\\u00c9crire c&#039;est contribuer \\u00e0 ce que le temps collectif ne se trompe pas de chemin\",\"potentialAction\":[{\"@type\":\"SearchAction\",\"target\":\"https:\/\/najibmikou.com\/fr\/?s={search_term_string}\",\"query-input\":\"required name=search_term_string\"}],\"inLanguage\":\"fr-FR\"},{\"@type\":\"ImageObject\",\"@id\":\"https:\/\/najibmikou.com\/fr\/%e2%80%8bune-devaluation-fiscale-pour-soutenir-la-competitivite-economique-et-la-protection-sociale\/#primaryimage\",\"inLanguage\":\"fr-FR\",\"url\":\"https:\/\/najibmikou.com\/fr\/wp-content\/uploads\/2020\/08\/impot-fisc-fiscalite.jpg\",\"width\":750,\"height\":439},{\"@type\":\"WebPage\",\"@id\":\"https:\/\/najibmikou.com\/fr\/%e2%80%8bune-devaluation-fiscale-pour-soutenir-la-competitivite-economique-et-la-protection-sociale\/#webpage\",\"url\":\"https:\/\/najibmikou.com\/fr\/%e2%80%8bune-devaluation-fiscale-pour-soutenir-la-competitivite-economique-et-la-protection-sociale\/\",\"name\":\"\\u200bUne d\\u00e9valuation fiscale pour soutenir la comp\\u00e9titivit\\u00e9 \\u00e9conomique et la protection sociale - Najib MIKOU\",\"isPartOf\":{\"@id\":\"https:\/\/najibmikou.com\/fr\/#website\"},\"primaryImageOfPage\":{\"@id\":\"https:\/\/najibmikou.com\/fr\/%e2%80%8bune-devaluation-fiscale-pour-soutenir-la-competitivite-economique-et-la-protection-sociale\/#primaryimage\"},\"datePublished\":\"2020-08-24T01:56:11+00:00\",\"dateModified\":\"2021-03-10T21:20:32+00:00\",\"author\":{\"@id\":\"https:\/\/najibmikou.com\/fr\/#\/schema\/person\/ad833ab699d080f01dced99b1891ec1e\"},\"breadcrumb\":{\"@id\":\"https:\/\/najibmikou.com\/fr\/%e2%80%8bune-devaluation-fiscale-pour-soutenir-la-competitivite-economique-et-la-protection-sociale\/#breadcrumb\"},\"inLanguage\":\"fr-FR\",\"potentialAction\":[{\"@type\":\"ReadAction\",\"target\":[\"https:\/\/najibmikou.com\/fr\/%e2%80%8bune-devaluation-fiscale-pour-soutenir-la-competitivite-economique-et-la-protection-sociale\/\"]}]},{\"@type\":\"BreadcrumbList\",\"@id\":\"https:\/\/najibmikou.com\/fr\/%e2%80%8bune-devaluation-fiscale-pour-soutenir-la-competitivite-economique-et-la-protection-sociale\/#breadcrumb\",\"itemListElement\":[{\"@type\":\"ListItem\",\"position\":1,\"item\":{\"@type\":\"WebPage\",\"@id\":\"https:\/\/najibmikou.com\/fr\/\",\"url\":\"https:\/\/najibmikou.com\/fr\/\",\"name\":\"Accueil\"}},{\"@type\":\"ListItem\",\"position\":2,\"item\":{\"@type\":\"WebPage\",\"@id\":\"https:\/\/najibmikou.com\/fr\/%e2%80%8bune-devaluation-fiscale-pour-soutenir-la-competitivite-economique-et-la-protection-sociale\/\",\"url\":\"https:\/\/najibmikou.com\/fr\/%e2%80%8bune-devaluation-fiscale-pour-soutenir-la-competitivite-economique-et-la-protection-sociale\/\",\"name\":\"\\u200bUne d\\u00e9valuation fiscale pour soutenir la comp\\u00e9titivit\\u00e9 \\u00e9conomique et la protection sociale\"}}]},{\"@type\":\"Person\",\"@id\":\"https:\/\/najibmikou.com\/fr\/#\/schema\/person\/ad833ab699d080f01dced99b1891ec1e\",\"name\":\"Najib Mikou\",\"image\":{\"@type\":\"ImageObject\",\"@id\":\"https:\/\/najibmikou.com\/fr\/#personlogo\",\"inLanguage\":\"fr-FR\",\"url\":\"https:\/\/secure.gravatar.com\/avatar\/6dfd4a9a9096131eea6d80fb3de585a0?s=96&d=mm&r=g\",\"caption\":\"Najib Mikou\"},\"sameAs\":[\"http:\/\/najibmikou.com\/fr\"]}]}<\/script>\n<!-- \/ Yoast SEO plugin. -->","_links":{"self":[{"href":"https:\/\/najibmikou.com\/fr\/wp-json\/wp\/v2\/posts\/826"}],"collection":[{"href":"https:\/\/najibmikou.com\/fr\/wp-json\/wp\/v2\/posts"}],"about":[{"href":"https:\/\/najibmikou.com\/fr\/wp-json\/wp\/v2\/types\/post"}],"author":[{"embeddable":true,"href":"https:\/\/najibmikou.com\/fr\/wp-json\/wp\/v2\/users\/1"}],"replies":[{"embeddable":true,"href":"https:\/\/najibmikou.com\/fr\/wp-json\/wp\/v2\/comments?post=826"}],"version-history":[{"count":2,"href":"https:\/\/najibmikou.com\/fr\/wp-json\/wp\/v2\/posts\/826\/revisions"}],"predecessor-version":[{"id":855,"href":"https:\/\/najibmikou.com\/fr\/wp-json\/wp\/v2\/posts\/826\/revisions\/855"}],"wp:featuredmedia":[{"embeddable":true,"href":"https:\/\/najibmikou.com\/fr\/wp-json\/wp\/v2\/media\/854"}],"wp:attachment":[{"href":"https:\/\/najibmikou.com\/fr\/wp-json\/wp\/v2\/media?parent=826"}],"wp:term":[{"taxonomy":"category","embeddable":true,"href":"https:\/\/najibmikou.com\/fr\/wp-json\/wp\/v2\/categories?post=826"},{"taxonomy":"post_tag","embeddable":true,"href":"https:\/\/najibmikou.com\/fr\/wp-json\/wp\/v2\/tags?post=826"}],"curies":[{"name":"wp","href":"https:\/\/api.w.org\/{rel}","templated":true}]}}