{"id":61,"date":"2020-05-13T01:27:22","date_gmt":"2020-05-12T23:27:22","guid":{"rendered":"http:\/\/najibmikou.com\/fr\/2020\/05\/13\/palembang-to-inaugurate-quake-proof-bridge-next-month\/"},"modified":"2021-02-24T22:20:49","modified_gmt":"2021-02-24T21:20:49","slug":"entretien-avec-najib-mikou-consultant-en-prospective-et-etudes-strategiques","status":"publish","type":"post","link":"https:\/\/najibmikou.com\/fr\/entretien-avec-najib-mikou-consultant-en-prospective-et-etudes-strategiques\/","title":{"rendered":"Mon entretien avec la presse au sujet du post-covid"},"content":{"rendered":"<p><strong>1- Quels sont les p\u00e9rils d&#8217;un d\u00e9confinement mal ma\u00eetris\u00e9?\u00a0<\/strong><\/p>\n<p>C&#8217;est la perception et l&#8217;exercice du d\u00e9confinement par les gens, qui d\u00e9cidera de ce qui va arriver apr\u00e8s le 10 juin prochain. Si le d\u00e9confinement \u00e9quivaut certes, au retour \u00e0 une vie sociale et professionnelle normale, la notion de normalit\u00e9 ne devra\u00a0 plus avoir le m\u00eame contenu dans la conscience collective. Dor\u00e9navant elle rimera avec distanciation sociale et barri\u00e8res sanitaires.<\/p>\n<p>Aussi bien le salut que le p\u00e9ril, proviendront justement de cette nuance d\u00e9cisive entre la normalit\u00e9 d&#8217;avant le coronavirus et celle d&#8217;apr\u00e8s. Si les populations prennent conscience de la n\u00e9cessaire et stricte observation des r\u00e8gles de distanciation et de protection sanitaire, notre pays aura gagn\u00e9 sa bataille contre ce virus ravageur. Sinon, on aura compromis tous les acquis ant\u00e9rieurs et on se sera expos\u00e9 \u00e0 un v\u00e9ritable drame sanitaire qui g\u00e9n\u00e9rera un drame \u00e9conomique et social. Le p\u00e9ril qu&#8217;\u00e0 Dieu ne plaise, sera un reconfinement, dont on n&#8217;a ni les moyens ni la capacit\u00e9 \u00e0 en supporter les multiples et d\u00e9vastateurs corollaires<\/p>\n<p><strong>2-A j-5 de la date du 10 juin annonc\u00e9e comme celle de la lev\u00e9e de l&#8217;\u00e9tat d&#8217;urgence sanitaire, a-t-on toujours le temps pour bien nous y pr\u00e9parer?<\/strong><\/p>\n<p>Evidemment que oui. Je fais totalement confiance au pilotage qui a \u00e9t\u00e9 fait \u00e0 cette crise qui nous a subitement frapp\u00e9e de plein fouet. Certes, qu&#8217;il ne nous s\u00e9pare plus que 5 jours du Grand Jour, mais je suis absolument confiant que le g\u00e9nie marocain sous le Pilotage direct de Sa Majest\u00e9 Le Roi, qui nous a accompagn\u00e9 pendant trois mois maintenant, avec une comp\u00e9tence et un sens du devoir in\u00e9gal\u00e9s, saura organiser la phase ult\u00e9rieure. Il n&#8217;y a pas de raison, il n&#8217;y a pas de doute.<\/p>\n<p><strong>3- Le Ministre de l&#8217;int\u00e9rieur vient de s&#8217;exprimer \u00e0 ce sujet, mais une vision claire et un plan pr\u00e9cis de d\u00e9confinement, tardent toujours \u00e0 voir le jour? Sur quoi \u00e9tait attendu Laftit et qu&#8217;aurait-il d\u00fb dire aux Marocains?<\/strong><\/p>\n<p>Le Ministre de l&#8217;Int\u00e9rieur a r\u00e9pondu \u00e0 des questions par rapport aux \u00e9tapes franchies. Il \u00e9tait l\u00e0 \u00e0 mon sens, pour informer et surtout rassurer, mais sans na\u00efvet\u00e9 ni emballement. Il a m\u00eame appel\u00e9 \u00e0 plus de vigilance pour que tous les sacrifices consentis ne partent pas en fum\u00e9e.<\/p>\n<p>Je suppose que le Chef du Gouvernement fera une d\u00e9claration devant les Repr\u00e9sentants de la Nation le 8 ou 9 juin prochain, o\u00f9 il exposera le dispositif que l&#8217;Etat compte mettre en \u0153uvre d\u00e8s le 11 prochain.<\/p>\n<p>Je pense que l&#8217;essentiel de deadline qui devra \u00eatre annonc\u00e9, s&#8217;articule autour de trois segments d&#8217;intervention cl\u00e9s :<\/p>\n<ul>\n<li>un segment pr\u00e9ventif, qui a \u00e9t\u00e9 d\u00e9j\u00e0 entam\u00e9 depuis le 26 mai et continue \u00e0 \u00eatre mis en \u0153uvre. Il s&#8217;agit de la g\u00e9n\u00e9ralisation des tests de d\u00e9pistage \u00e0 l&#8217;ensemble du tissu \u00e9conomique et \u00e0 tous les prestataires administratifs et sociaux, pour permettre une vie sociale et professionnelle entre des personnes saines. Ceci est certes, tr\u00e8s co\u00fbteux, mais il n&#8217;a aucun prix. Il va rassurer tout le monde et faire \u00e9viter la psychose de la suspicion et de la peur de l&#8217;autre. A ceci s&#8217;ajoute concomitamment, l&#8217;ouverture des usines et commerces qui donnent les garanties requises de non contamination.<\/li>\n<li>un segment curatif, qui va \u00eatre exig\u00e9 d\u00e8s le 11 juin prochain, consistant en des barri\u00e8res sanitaires incontournables \u00e0 savoir, le masque, le lavage r\u00e9current des mains au savon, la stricte observation des r\u00e8gles d&#8217;hygi\u00e8ne dans les espaces collectifs de travail, la distanciation sociale. Notre pays a d\u00e9j\u00e0 pr\u00e9par\u00e9 tout ce qu&#8217;il faut pour ce faire : manuels et affichages d&#8217;information, spots m\u00e9dias de sensibilisation, production de masques en dizaines de millions, production exc\u00e9dentaire de produits de st\u00e9rilisation. En sachant que notre pays est totalement autosuffisant dans l&#8217;ensemble de ce dispositif curatif.<\/li>\n<li>un segment de vigilance, qui va pr\u00e9valoir pendant toute la phase du 11 juin jusqu&#8217;\u00e0 la d\u00e9couverte d&#8217;un traitement et\/ou d&#8217;un vaccin contre le coronavirus.<\/li>\n<\/ul>\n<p>Il consistera en deux comportements contradictoirement compl\u00e9mentaires :<\/p>\n<ul>\n<li>ouvrir graduellement les espaces de libert\u00e9 et de vie sociale tels que les caf\u00e9s et restaurants, les salles de sports, les comp\u00e9titions sportives grand public, les f\u00eates, les mosqu\u00e9es &#8230;etc<\/li>\n<li>observer d&#8217;un c\u00f4t\u00e9, un contr\u00f4le sans faille \u00e0 travers les d\u00e9pistages massifs et r\u00e9guliers, et l&#8217;inspection tr\u00e8s rapproch\u00e9e des infrastructures \u00e9conomiques et des prestataires administratifs et sociaux. Et pr\u00e9parer d&#8217;un autre c\u00f4t\u00e9, les infrastructures sanitaires \u00e0 l&#8217;\u00e9ventualit\u00e9 d&#8217;un retour de contaminations massives.<\/li>\n<\/ul>\n<p><span style=\"font-family: -apple-system, BlinkMacSystemFont, 'Segoe UI', Roboto, Oxygen-Sans, Ubuntu, Cantarell, 'Helvetica Neue', sans-serif;\">Comme quoi, la guerre contre le coronavirus est loin d&#8217;\u00eatre termin\u00e9e et encore moins gagn\u00e9e. Elle durera encore pendant 9 mois \u00e0 un an. De son c\u00f4t\u00e9, l&#8217;Etat devra continuer \u00e0 observer le m\u00eame niveau de comp\u00e9tence, d&#8217;engagement, de don de soi et de vigilance, et les citoyens de leur c\u00f4t\u00e9, devront pers\u00e9v\u00e9rer en sacrifices. Ils passeront des <\/span><strong style=\"font-family: -apple-system, BlinkMacSystemFont, 'Segoe UI', Roboto, Oxygen-Sans, Ubuntu, Cantarell, 'Helvetica Neue', sans-serif;\">sacrifices du dedans<\/strong><span style=\"font-family: -apple-system, BlinkMacSystemFont, 'Segoe UI', Roboto, Oxygen-Sans, Ubuntu, Cantarell, 'Helvetica Neue', sans-serif;\"> aux <\/span><strong style=\"font-family: -apple-system, BlinkMacSystemFont, 'Segoe UI', Roboto, Oxygen-Sans, Ubuntu, Cantarell, 'Helvetica Neue', sans-serif;\">sacrifices du dehors<\/strong><span style=\"font-family: -apple-system, BlinkMacSystemFont, 'Segoe UI', Roboto, Oxygen-Sans, Ubuntu, Cantarell, 'Helvetica Neue', sans-serif;\"> qui ne seront nullement moins contraignants. Si l&#8217;Etat tient aujourd&#8217;hui en main, les moyens du succ\u00e8s, le peuple, lui, tient en main la d\u00e9cision finale du succ\u00e8s contre le coronavirus.\u00a0\u00a0<\/span><\/p>\n<div id=\"para_5\" class=\"para_37285887 resize\">\n<div class=\"texte\">\n<div class=\"access firstletter\">\n<div><strong>Recueillis par L. E. A.<\/strong><\/div>\n<\/div>\n<\/div>\n<div class=\"clear\"><\/div>\n<\/div>\n","protected":false},"excerpt":{"rendered":"<p>1- Quels sont les p\u00e9rils d&#8217;un d\u00e9confinement mal ma\u00eetris\u00e9?\u00a0 C&#8217;est la perception et l&#8217;exercice du d\u00e9confinement par les gens, qui d\u00e9cidera de ce qui va arriver apr\u00e8s le 10 juin prochain. Si le d\u00e9confinement \u00e9quivaut certes, au retour \u00e0 une vie sociale et professionnelle normale, la notion de normalit\u00e9 ne devra\u00a0 plus avoir le m\u00eame [&hellip;]<\/p>\n","protected":false},"author":1,"featured_media":214,"comment_status":"open","ping_status":"open","sticky":false,"template":"","format":"standard","meta":{"pgc_sgb_lightbox_settings":""},"categories":[5,18,14],"tags":[],"yoast_head":"<!-- This site is optimized with the Yoast SEO plugin v15.9.2 - https:\/\/yoast.com\/wordpress\/plugins\/seo\/ -->\n<meta name=\"robots\" content=\"index, follow, max-snippet:-1, max-image-preview:large, max-video-preview:-1\" \/>\n<link rel=\"canonical\" href=\"https:\/\/najibmikou.com\/fr\/entretien-avec-najib-mikou-consultant-en-prospective-et-etudes-strategiques\/\" \/>\n<meta property=\"og:locale\" content=\"fr_FR\" \/>\n<meta property=\"og:type\" content=\"article\" \/>\n<meta property=\"og:title\" content=\"Mon entretien avec la presse au sujet du post-covid - Najib MIKOU\" \/>\n<meta property=\"og:description\" content=\"1- Quels sont les p\u00e9rils d&#8217;un d\u00e9confinement mal ma\u00eetris\u00e9?\u00a0 C&#8217;est la perception et l&#8217;exercice du d\u00e9confinement par les gens, qui d\u00e9cidera de ce qui va arriver apr\u00e8s le 10 juin prochain. Si le d\u00e9confinement \u00e9quivaut certes, au retour \u00e0 une vie sociale et professionnelle normale, la notion de normalit\u00e9 ne devra\u00a0 plus avoir le m\u00eame [&hellip;]\" \/>\n<meta property=\"og:url\" content=\"https:\/\/najibmikou.com\/fr\/entretien-avec-najib-mikou-consultant-en-prospective-et-etudes-strategiques\/\" \/>\n<meta property=\"og:site_name\" content=\"Najib MIKOU\" \/>\n<meta property=\"article:published_time\" content=\"2020-05-12T23:27:22+00:00\" \/>\n<meta property=\"article:modified_time\" content=\"2021-02-24T21:20:49+00:00\" \/>\n<meta property=\"og:image\" content=\"https:\/\/najibmikou.com\/fr\/wp-content\/uploads\/2020\/05\/Najib-Mikou-.jpeg\" \/>\n\t<meta property=\"og:image:width\" content=\"844\" \/>\n\t<meta property=\"og:image:height\" content=\"1072\" \/>\n<meta name=\"twitter:card\" content=\"summary_large_image\" \/>\n<meta name=\"twitter:label1\" content=\"Dur\u00e9e de lecture est.\">\n\t<meta name=\"twitter:data1\" content=\"4 minutes\">\n<script type=\"application\/ld+json\" class=\"yoast-schema-graph\">{\"@context\":\"https:\/\/schema.org\",\"@graph\":[{\"@type\":\"WebSite\",\"@id\":\"https:\/\/najibmikou.com\/fr\/#website\",\"url\":\"https:\/\/najibmikou.com\/fr\/\",\"name\":\"Najib MIKOU\",\"description\":\"\\u00c9crire c&#039;est contribuer \\u00e0 ce que le temps collectif ne se trompe pas de chemin\",\"potentialAction\":[{\"@type\":\"SearchAction\",\"target\":\"https:\/\/najibmikou.com\/fr\/?s={search_term_string}\",\"query-input\":\"required name=search_term_string\"}],\"inLanguage\":\"fr-FR\"},{\"@type\":\"ImageObject\",\"@id\":\"https:\/\/najibmikou.com\/fr\/entretien-avec-najib-mikou-consultant-en-prospective-et-etudes-strategiques\/#primaryimage\",\"inLanguage\":\"fr-FR\",\"url\":\"https:\/\/najibmikou.com\/fr\/wp-content\/uploads\/2020\/05\/Najib-Mikou-.jpeg\",\"width\":844,\"height\":1072},{\"@type\":\"WebPage\",\"@id\":\"https:\/\/najibmikou.com\/fr\/entretien-avec-najib-mikou-consultant-en-prospective-et-etudes-strategiques\/#webpage\",\"url\":\"https:\/\/najibmikou.com\/fr\/entretien-avec-najib-mikou-consultant-en-prospective-et-etudes-strategiques\/\",\"name\":\"Mon entretien avec la presse au sujet du post-covid - Najib MIKOU\",\"isPartOf\":{\"@id\":\"https:\/\/najibmikou.com\/fr\/#website\"},\"primaryImageOfPage\":{\"@id\":\"https:\/\/najibmikou.com\/fr\/entretien-avec-najib-mikou-consultant-en-prospective-et-etudes-strategiques\/#primaryimage\"},\"datePublished\":\"2020-05-12T23:27:22+00:00\",\"dateModified\":\"2021-02-24T21:20:49+00:00\",\"author\":{\"@id\":\"https:\/\/najibmikou.com\/fr\/#\/schema\/person\/ad833ab699d080f01dced99b1891ec1e\"},\"breadcrumb\":{\"@id\":\"https:\/\/najibmikou.com\/fr\/entretien-avec-najib-mikou-consultant-en-prospective-et-etudes-strategiques\/#breadcrumb\"},\"inLanguage\":\"fr-FR\",\"potentialAction\":[{\"@type\":\"ReadAction\",\"target\":[\"https:\/\/najibmikou.com\/fr\/entretien-avec-najib-mikou-consultant-en-prospective-et-etudes-strategiques\/\"]}]},{\"@type\":\"BreadcrumbList\",\"@id\":\"https:\/\/najibmikou.com\/fr\/entretien-avec-najib-mikou-consultant-en-prospective-et-etudes-strategiques\/#breadcrumb\",\"itemListElement\":[{\"@type\":\"ListItem\",\"position\":1,\"item\":{\"@type\":\"WebPage\",\"@id\":\"https:\/\/najibmikou.com\/fr\/\",\"url\":\"https:\/\/najibmikou.com\/fr\/\",\"name\":\"Accueil\"}},{\"@type\":\"ListItem\",\"position\":2,\"item\":{\"@type\":\"WebPage\",\"@id\":\"https:\/\/najibmikou.com\/fr\/entretien-avec-najib-mikou-consultant-en-prospective-et-etudes-strategiques\/\",\"url\":\"https:\/\/najibmikou.com\/fr\/entretien-avec-najib-mikou-consultant-en-prospective-et-etudes-strategiques\/\",\"name\":\"Mon entretien avec la presse au sujet du post-covid\"}}]},{\"@type\":\"Person\",\"@id\":\"https:\/\/najibmikou.com\/fr\/#\/schema\/person\/ad833ab699d080f01dced99b1891ec1e\",\"name\":\"Najib Mikou\",\"image\":{\"@type\":\"ImageObject\",\"@id\":\"https:\/\/najibmikou.com\/fr\/#personlogo\",\"inLanguage\":\"fr-FR\",\"url\":\"https:\/\/secure.gravatar.com\/avatar\/6dfd4a9a9096131eea6d80fb3de585a0?s=96&d=mm&r=g\",\"caption\":\"Najib Mikou\"},\"sameAs\":[\"http:\/\/najibmikou.com\/fr\"]}]}<\/script>\n<!-- \/ Yoast SEO plugin. -->","_links":{"self":[{"href":"https:\/\/najibmikou.com\/fr\/wp-json\/wp\/v2\/posts\/61"}],"collection":[{"href":"https:\/\/najibmikou.com\/fr\/wp-json\/wp\/v2\/posts"}],"about":[{"href":"https:\/\/najibmikou.com\/fr\/wp-json\/wp\/v2\/types\/post"}],"author":[{"embeddable":true,"href":"https:\/\/najibmikou.com\/fr\/wp-json\/wp\/v2\/users\/1"}],"replies":[{"embeddable":true,"href":"https:\/\/najibmikou.com\/fr\/wp-json\/wp\/v2\/comments?post=61"}],"version-history":[{"count":4,"href":"https:\/\/najibmikou.com\/fr\/wp-json\/wp\/v2\/posts\/61\/revisions"}],"predecessor-version":[{"id":1117,"href":"https:\/\/najibmikou.com\/fr\/wp-json\/wp\/v2\/posts\/61\/revisions\/1117"}],"wp:featuredmedia":[{"embeddable":true,"href":"https:\/\/najibmikou.com\/fr\/wp-json\/wp\/v2\/media\/214"}],"wp:attachment":[{"href":"https:\/\/najibmikou.com\/fr\/wp-json\/wp\/v2\/media?parent=61"}],"wp:term":[{"taxonomy":"category","embeddable":true,"href":"https:\/\/najibmikou.com\/fr\/wp-json\/wp\/v2\/categories?post=61"},{"taxonomy":"post_tag","embeddable":true,"href":"https:\/\/najibmikou.com\/fr\/wp-json\/wp\/v2\/tags?post=61"}],"curies":[{"name":"wp","href":"https:\/\/api.w.org\/{rel}","templated":true}]}}