{"id":410,"date":"2020-04-22T01:03:28","date_gmt":"2020-04-21T23:03:28","guid":{"rendered":"http:\/\/najibmikou.com\/fr\/?p=410"},"modified":"2021-03-14T16:26:16","modified_gmt":"2021-03-14T15:26:16","slug":"guerre-mondiale-on-y-est-deja","status":"publish","type":"post","link":"https:\/\/najibmikou.com\/fr\/guerre-mondiale-on-y-est-deja\/","title":{"rendered":"Guerre mondiale ! On y est d\u00e9j\u00e0"},"content":{"rendered":"<div class=\"chapeau\">\n<h3 class=\"access\">Une 3\u00e8me guerre mondiale chaotique est l\u00e0. Une r\u00e9elle opportunit\u00e9 o\u00f9 le monde a besoin de nouvelles lunettes et non de nouvelle vision.<\/h3>\n<\/div>\n<div class=\"entry-content instapaper_body\">\n<div id=\"para_1\" class=\"para_36601070 resize\">\n<div class=\"photo shadow right\"><a title=\"Najib Mikou, Consultant en Prospective, Etudes Strat\u00e9giques, Economiques, Financi\u00e8res et Sociales\" rel=\"https:\/\/www.lopinion.ma\/photo\/art\/grande\/45174061-36601070.jpg?v=1587563686&amp;ibox\"><img class=\"not-responsive alignright\" title=\"Najib Mikou, Consultant en Prospective, Etudes Strat\u00e9giques, Economiques, Financi\u00e8res et Sociales\" src=\"https:\/\/www.lopinion.ma\/photo\/art\/default\/45174061-36601070.jpg?v=1587563698\" alt=\"Najib Mikou, Consultant en Prospective, Etudes Strat\u00e9giques, Economiques, Financi\u00e8res et Sociales\"><\/a><\/div>\n<div class=\"texte\">\n<div class=\"access firstletter\">\n<div>En r\u00e9action \u00e0 mon article publi\u00e9 la semaine derni\u00e8re en langue arabe, sur &#8220;Les d\u00e9g\u00e2ts du Coronavirus et la responsabilit\u00e9 morale des grandes puissances&#8221;, des lecteurs m&#8217;ont dit que l&#8217;on s&#8217;achemine plut\u00f4t vers une 3\u00e8me guerre mondiale que vers un accouchement par c\u00e9sarienne d&#8217;un nouvel ordre mondial, dont je trace les contours positifs tel un humaniste d&#8217;un autre temps.Je leur ai r\u00e9torqu\u00e9 qu&#8217;on y est d\u00e9j\u00e0. Il n&#8217;y a pas plus \u00e9tat de guerre que celui que le monde vit actuellement. Des morts par dizaines de milliers, des pertes financi\u00e8res par milliers de milliards de dollars, des mises en ch\u00f4mage par dizaines de millions, des faillites d&#8217;entreprises par millions, un couvre-feu et son corollaire le confinement strict de milliards de personnes, &#8230;etc. Et elle a bien lieu entre les deux superpuissances du moment, la Chine et le Monde Occidental. Que faudrait-il de plus pour qu&#8217;on l&#8217;appelle 3\u00e8me guerre mondiale ?!!!<\/p>\n<p>Ils m&#8217;ont r\u00e9torqu\u00e9 que oui, mais elle n&#8217;est pas directe. Je leur ai dit qu&#8217;elle est bien directe, sauf qu&#8217;elle est aux armes biologiques invisibles \u00e0 l&#8217;\u0153il nu, au lieu des armes conventionnelles, et donc les arm\u00e9es et leur armada de technologies terre, ciel et mer, ne sont d&#8217;aucune utilit\u00e9 dans une telle guerre. Le monde a davantage diversifi\u00e9 et sophistiqu\u00e9 ses moyens meurtriers de faire la guerre g\u00e9n\u00e9ralis\u00e9e en ce 21\u00e8me si\u00e8cle.<\/p>\n<p>On est bel et bien et \u00e0 plein dans une 3\u00e8me guerre mondiale qui est survenue imm\u00e9diatement apr\u00e8s plusieurs mois de confrontations commerciales ouvertes entre la Chine et les \u00c9tats-Unis d&#8217;Am\u00e9rique.<\/p>\n<p>Les \u00e2pres n\u00e9gociations entre les deux bellig\u00e9rants, qui entrecoupaient les confrontations et les ultimatums, n&#8217;ont pas suffi pour calmer les ardeurs et se sont sold\u00e9es par un \u00e9chec cuisant, envelopp\u00e9 de tentatives de diversion pour mener en bateau l&#8217;opinion publique internationale et&#8230; gagner du temps.<\/p>\n<p>\u00c0 peine quelques jours apr\u00e8s cet \u00e9chec difficilement dissimulable, un Coronavirus d&#8217;une famille d\u00e9j\u00e0 connue, mais qui a mut\u00e9 nous dit-on, &#8220;\u00e9chappa&#8221; d&#8217;un animal en vente dans un march\u00e9 de quartier \u00e0 Wuhan, ou d&#8217;entre les doigts de techniciens dans un laboratoire, de niveau de dangerosit\u00e9 tr\u00e8s \u00e9lev\u00e9, dans la m\u00eame ville au Centre-Est de l&#8217;empire du Milieu.<\/p>\n<p>Il a suffi finalement d&#8217;un &#8220;rien&#8221;, d&#8217;une \u00e9tincelle banale, du moins officiellement, \u00e0 l&#8217;identique des \u00e9tincelles banales de la 1\u00e8re et de la 2\u00e8me guerres mondiales. Les \u00e9tincelles officielles des guerres se ressemblent, leurs enjeux \u00e9galement, mais pas les guerres elles-m\u00eames.<\/p>\n<p>Quoi de plus banal qu&#8217;un virus, jusqu&#8217;\u00e0 ce que les contaminations de Wuhan se multiplient, se faufilent et se propagent en un temps record, d&#8217;un Etat \u00e0 un autre, transper\u00e7ant, avec une aisance et un amateurisme d\u00e9concertants, les fronti\u00e8res tr\u00e8s perm\u00e9ables d&#8217;une plan\u00e8te mondialis\u00e9e, pour prendre la dimension d&#8217;une v\u00e9ritable pand\u00e9mie.<\/p>\n<p>Quels que soient les initiateurs de ce chaos&nbsp;pr\u00e9dit par la CIA en 2005 d\u00e9j\u00e0, et quel que soit le nom qu&#8217;on trouvera ou donnera \u00e0 ce g\u00e2chis, dont seuls des &#8220;animains&#8221; sont capables, la responsabilit\u00e9 collective des &#8220;grandes puissances&#8221; est av\u00e9r\u00e9e.<\/p>\n<p>Les d\u00e9g\u00e2ts collat\u00e9raux multidimensionnels, sur des pays dits du Sud, sont au stade actuel d\u00e9j\u00e0, un drame, un d\u00e9sastre, d\u00e9passant l&#8217;entendement \u00e0 tous points de vue et promettant d&#8217;en r\u00e9duire quelques-uns \u00e0 des Etats chaotiques ing\u00e9rables.<\/p>\n<p>Jusqu&#8217;\u00e0 quand devons-nous continuer \u00e0 subir les foudres de ces &#8220;grands&#8230; malades immatures&#8221; qui s&#8217;arrachent, au d\u00e9pend de pays inoffensifs et de la paix dans le monde, la supr\u00e9matie plan\u00e9taire au nom d&#8217;une puissance, certes jamais \u00e9gal\u00e9e, mais qui s&#8217;av\u00e8re incapable aujourd&#8217;hui, de vaincre un&#8230; virus microscopique ?!!!<\/p>\n<p>C&#8217;est path\u00e9tique, c&#8217;est pitoyable, c&#8217;est humainement, financi\u00e8rement, \u00e9conomiquement, socialement insupportable,&nbsp;inacceptable. Bien plus, c&#8217;est absurdissime et immoralissime.<\/p>\n<p>La r\u00e9paration de ce pr\u00e9judice incombe, par cons\u00e9quent, aux fossoyeurs, nos &#8220;grandes puissances&#8221;, qui doivent allouer les dons n\u00e9cessaires aux pays du Sud non p\u00e9troliers endommag\u00e9s, pour qu&#8217;ils parviennent \u00e0 endiguer l&#8217;effondrement en cours et \u00e0 redresser des secteurs \u00e9conomiques fortement atteints.<\/p>\n<p>C&#8217;est la condition sine qua none qui permettra aux dits pays du Sud de rebondir et de retrouver une nouvelle sant\u00e9 pour l&#8217;apr\u00e8s-guerre, au lieu d&#8217;\u00eatre astreints \u00e0 sombrer encore dans le cercle vicieux de l&#8217;endettement et des reconstructions \u00e0 r\u00e9p\u00e9tition, pour survivre.<\/p>\n<p>En tout cas, pour qu&#8217;il soit meilleur, le nouvel ordre mondial en perspective, aura in\u00e9luctablement besoin, d\u00e8s l&#8217;apr\u00e8s-guerre, que nous souhaitons imminente, plut\u00f4t de nouvelles lunettes que de nouvelle vision pour concevoir autrement tous les ingr\u00e9dients du bien-\u00eatre collectif dont il dispose d\u00e9j\u00e0.<\/p>\n<p>Son bras op\u00e9rationnel pour ce faire, consistera en une nouvelle gouvernance, qui soit plus repr\u00e9sentative, plus l\u00e9gitime, plus coll\u00e9giale, plus \u00e9clair\u00e9e, plus focalis\u00e9e sur le bien-\u00eatre humain, et donc port\u00e9e par des Hommes d&#8217;\u00c9tat sages et clairvoyants, de l&#8217;envergure et des qualit\u00e9s de Notre Souverain Qui a encore une fois impressionn\u00e9 le monde par une performance hors pair \u00e0 tous points de vue, dans la gestion de cette guerre chaotique, macabre.<\/p>\n<p>C&#8217;est \u00e0 ce prix que le monde pourra enterrer la hache ou, plut\u00f4t, le virus de la guerre et se d\u00e9faire d&#8217;un lib\u00e9ralisme sauvage, d&#8217;une mondialisation de dupes, d&#8217;une d\u00e9mocratie au service des minorit\u00e9s dominantes, pour prendre le cap d&#8217;un d\u00e9veloppement humaniste, \u00e9cologique, juste et durable<\/p>\n<p>La v\u00e9ritable puissance ne rime nullement avec arrogance, d\u00e9linquance, opulence, ing\u00e9rence, dominance et d\u00e9fiance de l&#8217;autre. Elle est plut\u00f4t obligeance, transcendance, bienveillance et reconnaissance des droits, ambitions et diff\u00e9rences de l&#8217;autre. Car il n&#8217;est pas forc\u00e9ment n\u00e9cessaire que je perde pour que tu gagnes, on peut ais\u00e9ment gagner tous ensemble. L&#8217;absurde n&#8217;est la fatalit\u00e9 que des ali\u00e9n\u00e9s.<\/p>\n<p><strong>Par Najib Mikou,<br \/>\n<\/strong><strong>Consultant en Prospective, Etudes Strat\u00e9giques, Economiques, Financi\u00e8res et Sociales&nbsp;<\/strong><\/p>\n<\/div>\n<\/div>\n<\/div>\n<\/div>\n<\/div>\n","protected":false},"excerpt":{"rendered":"<p>Une 3\u00e8me guerre mondiale chaotique est l\u00e0. Une r\u00e9elle opportunit\u00e9 o\u00f9 le monde a besoin de nouvelles lunettes et non de nouvelle vision. En r\u00e9action \u00e0 mon article publi\u00e9 la semaine derni\u00e8re en langue arabe, sur &#8220;Les d\u00e9g\u00e2ts du Coronavirus et la responsabilit\u00e9 morale des grandes puissances&#8221;, des lecteurs m&#8217;ont dit que l&#8217;on s&#8217;achemine plut\u00f4t [&hellip;]<\/p>\n","protected":false},"author":1,"featured_media":871,"comment_status":"open","ping_status":"open","sticky":false,"template":"","format":"standard","meta":{"pgc_sgb_lightbox_settings":""},"categories":[17,18,14],"tags":[],"yoast_head":"<!-- This site is optimized with the Yoast SEO plugin v15.9.2 - https:\/\/yoast.com\/wordpress\/plugins\/seo\/ -->\n<meta name=\"robots\" content=\"index, follow, max-snippet:-1, max-image-preview:large, max-video-preview:-1\" \/>\n<link rel=\"canonical\" href=\"https:\/\/najibmikou.com\/fr\/guerre-mondiale-on-y-est-deja\/\" \/>\n<meta property=\"og:locale\" content=\"fr_FR\" \/>\n<meta property=\"og:type\" content=\"article\" \/>\n<meta property=\"og:title\" content=\"Guerre mondiale ! On y est d\u00e9j\u00e0 - Najib MIKOU\" \/>\n<meta property=\"og:description\" content=\"Une 3\u00e8me guerre mondiale chaotique est l\u00e0. Une r\u00e9elle opportunit\u00e9 o\u00f9 le monde a besoin de nouvelles lunettes et non de nouvelle vision. En r\u00e9action \u00e0 mon article publi\u00e9 la semaine derni\u00e8re en langue arabe, sur &#8220;Les d\u00e9g\u00e2ts du Coronavirus et la responsabilit\u00e9 morale des grandes puissances&#8221;, des lecteurs m&#8217;ont dit que l&#8217;on s&#8217;achemine plut\u00f4t [&hellip;]\" \/>\n<meta property=\"og:url\" content=\"https:\/\/najibmikou.com\/fr\/guerre-mondiale-on-y-est-deja\/\" \/>\n<meta property=\"og:site_name\" content=\"Najib MIKOU\" \/>\n<meta property=\"article:published_time\" content=\"2020-04-21T23:03:28+00:00\" \/>\n<meta property=\"article:modified_time\" content=\"2021-03-14T15:26:16+00:00\" \/>\n<meta property=\"og:image\" content=\"https:\/\/najibmikou.com\/fr\/wp-content\/uploads\/2020\/04\/CovidPuissancemonde.jpg\" \/>\n\t<meta property=\"og:image:width\" content=\"560\" \/>\n\t<meta property=\"og:image:height\" content=\"300\" \/>\n<meta name=\"twitter:card\" content=\"summary_large_image\" \/>\n<meta name=\"twitter:label1\" content=\"Dur\u00e9e de lecture est.\">\n\t<meta name=\"twitter:data1\" content=\"5 minutes\">\n<script type=\"application\/ld+json\" class=\"yoast-schema-graph\">{\"@context\":\"https:\/\/schema.org\",\"@graph\":[{\"@type\":\"WebSite\",\"@id\":\"https:\/\/najibmikou.com\/fr\/#website\",\"url\":\"https:\/\/najibmikou.com\/fr\/\",\"name\":\"Najib MIKOU\",\"description\":\"\\u00c9crire c&#039;est contribuer \\u00e0 ce que le temps collectif ne se trompe pas de chemin\",\"potentialAction\":[{\"@type\":\"SearchAction\",\"target\":\"https:\/\/najibmikou.com\/fr\/?s={search_term_string}\",\"query-input\":\"required name=search_term_string\"}],\"inLanguage\":\"fr-FR\"},{\"@type\":\"ImageObject\",\"@id\":\"https:\/\/najibmikou.com\/fr\/guerre-mondiale-on-y-est-deja\/#primaryimage\",\"inLanguage\":\"fr-FR\",\"url\":\"https:\/\/najibmikou.com\/fr\/wp-content\/uploads\/2020\/04\/CovidPuissancemonde.jpg\",\"width\":560,\"height\":300},{\"@type\":\"WebPage\",\"@id\":\"https:\/\/najibmikou.com\/fr\/guerre-mondiale-on-y-est-deja\/#webpage\",\"url\":\"https:\/\/najibmikou.com\/fr\/guerre-mondiale-on-y-est-deja\/\",\"name\":\"Guerre mondiale ! On y est d\\u00e9j\\u00e0 - Najib MIKOU\",\"isPartOf\":{\"@id\":\"https:\/\/najibmikou.com\/fr\/#website\"},\"primaryImageOfPage\":{\"@id\":\"https:\/\/najibmikou.com\/fr\/guerre-mondiale-on-y-est-deja\/#primaryimage\"},\"datePublished\":\"2020-04-21T23:03:28+00:00\",\"dateModified\":\"2021-03-14T15:26:16+00:00\",\"author\":{\"@id\":\"https:\/\/najibmikou.com\/fr\/#\/schema\/person\/ad833ab699d080f01dced99b1891ec1e\"},\"breadcrumb\":{\"@id\":\"https:\/\/najibmikou.com\/fr\/guerre-mondiale-on-y-est-deja\/#breadcrumb\"},\"inLanguage\":\"fr-FR\",\"potentialAction\":[{\"@type\":\"ReadAction\",\"target\":[\"https:\/\/najibmikou.com\/fr\/guerre-mondiale-on-y-est-deja\/\"]}]},{\"@type\":\"BreadcrumbList\",\"@id\":\"https:\/\/najibmikou.com\/fr\/guerre-mondiale-on-y-est-deja\/#breadcrumb\",\"itemListElement\":[{\"@type\":\"ListItem\",\"position\":1,\"item\":{\"@type\":\"WebPage\",\"@id\":\"https:\/\/najibmikou.com\/fr\/\",\"url\":\"https:\/\/najibmikou.com\/fr\/\",\"name\":\"Accueil\"}},{\"@type\":\"ListItem\",\"position\":2,\"item\":{\"@type\":\"WebPage\",\"@id\":\"https:\/\/najibmikou.com\/fr\/guerre-mondiale-on-y-est-deja\/\",\"url\":\"https:\/\/najibmikou.com\/fr\/guerre-mondiale-on-y-est-deja\/\",\"name\":\"Guerre mondiale ! On y est d\\u00e9j\\u00e0\"}}]},{\"@type\":\"Person\",\"@id\":\"https:\/\/najibmikou.com\/fr\/#\/schema\/person\/ad833ab699d080f01dced99b1891ec1e\",\"name\":\"Najib Mikou\",\"image\":{\"@type\":\"ImageObject\",\"@id\":\"https:\/\/najibmikou.com\/fr\/#personlogo\",\"inLanguage\":\"fr-FR\",\"url\":\"https:\/\/secure.gravatar.com\/avatar\/6dfd4a9a9096131eea6d80fb3de585a0?s=96&d=mm&r=g\",\"caption\":\"Najib Mikou\"},\"sameAs\":[\"http:\/\/najibmikou.com\/fr\"]}]}<\/script>\n<!-- \/ Yoast SEO plugin. -->","_links":{"self":[{"href":"https:\/\/najibmikou.com\/fr\/wp-json\/wp\/v2\/posts\/410"}],"collection":[{"href":"https:\/\/najibmikou.com\/fr\/wp-json\/wp\/v2\/posts"}],"about":[{"href":"https:\/\/najibmikou.com\/fr\/wp-json\/wp\/v2\/types\/post"}],"author":[{"embeddable":true,"href":"https:\/\/najibmikou.com\/fr\/wp-json\/wp\/v2\/users\/1"}],"replies":[{"embeddable":true,"href":"https:\/\/najibmikou.com\/fr\/wp-json\/wp\/v2\/comments?post=410"}],"version-history":[{"count":3,"href":"https:\/\/najibmikou.com\/fr\/wp-json\/wp\/v2\/posts\/410\/revisions"}],"predecessor-version":[{"id":1527,"href":"https:\/\/najibmikou.com\/fr\/wp-json\/wp\/v2\/posts\/410\/revisions\/1527"}],"wp:featuredmedia":[{"embeddable":true,"href":"https:\/\/najibmikou.com\/fr\/wp-json\/wp\/v2\/media\/871"}],"wp:attachment":[{"href":"https:\/\/najibmikou.com\/fr\/wp-json\/wp\/v2\/media?parent=410"}],"wp:term":[{"taxonomy":"category","embeddable":true,"href":"https:\/\/najibmikou.com\/fr\/wp-json\/wp\/v2\/categories?post=410"},{"taxonomy":"post_tag","embeddable":true,"href":"https:\/\/najibmikou.com\/fr\/wp-json\/wp\/v2\/tags?post=410"}],"curies":[{"name":"wp","href":"https:\/\/api.w.org\/{rel}","templated":true}]}}