{"id":406,"date":"2020-06-11T01:01:32","date_gmt":"2020-06-10T23:01:32","guid":{"rendered":"http:\/\/najibmikou.com\/fr\/?p=406"},"modified":"2021-02-16T21:47:48","modified_gmt":"2021-02-16T20:47:48","slug":"prospective-monde-et-maroc-postcorona-ce-qui-va-changer-ce-qui-doit-changer-nos-fenetres-dopportunites-nos-atouts-et-nos-priorites-strategiques","status":"publish","type":"post","link":"https:\/\/najibmikou.com\/fr\/prospective-monde-et-maroc-postcorona-ce-qui-va-changer-ce-qui-doit-changer-nos-fenetres-dopportunites-nos-atouts-et-nos-priorites-strategiques\/","title":{"rendered":"Prospective Monde et Maroc postcorona : ce qui va changer, ce qui doit changer, nos fen\u00eatres d&#8217;opportunit\u00e9s, nos atouts et nos priorit\u00e9s strat\u00e9giques"},"content":{"rendered":"<div class=\"titre\">\n<h4 class=\"access\"><span style=\"font-size: 1.563em; font-family: -apple-system, BlinkMacSystemFont, 'Segoe UI', Roboto, Oxygen-Sans, Ubuntu, Cantarell, 'Helvetica Neue', sans-serif;\">\u00c0 en croire des voix et des plumes qui foisonnent par-ci et par-l\u00e0, le postcorona sonnera et r\u00e9sonnera la fin d&#8217;une plan\u00e8te mondialis\u00e9e, o\u00f9 les pays ont d\u00e9localis\u00e9 toute activit\u00e9 non comp\u00e9titive sur leur sol, pour un retour aux \u00c9tats forteresses, attach\u00e9s \u00e0 leur souverainet\u00e9 dans tous les domaines, quel qu&#8217;en soit le prix.<\/span><\/h4>\n<\/div>\n<div class=\"entry-content instapaper_body\"><br id=\"sep_para_1\" class=\"sep_para access\"><\/p>\n<div id=\"para_1\" class=\"para_37389845 resize\">\n<div class=\"photo shadow right\"><img class=\"not-responsive alignleft\" title=\"Najib Mikou, Consultant en Prospective et Etudes Strat\u00e9giques.\" src=\"https:\/\/www.lopinion.ma\/photo\/art\/default\/47102625-37389845.jpg?v=1591829087\" alt=\"Najib Mikou, Consultant en Prospective et Etudes Strat\u00e9giques.\"><\/p>\n<div class=\"legende legende_37389845\">Najib Mikou, Consultant en Prospective et Etudes Strat\u00e9giques.<\/div>\n<\/div>\n<div class=\"texte\">\n<div class=\"access firstletter\">\n<div>Coronavirus oblige, personne ne veut plus entendre parler d&#8217;une Chine lointaine qui fournit l&#8217;essentiel du monde, du fin d\u00e9tail de ses besoins domestiques, jusqu&#8217;au plus complexe de ses besoins technologiques. Personne ne veut plus \u00eatre tributaire d&#8217;un fournisseur \u00e9tranger, trop loin qui plus est, pour disposer de ses m\u00e9dicaments, de ses masques, de ses boulons, de ses pneus, de ses ordinateurs, de ses pi\u00e8ces de rechange, de ses briquets, de son riz, de ses frigidaires, de ses balais, de ses moteurs, de ses ventilateurs et j&#8217;en passe. L&#8217;on ne parle plus que de relocalisations \u00e0 outrance ou \u00e0 d\u00e9faut, de relocalisations de Chine mix\u00e9e avec d\u00e9localisations partielles dans la p\u00e9riph\u00e9rie imm\u00e9diate des pays &#8220;relocalisateurs&#8221;.<\/p>\n<p>Outre les pertes consid\u00e9rables et d\u00e9plorables en vies humaines, la pand\u00e9mie du Coronavirus a eu l&#8217;effet d&#8217;un tsunami \u00e9conomique cataclysmique, d&#8217;une ampleur pire que celle des films noirs de science-fiction, ayant entra\u00een\u00e9 pour le moins, un d\u00e9sastre psychologique et social et une turbulence sans pr\u00e9c\u00e9dent, au niveau du pilotage politique dans chacun des \u00c9tats, \u00e0 commencer par les plus puissants.<br \/>\nSans vouloir basculer vers de la voyance politico-\u00e9conomique, tellement chacun s&#8217;impatiente \u00e0 vouloir savoir \u00e0 quoi ressemblerait le monde d&#8217;apr\u00e8s, il est n\u00e9cessaire de rappeler une v\u00e9rit\u00e9 et de partager une complexit\u00e9, avant de tenter une projection de l&#8217;avenir proche.<br \/>\n&nbsp;<\/p>\n<\/div>\n<ul>\n<li><strong>Pour la v\u00e9rit\u00e9<\/strong>, les &#8221;d\u00e9m\u00e9nagements&#8221; d&#8217;industries de la Chine, parce que c&#8217;est bien de la Chine qu&#8217;il s&#8217;agit, est un processus qui a \u00e9t\u00e9 enclench\u00e9 par les grandes multinationales depuis au moins dix ans. Il a m\u00eame \u00e9t\u00e9 attis\u00e9 davantage avec l&#8217;av\u00e8nement de M. Trump \u00e0 la t\u00eate des Etats-Unis d&#8217;Am\u00e9rique.<\/li>\n<\/ul>\n<div>L&#8217;on assiste depuis lors, \u00e0 un red\u00e9ploiement vers d&#8217;autres pays asiatiques tels que le Vietnam, le Bangladesh, le N\u00e9pal, la Malaisie, l&#8217;Indon\u00e9sie et m\u00eame l&#8217;Inde. Sans compter les quatre NPI qui font partie aujourd&#8217;hui des pays d\u00e9velopp\u00e9s, \u00e0 savoir la Cor\u00e9e du Sud, Singapour, Ta\u00efwan et Hong Kong.<\/p>\n<p>Il est \u00e0 pr\u00e9ciser que ce processus ne s&#8217;est pas mis en place par la seule volont\u00e9 des occidentaux pour r\u00e9duire un tant soit peu, leur d\u00e9pendance de la Chine, mais \u00e9galement par la b\u00e9n\u00e9diction de la Chine elle-m\u00eame, qui va au-del\u00e0 de contingences tactiques, pour l&#8217;inscrire dans le cadre d&#8217;une vision autrement plus strat\u00e9gique, \u00e9dict\u00e9e par la donne du co\u00fbt de plus en plus \u00e9lev\u00e9 du travail chez elle, et par sa &#8220;Route de la soie&#8221; qui traverse d\u00e9j\u00e0 plus de 55 pays o\u00f9 elle a inject\u00e9 des centaines de milliards de dollars d&#8217;investissement.<br \/>\n&nbsp;<\/p>\n<\/div>\n<ul>\n<li><strong>Quant \u00e0 la complexit\u00e9<\/strong>, les relocalisations ne se d\u00e9cr\u00e8tent malheureusement pas par coup de baguette magique et des abracadabra. Elles se mesurent par leur opportunit\u00e9 r\u00e9elle, leur co\u00fbt, les nouveaux bassins d&#8217;accueil potentiels et le temps qu&#8217;elles devraient prendre pour devenir effectives.<\/li>\n<\/ul>\n<div>Le monde est all\u00e9 bien trop loin dans une logique de division du travail, de co\u00fbt de revient, de comp\u00e9titivit\u00e9 et de prix, qui va au-del\u00e0 du seul aspect \u00e9conomique et financier, d\u00e9j\u00e0 tr\u00e8s favorable pour l&#8217;Asie, pour avoir des imbrications et des soubassements politiques et sociaux tr\u00e8s complexes.<br \/>\n&nbsp;<\/div>\n<ul>\n<li><strong>Concernant la tentative de projection de l&#8217;avenir proche<\/strong>, rien n&#8217;est \u00e9videmment jamais immuable, il n&#8217;y a m\u00eame d&#8217;\u00e9ternel que le changement. Mais le retour du Monde au point de d\u00e9part en faisant le trajet parcouru en marche-arri\u00e8re, n&#8217;est pas seulement inconcevable, il est suicidaire, hors de prix \u00e0 tous points de vue et min\u00e9 d&#8217;emb\u00fbches. Et par cons\u00e9quent, rien ne pourra le justifier, quand bien m\u00eame un Coronavirus aussi d\u00e9vastateur. L&#8217;enjeu est civilisationnel. L&#8217;humanit\u00e9 n&#8217;avance jamais \u00e0 reculons. Elle le fait par accumulations progressives et non par d\u00e9constructions compulsives. C&#8217;est juste le temps du futur qui change de vitesse.<\/li>\n<\/ul>\n<div>Apr\u00e8s la fi\u00e8vre du Coronavirus, la terre restera assur\u00e9ment, incontestablement dans son orbite, les retours massifs au bercail originel, de grandes enseignes internationales, n&#8217;auront pas lieu et les superpuissances rebondiront de plus bel, quoiqu\u2019avec des \u00e9gratignures ou \u00e9corchures ou m\u00eame de profondes cicatrices pour les uns, et des plumes et des griffes de plus pour d&#8217;autres.<\/p>\n<p>Le background et les enjeux sont tellement grands, tellement imbriqu\u00e9s, que personne n&#8217;a la capacit\u00e9 ni les conditions r\u00e9unies en sa faveur aujourd&#8217;hui, pour enterrer l&#8217;autre. Chacun a m\u00eame peur de perdre son ennemi du moment, de peur qu&#8217;il ne se retrouve seul face au chaos ing\u00e9rable. Chacun est en train de compter ses moindres pas, alors m\u00eame qu&#8217;il est noy\u00e9 jusqu&#8217;au cou dans cette affreuse et puante m\u00e9lasse provoqu\u00e9e par ce maudit Coronavirus. Mais, est-ce \u00e0 dire que rien ne va changer, alors que les ravages sont in\u00e9dits, tout comme les amateurismes dans la propagation et la gestion de ce Coronavirus?!!<\/p>\n<p>Au vu de ce qui pr\u00e9c\u00e8de, des changements auront \u00e9videmment, in\u00e9luctablement, in\u00e9vitablement lieu, mais pas dans le sens des bouleversements \u00e9pidermiques annonc\u00e9s ou revendiqu\u00e9s. Les Etats changeront tout pour que rien de structurellement profond ne change.<\/p>\n<p>L&#8217;essentiel des changements pr\u00e9visibles et m\u00eame n\u00e9cessaires, se fera bien plus dans le sens d<strong>&#8216;une meilleure s\u00e9curisation que d&#8217;une relocalisation de l&#8217;approvisionnement des march\u00e9s internationaux et d&#8217;une &#8221;remondialisation&#8221; plus juste que d&#8217;une mondialisation de dupes.<\/strong><br \/>\nL&#8217;exigence des Etats se fera dor\u00e9navant sur ces deux registres :<br \/>\n&nbsp;<\/p>\n<\/div>\n<ul>\n<li>Corona ou pire que Corona, toutes les conditions doivent \u00eatre r\u00e9unies et assur\u00e9es pour que&nbsp;<strong>l&#8217;amont production et la supply chain<\/strong>&nbsp;soient totalement fiables, verrouill\u00e9es, imperturbables.<\/li>\n<\/ul>\n<div>Le niveau d&#8217;exigence et donc d&#8217;effort, sera par cons\u00e9quent, port\u00e9 sur les pays fournisseurs qui seront jug\u00e9s sur leur capacit\u00e9 \u00e0 se conformer \u00e0 des cahiers de charges normalis\u00e9s, tr\u00e8s contraignants et tr\u00e8s stricts. C&#8217;est \u00e0 ce prix, et seulement \u00e0 celui-ci, que les pays importateurs pourront se prot\u00e9ger contre l&#8217;impr\u00e9visible et rassurer leurs citoyens aujourd&#8217;hui affol\u00e9s par l&#8217;amateurisme d\u00e9couvert subitement \u00e0 cause du Coronavirus.<\/div>\n<ul>\n<li>La mondialisation va graduellement cesser d&#8217;\u00eatre un march\u00e9 de dupes, dont profitent quelques nations au d\u00e9pend de tout le reste. L&#8217;on assistera plut\u00f4t \u00e0 une &#8221;remondialisation&#8221; qu&#8217;\u00e0 une &#8221;d\u00e9mondialisation&#8221;. Les Etats-Unis d&#8217;Am\u00e9rique iront jusqu&#8217;au bout dans leur guerre commerciale avec la Chine pour en tirer &#8230; les moindres pertes pour elles. La priorit\u00e9 et la pr\u00e9f\u00e9rence nationales referont surface et gagneront du terrain au fur et \u00e0 mesure, au grand profit des \u00e9conomies nationales. La propri\u00e9t\u00e9 intellectuelle sera plus jalousement prot\u00e9g\u00e9e. Les accords multilat\u00e9raux et bilat\u00e9raux seront davantage revus et corrig\u00e9s, et par cons\u00e9quent, des barri\u00e8res tarifaires vont \u00eatre de nouveau \u00e9rig\u00e9es \u00e0 des niveaux diff\u00e9renci\u00e9s, face aux importations, aussi bien pour prot\u00e9ger et d\u00e9velopper les productions nationales existantes, envisager des perspectives de r\u00e9activation de celles qui ont disparu, que pour engranger des recettes fiscales n\u00e9cessaires aux \u00e9quilibres budg\u00e9taires. Les barri\u00e8res extratarifaires, seront, elles aussi, davantage sophistiqu\u00e9es et remises \u00e0 l&#8217;\u00e8re du temps pour assurer tous les r\u00f4les qu&#8217;on leur assignera<\/li>\n<\/ul>\n<div>\nCeci dit, les mouvements de red\u00e9ploiements cibl\u00e9s et non de relocalisations massives, vont continuer tel que cit\u00e9 plus haut. Les uns pour des raisons de r\u00e9duction de d\u00e9pendance du monofournisseur pour moult raisons, les autres pour des consid\u00e9rations d&#8217;expansion et d&#8217;infiltration g\u00e9ostrat\u00e9gique.<\/p>\n<p>Quelles qu&#8217;en soient les raisons des uns et des autres, de grandes fen\u00eatres d&#8217;opportunit\u00e9s vont s&#8217;offrir \u00e0 notre pays avec justement les uns et les autres, de P\u00e9kin \u00e0 Washington. De m\u00eame que de grandes perspectives s&#8217;ouvriront \u00e0 notre pays gr\u00e2ce \u00e0 une &#8221;remondialisation&#8221; apais\u00e9e, et lui permettront notamment, de d\u00e9velopper et renforcer ses performances \u00e9conomiques.<\/p>\n<p><strong>I- Nos sept atouts majeurs :<\/strong><\/p>\n<p>Le Maroc est aujourd&#8217;hui, plus que jamais auparavant, un carrefour d&#8217;atouts multidimensionnels consid\u00e9rables. Il compte \u00e0 lui seul, au moins les sept atouts majeurs et compl\u00e9mentaires ci-apr\u00e8s, dont plusieurs pays r\u00e9unis ne disposent pas, et qui lui permettent de cocher les principales cases de stabilit\u00e9, de s\u00e9rieux, de cr\u00e9dibilit\u00e9, de fiabilit\u00e9, d&#8217;expertise et de constance, n\u00e9cessaires au choix de bassins de red\u00e9ploiements alternatifs strat\u00e9giques par les diff\u00e9rentes puissances \u00e9conomiques mondiales :<\/p>\n<p>1- Il a pour lui sa position g\u00e9ographique d&#8217;ancrage, d&#8217;intime proximit\u00e9 et de passage oblig\u00e9 avec l&#8217;Afrique, l&#8217;Europe, le Monde Arabe, l&#8217;Am\u00e9rique et l&#8217;Asie. Sans rappeler que l&#8217;\u00e9loignement aujourd&#8217;hui n&#8217;est plus spatial, il est temporel et donc en termes de transit time, le Maroc est \u00e0 quelques heures et quelques jours des recoins du monde les plus \u00e9loign\u00e9s.<\/p>\n<p>2- Il a pour lui sa stabilit\u00e9 politique bien assise et garantie par son r\u00e9gime politique plusieurs fois centenaire et fortement ancr\u00e9 dans sa culture ind\u00e9l\u00e9bile, bien plus que dans sa nature. Ce qui fait de lui un partenaire s\u00fbr et constant qui rassure les d\u00e9cideurs financiers et commerciaux internationaux.<\/p>\n<p>3- Il a d\u00e9montr\u00e9 au Monde combien il est capable d&#8217;anticiper, de g\u00e9rer, de r\u00e9agir, de tenir avec la force de ses mains, de ses comp\u00e9tences et de son sens du devoir et du don de soi, la pire crise qui puisse s&#8217;abattre sur l&#8217;humanit\u00e9, sur lui, alors qu&#8217;il n&#8217;est ni une superpuissance \u00e9conomique ni \u00e9nerg\u00e9tique. Ce qui renforce consid\u00e9rablement sa cr\u00e9dibilit\u00e9 et son capital confiance \u00e0 l&#8217;international.<\/p>\n<p>4- Il a pour lui son ouverture \u00e9conomique et commerciale sur le monde \u00e0 travers des Accords de Libre \u00c9change avec l&#8217;essentiel des grands march\u00e9s mondiaux. De m\u00eame qu&#8217;il s&#8217;est fait la main des d\u00e9cennies durant, sur les march\u00e9s les plus exigeants au monde en termes de r\u00e9gularit\u00e9 d&#8217;approvisionnement en qualit\u00e9 et quantit\u00e9s, et a par cons\u00e9quent, beaucoup gagn\u00e9 en image en tant que partenaire cr\u00e9dible et fiable. Ce qui renforce consid\u00e9rablement sa position dans tous les partenariats triangulaires qui peuvent \u00eatre b\u00e2tis entre diff\u00e9rentes zones commerciales du Monde.<\/p>\n<p>5- Il dispose d&#8217;infrastructures financi\u00e8res, autorouti\u00e8res, portuaires, a\u00e9roportuaires, de t\u00e9l\u00e9communications, des plus performantes au monde, le pr\u00e9disposant \u00e0 jouer le r\u00f4le de Hub financier, logistique et commercial de premier choix.<\/p>\n<p>6- Il a des infrastructures de production aussi bien agricoles qu&#8217;industrielles, qui rivalisent en termes de process de qualit\u00e9, avec des pays d\u00e9velopp\u00e9s. Sans occulter ses capacit\u00e9s de production exprim\u00e9es et dormantes qui d\u00e9passent de tr\u00e8s loin ses r\u00e9alisations actuelles et font de lui un producteur et pourvoyeur de choix des grands march\u00e9s internationaux.<\/p>\n<p>7- Il a une population et une jeunesse, tout aussi tol\u00e9rantes et ouvertes \u00e0 &#8221;l&#8217;\u00e9tranger&#8221;, que pr\u00eates \u00e0 mordre pour produire, investir, s&#8217;en sortir, gagner de l&#8217;argent, avancer vers un nouveau cap de d\u00e9veloppement et de justice sociale.<\/p>\n<p><strong>II- Nos sept priorit\u00e9s strat\u00e9giques majeures :<\/strong><\/p>\n<p>Mais notre pays ne peut ni ne doit envisager son postcorona avec des yeux totalement riv\u00e9s sur les seules fen\u00eatres que lui ouvrirait le monde ext\u00e9rieur, et des moyens int\u00e9gralement mobilis\u00e9s au profit des seuls enjeux strat\u00e9giques et \u00e9conomiques mondiaux. Il a dans le m\u00eame temps, besoin d&#8217;une vision qui int\u00e8gre tous les socles strat\u00e9giques prioritaires pour ses propres populations et pour son statut d&#8217;Etat souverain. Les deux aspects \u00e9tant d&#8217;ailleurs, compl\u00e9mentaires, se croisent et se renforcent mutuellement.<\/p>\n<p>Notre pays doit n\u00e9cessairement s&#8217;approprier les sept priorit\u00e9s strat\u00e9giques majeures ci-apr\u00e8s, pour tenir ainsi compte, aussi bien de ses propres ambitions et obligations endog\u00e8nes, que des changements en perspective \u00e0 l&#8217;\u00e9chelle mondiale, en termes de red\u00e9ploiements et de &#8221;remondialisation&#8221; :<\/p>\n<p>1- le socle strat\u00e9gique sanitaire pour prot\u00e9ger la sant\u00e9 physique et mentale de ses populations \u00e0 travers une sant\u00e9 publique performante, gratuite et accessible. Mais encore pour d\u00e9velopper un v\u00e9ritable \u00e9cosyst\u00e8me de l&#8217;industrie sanitaire qui offre \u00e0 nos concitoyens et aux march\u00e9s internationaux leurs besoins dans ce domaine.<\/p>\n<p>2- le socle strat\u00e9gique alimentaire pour subvenir \u00e0 l&#8217;essentiel de nos besoins alimentaires et fournir aux march\u00e9s mondiaux nos produits frais biologiques, halal et conventionnels, nos produits v\u00e9g\u00e9taux et animaux transform\u00e9s, nos produits de terroir qui jouissent de diversit\u00e9 et d&#8217;authenticit\u00e9.<\/p>\n<p>3- le socle strat\u00e9gique \u00e9nerg\u00e9tique pour disposer du seuil strat\u00e9gique n\u00e9cessaire en la mati\u00e8re, de ses propres outils de r\u00e9gulation et d&#8217;approvisionnement strat\u00e9gique, pour \u00e9tendre et d\u00e9velopper davantage ses \u00e9nergies renouvelables et adapter les infrastructures de leur acheminement vers le consommateur national et international.<\/p>\n<p>4- le socle strat\u00e9gique num\u00e9rique en se dotant des infrastructures productrices du tr\u00e8s haut d\u00e9bit et en acc\u00e9dant de plain-pied \u00e0 l&#8217;\u00e8re de la digitalisation tout azimut, afin d&#8217;am\u00e9liorer les performances de notre tissu \u00e9conomique, de profiter des tr\u00e8s grandes opportunit\u00e9s du commerce \u00e9lectronique et de moderniser et fluidifier notre gouvernance publique.<\/p>\n<p>5- le socle strat\u00e9gique social en formant les ressources humaines n\u00e9cessaires en nombre et en comp\u00e9tences pour doter nos secteurs \u00e9conomiques et sociaux, actuels et en perspective, des profils et effectifs idoines, et en mettant en place les outils ad\u00e9quats de motivation pour les maintenir dans leur pays et pour convaincre le plus grand nombre de nos comp\u00e9tences nationales \u00e0 l&#8217;\u00e9tranger de rejoindre leur pays. De m\u00eame que parmi les composantes du socle social, figurent le n\u00e9cessaire bien-\u00eatre, l&#8217;\u00e9panouissement et la joie de vivre individuels et collectifs, le transfert de la juste part du capital vers le travail, l&#8217;\u00e9largissement de la classe moyenne, le d\u00e9veloppement du monde rural, et la mise en place de filets sociaux \u00e0 mailles tr\u00e8s fines pour endiguer toutes nos vuln\u00e9rabilit\u00e9s sociales.<\/p>\n<p>6- le socle strat\u00e9gique des r\u00e9serves de change, en insufflant une v\u00e9ritable culture de l&#8217;export, en d\u00e9veloppant ses secteurs d&#8217;exportation actuels et en perspective, en \u00e9largissant d&#8217;une fa\u00e7on significative son offre touristique \u00e0 son patrimoine culturel et \u00e0 sa grande diversit\u00e9 florale, aux c\u00f4t\u00e9s du baln\u00e9aire, et en mettant en place tous les outils d&#8217;attractivit\u00e9 des fonds en devises, aussi bien de nos compatriotes r\u00e9sidents \u00e0 l&#8217;\u00e9trangers que d&#8217;investisseurs \u00e9trangers potentiels.<\/p>\n<p>7- le socle strat\u00e9gique \u00e9cologique notamment, en d\u00e9fendant la cause \u00e9cologique au niveau mondial, en entamant la conversion de segments industriels en industrie verte, en d\u00e9veloppant un parc cons\u00e9quent de mobilit\u00e9 verte, en r\u00e9alisant les autoroutes hydriques et les centrales hydriques, et en renfor\u00e7ant notre parc forestier par la plantation et le renouvellement de millions d&#8217;hectares de for\u00eats qui constitueront dans le m\u00eame temps, le noyau focal d&#8217;un nouvel \u00e9cosyst\u00e8me industriel.<\/p>\n<p>Tout, absolument tout, pr\u00e9destine le Maroc aujourd&#8217;hui, \u00e0 transformer le &#8220;set&#8221; et faire du postcorona une v\u00e9ritable opportunit\u00e9 d&#8217;essor \u00e9conomique, de d\u00e9veloppement social et de positionnement international. Comment le dire, comment le crier suffisamment, comment en convaincre notre gouvernement pour qu&#8217;il prenne toute la mesure des v\u00e9ritables priorit\u00e9s strat\u00e9giques, potentialit\u00e9s et atouts de notre pays?!!!<br \/>\nLe futur proche ne doit \u00eatre otage de nos complexes d&#8217;inf\u00e9riorit\u00e9 engouffr\u00e9s, qui nous aveuglent, ni ligot\u00e9 par des visions \u00e9triqu\u00e9es, ni hypoth\u00e9qu\u00e9 par des approches sectorielles manquant de coh\u00e9rence et de compatibilit\u00e9, ni encore moins sacrifi\u00e9 \u00e0 des repl\u00e2trages et rafistolages totalement d\u00e9connect\u00e9s et d\u00e9cal\u00e9s du temps politique, \u00e9conomique et social que nous vivons actuellement, et des esp\u00e9rances n\u00e9es de tout cela.<\/p>\n<p>Le message ne s&#8217;adresse pas moins \u00e0 la Commission Sp\u00e9ciale du Mod\u00e8le de D\u00e9veloppement qui doit saisir toute la dimension des atouts et des ambitions de notre Monarque, de notre peuple, de notre Maroc. Pas moins que ceux-l\u00e0.<\/p>\n<p>Mais tout ceci ne suffira malheureusement pas si notre gouvernance globale ne se mettra pas en musique et au diapason des d\u00e9fis de la t\u00e2che, dans le cadre d&#8217;une d\u00e9mocratie &#8221;g\u00e9n\u00e9ration 2.0&#8221;, fortement insuffl\u00e9e par le mode de gouvernance et les acquis de la crise du Coronavirus, que nul parmi nous n&#8217;est pr\u00eat ni d&#8217;oublier ni encore moins d&#8217;abandonner.<\/p>\n<p>Les aspirations et esp\u00e9rances collectives actuelles, vont vers au moins autant de BNB (Bonheur National Brut) que de PNB (Produit National Brut), autant de justice sociale que de croissance forte et durable, autant de biens communs que de biens priv\u00e9s et de m\u00e9ritocratie, autant de Connaissances, d&#8217;intelligence, de diversit\u00e9 culturelle, de comp\u00e9tences et d&#8217;universalit\u00e9 que de biens mat\u00e9riels, autant de s\u00e9r\u00e9nit\u00e9 et de coh\u00e9sion int\u00e9rieures que de rayonnement international, autant de patriotisme, d&#8217;altruisme, de don de soi et de rage \u00e0 servir&nbsp;<strong>LE MAROC&nbsp;<\/strong>que d&#8217;ambitions propres, m\u00e9ritoires et l\u00e9gitimes. Ce dont il s&#8217;agit l\u00e0 s&#8217;appelle un Etat, une Nation mill\u00e9naires.<\/p>\n<\/div>\n<\/div>\n<\/div>\n<\/div>\n<\/div>\n","protected":false},"excerpt":{"rendered":"<p>\u00c0 en croire des voix et des plumes qui foisonnent par-ci et par-l\u00e0, le postcorona sonnera et r\u00e9sonnera la fin d&#8217;une plan\u00e8te mondialis\u00e9e, o\u00f9 les pays ont d\u00e9localis\u00e9 toute activit\u00e9 non comp\u00e9titive sur leur sol, pour un retour aux \u00c9tats forteresses, attach\u00e9s \u00e0 leur souverainet\u00e9 dans tous les domaines, quel qu&#8217;en soit le prix. Najib [&hellip;]<\/p>\n","protected":false},"author":1,"featured_media":865,"comment_status":"open","ping_status":"open","sticky":false,"template":"","format":"standard","meta":{"pgc_sgb_lightbox_settings":""},"categories":[13,5,17,18,14],"tags":[],"yoast_head":"<!-- This site is optimized with the Yoast SEO plugin v15.9.2 - https:\/\/yoast.com\/wordpress\/plugins\/seo\/ -->\n<meta name=\"robots\" content=\"index, follow, max-snippet:-1, max-image-preview:large, max-video-preview:-1\" \/>\n<link rel=\"canonical\" href=\"https:\/\/najibmikou.com\/fr\/prospective-monde-et-maroc-postcorona-ce-qui-va-changer-ce-qui-doit-changer-nos-fenetres-dopportunites-nos-atouts-et-nos-priorites-strategiques\/\" \/>\n<meta property=\"og:locale\" content=\"fr_FR\" \/>\n<meta property=\"og:type\" content=\"article\" \/>\n<meta property=\"og:title\" content=\"Prospective Monde et Maroc postcorona : ce qui va changer, ce qui doit changer, nos fen\u00eatres d&#039;opportunit\u00e9s, nos atouts et nos priorit\u00e9s strat\u00e9giques - Najib MIKOU\" \/>\n<meta property=\"og:description\" content=\"\u00c0 en croire des voix et des plumes qui foisonnent par-ci et par-l\u00e0, le postcorona sonnera et r\u00e9sonnera la fin d&#8217;une plan\u00e8te mondialis\u00e9e, o\u00f9 les pays ont d\u00e9localis\u00e9 toute activit\u00e9 non comp\u00e9titive sur leur sol, pour un retour aux \u00c9tats forteresses, attach\u00e9s \u00e0 leur souverainet\u00e9 dans tous les domaines, quel qu&#8217;en soit le prix. Najib [&hellip;]\" \/>\n<meta property=\"og:url\" content=\"https:\/\/najibmikou.com\/fr\/prospective-monde-et-maroc-postcorona-ce-qui-va-changer-ce-qui-doit-changer-nos-fenetres-dopportunites-nos-atouts-et-nos-priorites-strategiques\/\" \/>\n<meta property=\"og:site_name\" content=\"Najib MIKOU\" \/>\n<meta property=\"article:published_time\" content=\"2020-06-10T23:01:32+00:00\" \/>\n<meta property=\"article:modified_time\" content=\"2021-02-16T20:47:48+00:00\" \/>\n<meta property=\"og:image\" content=\"https:\/\/najibmikou.com\/fr\/wp-content\/uploads\/2020\/06\/Coronavirus-Maroc-1.jpg\" \/>\n\t<meta property=\"og:image:width\" content=\"746\" \/>\n\t<meta property=\"og:image:height\" content=\"380\" \/>\n<meta name=\"twitter:card\" content=\"summary_large_image\" \/>\n<meta name=\"twitter:label1\" content=\"Dur\u00e9e de lecture est.\">\n\t<meta name=\"twitter:data1\" content=\"14 minutes\">\n<script type=\"application\/ld+json\" class=\"yoast-schema-graph\">{\"@context\":\"https:\/\/schema.org\",\"@graph\":[{\"@type\":\"WebSite\",\"@id\":\"https:\/\/najibmikou.com\/fr\/#website\",\"url\":\"https:\/\/najibmikou.com\/fr\/\",\"name\":\"Najib MIKOU\",\"description\":\"\\u00c9crire c&#039;est contribuer \\u00e0 ce que le temps collectif ne se trompe pas de chemin\",\"potentialAction\":[{\"@type\":\"SearchAction\",\"target\":\"https:\/\/najibmikou.com\/fr\/?s={search_term_string}\",\"query-input\":\"required name=search_term_string\"}],\"inLanguage\":\"fr-FR\"},{\"@type\":\"ImageObject\",\"@id\":\"https:\/\/najibmikou.com\/fr\/prospective-monde-et-maroc-postcorona-ce-qui-va-changer-ce-qui-doit-changer-nos-fenetres-dopportunites-nos-atouts-et-nos-priorites-strategiques\/#primaryimage\",\"inLanguage\":\"fr-FR\",\"url\":\"https:\/\/najibmikou.com\/fr\/wp-content\/uploads\/2020\/06\/Coronavirus-Maroc-1.jpg\",\"width\":746,\"height\":380},{\"@type\":\"WebPage\",\"@id\":\"https:\/\/najibmikou.com\/fr\/prospective-monde-et-maroc-postcorona-ce-qui-va-changer-ce-qui-doit-changer-nos-fenetres-dopportunites-nos-atouts-et-nos-priorites-strategiques\/#webpage\",\"url\":\"https:\/\/najibmikou.com\/fr\/prospective-monde-et-maroc-postcorona-ce-qui-va-changer-ce-qui-doit-changer-nos-fenetres-dopportunites-nos-atouts-et-nos-priorites-strategiques\/\",\"name\":\"Prospective Monde et Maroc postcorona : ce qui va changer, ce qui doit changer, nos fen\\u00eatres d'opportunit\\u00e9s, nos atouts et nos priorit\\u00e9s strat\\u00e9giques - Najib MIKOU\",\"isPartOf\":{\"@id\":\"https:\/\/najibmikou.com\/fr\/#website\"},\"primaryImageOfPage\":{\"@id\":\"https:\/\/najibmikou.com\/fr\/prospective-monde-et-maroc-postcorona-ce-qui-va-changer-ce-qui-doit-changer-nos-fenetres-dopportunites-nos-atouts-et-nos-priorites-strategiques\/#primaryimage\"},\"datePublished\":\"2020-06-10T23:01:32+00:00\",\"dateModified\":\"2021-02-16T20:47:48+00:00\",\"author\":{\"@id\":\"https:\/\/najibmikou.com\/fr\/#\/schema\/person\/ad833ab699d080f01dced99b1891ec1e\"},\"breadcrumb\":{\"@id\":\"https:\/\/najibmikou.com\/fr\/prospective-monde-et-maroc-postcorona-ce-qui-va-changer-ce-qui-doit-changer-nos-fenetres-dopportunites-nos-atouts-et-nos-priorites-strategiques\/#breadcrumb\"},\"inLanguage\":\"fr-FR\",\"potentialAction\":[{\"@type\":\"ReadAction\",\"target\":[\"https:\/\/najibmikou.com\/fr\/prospective-monde-et-maroc-postcorona-ce-qui-va-changer-ce-qui-doit-changer-nos-fenetres-dopportunites-nos-atouts-et-nos-priorites-strategiques\/\"]}]},{\"@type\":\"BreadcrumbList\",\"@id\":\"https:\/\/najibmikou.com\/fr\/prospective-monde-et-maroc-postcorona-ce-qui-va-changer-ce-qui-doit-changer-nos-fenetres-dopportunites-nos-atouts-et-nos-priorites-strategiques\/#breadcrumb\",\"itemListElement\":[{\"@type\":\"ListItem\",\"position\":1,\"item\":{\"@type\":\"WebPage\",\"@id\":\"https:\/\/najibmikou.com\/fr\/\",\"url\":\"https:\/\/najibmikou.com\/fr\/\",\"name\":\"Accueil\"}},{\"@type\":\"ListItem\",\"position\":2,\"item\":{\"@type\":\"WebPage\",\"@id\":\"https:\/\/najibmikou.com\/fr\/prospective-monde-et-maroc-postcorona-ce-qui-va-changer-ce-qui-doit-changer-nos-fenetres-dopportunites-nos-atouts-et-nos-priorites-strategiques\/\",\"url\":\"https:\/\/najibmikou.com\/fr\/prospective-monde-et-maroc-postcorona-ce-qui-va-changer-ce-qui-doit-changer-nos-fenetres-dopportunites-nos-atouts-et-nos-priorites-strategiques\/\",\"name\":\"Prospective Monde et Maroc postcorona : ce qui va changer, ce qui doit changer, nos fen\\u00eatres d&#8217;opportunit\\u00e9s, nos atouts et nos priorit\\u00e9s strat\\u00e9giques\"}}]},{\"@type\":\"Person\",\"@id\":\"https:\/\/najibmikou.com\/fr\/#\/schema\/person\/ad833ab699d080f01dced99b1891ec1e\",\"name\":\"Najib Mikou\",\"image\":{\"@type\":\"ImageObject\",\"@id\":\"https:\/\/najibmikou.com\/fr\/#personlogo\",\"inLanguage\":\"fr-FR\",\"url\":\"https:\/\/secure.gravatar.com\/avatar\/6dfd4a9a9096131eea6d80fb3de585a0?s=96&d=mm&r=g\",\"caption\":\"Najib Mikou\"},\"sameAs\":[\"http:\/\/najibmikou.com\/fr\"]}]}<\/script>\n<!-- \/ Yoast SEO plugin. -->","_links":{"self":[{"href":"https:\/\/najibmikou.com\/fr\/wp-json\/wp\/v2\/posts\/406"}],"collection":[{"href":"https:\/\/najibmikou.com\/fr\/wp-json\/wp\/v2\/posts"}],"about":[{"href":"https:\/\/najibmikou.com\/fr\/wp-json\/wp\/v2\/types\/post"}],"author":[{"embeddable":true,"href":"https:\/\/najibmikou.com\/fr\/wp-json\/wp\/v2\/users\/1"}],"replies":[{"embeddable":true,"href":"https:\/\/najibmikou.com\/fr\/wp-json\/wp\/v2\/comments?post=406"}],"version-history":[{"count":2,"href":"https:\/\/najibmikou.com\/fr\/wp-json\/wp\/v2\/posts\/406\/revisions"}],"predecessor-version":[{"id":866,"href":"https:\/\/najibmikou.com\/fr\/wp-json\/wp\/v2\/posts\/406\/revisions\/866"}],"wp:featuredmedia":[{"embeddable":true,"href":"https:\/\/najibmikou.com\/fr\/wp-json\/wp\/v2\/media\/865"}],"wp:attachment":[{"href":"https:\/\/najibmikou.com\/fr\/wp-json\/wp\/v2\/media?parent=406"}],"wp:term":[{"taxonomy":"category","embeddable":true,"href":"https:\/\/najibmikou.com\/fr\/wp-json\/wp\/v2\/categories?post=406"},{"taxonomy":"post_tag","embeddable":true,"href":"https:\/\/najibmikou.com\/fr\/wp-json\/wp\/v2\/tags?post=406"}],"curies":[{"name":"wp","href":"https:\/\/api.w.org\/{rel}","templated":true}]}}