{"id":398,"date":"2011-03-11T00:56:35","date_gmt":"2011-03-10T23:56:35","guid":{"rendered":"http:\/\/najibmikou.com\/fr\/?p=398"},"modified":"2021-02-24T23:15:18","modified_gmt":"2021-02-24T22:15:18","slug":"discours-royal-grandes-reformes-et-rupture-tranquille","status":"publish","type":"post","link":"https:\/\/najibmikou.com\/fr\/discours-royal-grandes-reformes-et-rupture-tranquille\/","title":{"rendered":"Discours royal: grandes r\u00e9formes et rupture tranquille"},"content":{"rendered":"<p><img loading=\"lazy\" class=\"size-medium wp-image-798 alignright\" src=\"https:\/\/najibmikou.com\/fr\/wp-content\/uploads\/2020\/09\/najib-mikou-mobile-190x300.jpg\" alt=\"\" width=\"190\" height=\"300\" srcset=\"https:\/\/najibmikou.com\/fr\/wp-content\/uploads\/2020\/09\/najib-mikou-mobile-190x300.jpg 190w, https:\/\/najibmikou.com\/fr\/wp-content\/uploads\/2020\/09\/najib-mikou-mobile-266x420.jpg 266w, https:\/\/najibmikou.com\/fr\/wp-content\/uploads\/2020\/09\/najib-mikou-mobile.jpg 380w\" sizes=\"(max-width: 190px) 100vw, 190px\" \/>Je suis certes un commis de l\u2019Etat qui doit \u00eatre tenu par une certaine retenue en mati\u00e8re politique, mais l\u00e0 je m\u2019en avoue absolument incapable. L\u2019\u00e9v\u00e9nement est solennel, au-dessus des fonctions et des consid\u00e9rations. Il est exceptionnel parce qu\u2019existentiel.<br \/>\nLe discours de Sa Majest\u00e9 le Roi, attendu depuis fin d\u00e9cembre 2010, d\u00e9lai fix\u00e9 par le Souverain pour que la Commission de la r\u00e9gionalisation lui remette ses conclusions, est annonciateur d\u2019un v\u00e9ritable printemps marocain qui fait entrer notre pays de plain-pied dans le XXIe si\u00e8cle.<br \/>\nJ\u2019imagine avec le plus grand cynisme l\u2019effet des propos et d\u00e9clarations de Sa Majest\u00e9 le Roi sur des op\u00e9rateurs politiques serviles, courtisans, juste avides de pouvoir \u00e0 n\u2019importe quel prix et pr\u00eats \u00e0 tout pour le garder, et par cons\u00e9quent incapables de l\u2019initiative, incapables de la perspective. De la m\u00eame fa\u00e7on que j\u2019imagine et je partage la jubilation in\u00e9gal\u00e9e d\u2019acteurs jeunes et moins jeunes, face \u00e0 une si belle rupture tranquille.<br \/>\nOui Majest\u00e9, le Maroc a atteint le niveau requis pour porter et assumer de telles r\u00e9formes, une telle d\u00e9mocratie, un tel \u00e9quilibre entre les pouvoirs, une telle r\u00e9gionalisation, une telle diversit\u00e9 culturelle, un tel niveau de libert\u00e9, un tel recentrage des institutions \u00e9lues, une telle ind\u00e9pendance de la Justice, une telle qualit\u00e9 de gouvernance.<br \/>\nLe projet de r\u00e9forme constitutionnelle annonc\u00e9 par Sa Majest\u00e9 le Roi va nous permettre de rompre avec des institutions peu op\u00e9rationnelles, en mettant chacune devant ses responsabilit\u00e9s et en lui faisant assumer ses choix et actes.<br \/>\nDor\u00e9navant le gouvernement \u00e9manant d\u2019une majorit\u00e9 vot\u00e9e par le peuple et pr\u00e9sid\u00e9 par le 1er parti sorti des urnes, devra \u00eatre porteur d\u2019un contrat de d\u00e9veloppement pour la nation, \u00eatre totalement responsable devant Sa Majest\u00e9 le Roi et devant le Parlement pour son application, et \u00eatre d\u00e9mocratiquement sanctionn\u00e9 ou reconduit par les urnes. Le Parlement devra exercer pleinement ses pr\u00e9rogatives sans tutelle ni suivisme. Le Conseil \u00e9conomique et social devra accomplir son r\u00f4le de force d\u2019analyse et de proposition. Les instances r\u00e9gionales \u00e9lues devront exercer directement et pleinement leur diversit\u00e9. C\u2019est ce que Sa Majest\u00e9 a dit et c\u2019est ce qui sera accompli parce qu\u2019il fait ce qu\u2019il dit. Ceci dit, la r\u00e9forme constitutionnelle, quelle que soit son ampleur, n\u2019est et ne peut \u00eatre que le pr\u00e9lude \u00e0 d\u2019autres ruptures et r\u00e9formes tout aussi structurantes, pour que tout cet \u00e9difice en perspective accouche enfin de l\u2019objectif ultime et fortement attendu de tous, \u00e0 savoir le d\u00e9veloppement \u00e9conomique et social dans un cadre de libert\u00e9 et de d\u00e9mocratie v\u00e9ritables.<br \/>\n<strong><br \/>\n. Rompre avec le mauvais destin<\/strong><br \/>\nLes Marocains doivent rompre avec l\u2019id\u00e9e pr\u00e9con\u00e7ue que le destin est \u00e9crit d\u2019avance, que leurs maux rel\u00e8vent de la volont\u00e9 de Dieu et qu\u2019ils n\u2019y peuvent rien contre leur sort. La pauvret\u00e9, l\u2019analphab\u00e9tisme et les exclusions ne sont ni une mal\u00e9diction divine ni une s\u00e9cr\u00e9tion de l\u2019Islam. Ils sont les expressions les plus abjectes d\u2019une soci\u00e9t\u00e9 injuste. On devra assumer notre r\u00e9alit\u00e9 et \u0153uvrer avec force pour changer nous-m\u00eames nos conditions de vie et \u00e9crire notre avenir.<\/p>\n<p><strong>. Rompre avec la m\u00e9diocrit\u00e9<\/strong><br \/>\nLe Maroc aussi bien public que priv\u00e9, doit rompre avec la m\u00e9diocrit\u00e9, la paresse et le je-m\u2019en-foutisme. Il doit \u00eatre au plus vite mis au travail, au rythme de la Chine, de l\u2019Inde et du Br\u00e9sil, qui sont aujourd\u2019hui des machines infernales \u00e0 produire une croissance \u00e9conomique forte et durable. On doit adapter notre temps biologique, tous nos moyens, limit\u00e9s soient-ils, et notre organisation du travail, \u00e0 l\u2019exigence de l\u2019efficacit\u00e9 et de l\u2019obligation d\u2019un r\u00e9sultat comp\u00e9titif. On doit reconna\u00eetre et r\u00e9compenser le m\u00e9rite, on doit distinguer la performance. On doit offrir les m\u00eames chances \u00e0 tout le monde. On doit sanctionner la nonchalance, l\u2019abus, la gabegie, les principaut\u00e9s-forteresses, la corruption organis\u00e9e, les d\u00e9tournements. On doit veiller au grain aussi bien sur les droits que les devoirs de tout un chacun.<\/p>\n<p><strong>. Rompre avec la rente et le client\u00e9lisme<\/strong><br \/>\nLe Maroc doit rompre avec la rente et le client\u00e9lisme dans tous les sens de ces termes et asseoir ici et maintenant les outils de la transparence, de la concurrence loyale. Tous les privil\u00e8ges accord\u00e9s ind\u00fbment, tous les fonds publics escroqu\u00e9s, un centime, un bout de terre, un brun de sable, un poisson, un avantage fiscal, soient-ils, devront \u00eatre r\u00e9cup\u00e9r\u00e9s par l\u2019Etat sans concession ni \u00abspectacularisme\u00bb. L\u2019argent public, le bien public de quelque nature que ce soit, est un bien du Maroc, de tous les Marocains, qui doit \u00eatre r\u00e9cup\u00e9r\u00e9 de la m\u00eame fa\u00e7on que tout bien territorial spoli\u00e9 ou contest\u00e9. Il ne doit y avoir prescription\u00a0 quand il y a d\u00e9lit d\u2019abus de biens publics.<\/p>\n<p><strong>. Rompre avec une justice \u00e0 la carte<\/strong><br \/>\nLe Maroc doit rompre avec une justice \u00e0 la carte et en remettre tout le monde \u00e0 la supr\u00e9matie de la loi, sans exc\u00e8s ni \u00abponctu\u00e9lisme\u00bb. L\u2019arbitrage de la loi est le seul garant contre l\u2019arbitraire, contre la loi de l\u2019Etat, contre le Marocain puissant, prot\u00e9g\u00e9, d\u2019en haut et le Marocain ordinaire, expos\u00e9, d\u2019en bas, contre la m\u00e9fiance, contre le discr\u00e9dit, contre le sentiment de peur et d\u2019injustice chez soi, dans son propre pays.<\/p>\n<p><strong>. Rompre avec les mod\u00e8les pr\u00eat-\u00e0-porter<\/strong><br \/>\nLe Maroc doit rompre avec la hantise de reproduire des mod\u00e8les de d\u00e9veloppement pr\u00eat-\u00e0-porter et des formules savantes, ayant march\u00e9 sous d\u2019autres cieux. L\u2019\u00e9lite marocaine de tous bords, cens\u00e9e \u00eatre l\u2019incubateur naturel de visions et de projets de solutions \u00e0 l\u2019\u00e9quation \u2018\u2018Maroc\u2019\u2019, doit r\u00e9fl\u00e9chir universel et r\u00eaver, imaginer, cr\u00e9er, innover marocain. Les mod\u00e8les mark\u00e9t\u00e9s par-ci et par-l\u00e0, nous mettent devant deux alternatives am\u00e8res: soit faire comme les producteurs du mod\u00e8le et attendre deux si\u00e8cles pour pouvoir les rattraper, sans obligation de r\u00e9sultat, soit changer de peuple et de pays parce que rien ne concorde chez nous avec le mod\u00e8le cibl\u00e9. Et sachant bien que nous ne voulions ni changer de pays ni changer de peuple, notre mod\u00e8le de d\u00e9veloppement \u00e0 inventer doit int\u00e9grer notre taux d\u2019analphab\u00e9tisme, nos moyens financiers, nos priorit\u00e9s, nos gaps, nos aspirations, nos diversit\u00e9s, nos valeurs, notre position g\u00e9ostrat\u00e9gique actuelle et potentielle.<\/p>\n<p><strong>. Rompre avec la folie des grandeurs, le d\u00e9faitisme et le complexe de l\u2019impossible<\/strong><br \/>\nLe Maroc doit rompre en m\u00eame temps, avec la folie des grandeurs, le d\u00e9faitisme scl\u00e9rosant et le complexe de l\u2019impossible. On doit red\u00e9couvrir nos atouts, redimensionner nos contraintes, repenser nos priorit\u00e9s, restructurer nos moyens, reconqu\u00e9rir les grandes marges et espaces du possible. On doit se r\u00e9concilier avec nos valeurs, avec notre identit\u00e9, avec nous-m\u00eames et s\u2019ouvrir sur la diversit\u00e9 endog\u00e8ne et universelle.<\/p>\n<p><strong>. Rompre avec les s\u00e9diments de l\u2019\u00e8re coloniale<\/strong><br \/>\nLe Maroc doit enfin rompre avec les s\u00e9diments de son pass\u00e9 colonial, qui le figent dans des choix suivistes et des mariages de comptables. On doit comprendre que le voisinage est temporel et non plus spatial.<br \/>\nOn doit admettre que notre pire voisin est plut\u00f4t une Europe en mal de croissance, de perspectives, de vision pour elle-m\u00eame et encore moins de vision pour son environnement.<br \/>\nOn doit s\u2019ouvrir \u00e0 des polygamies strat\u00e9giques qui appuient nos ambitions, nous arriment \u00e0 des zones de succ\u00e8s, forcent nos r\u00e9formes et attisent notre d\u00e9veloppement.<br \/>\nDe la m\u00eame fa\u00e7on qu\u2019on doit \u00e9viter des accords plut\u00f4t d\u2019adh\u00e9sion aux exigences de superpuissances que de libre-\u00e9change, qui nous ouvrent des march\u00e9s de dupe, car sans aucun dispositif d\u2019accompagnement.<\/p>\n<blockquote>\n<p class=\"rtecenter\"><strong><br \/>\nEtat spectateur<br \/>\n<\/strong><\/p>\n<p>Le Maroc doit rompre avec l\u2019Etat spectateur, mauvais arbitre, mauvais r\u00e9gulateur, mauvais contr\u00f4leur, mauvais distributeur de richesses, mauvais prestataire de services, mauvais payeur, mauvais lib\u00e9ral. L\u2019Etat doit intervenir avec force dans l\u2019\u00e9conomie pour y injecter sa vision globale, sectorielle et de financement, y imposer les r\u00e8gles du jeu, y mettre de l\u2019ordre, y agir quand le priv\u00e9 n\u2019en est pas capable ou int\u00e9ress\u00e9, y organiser le march\u00e9 de l\u2019emploi, y faire l\u2019arbitre impartial entre les op\u00e9rateurs, y jouer l\u2019accompagnateur, le facilitateur, le diplomate \u00e9conomique, le support et la courroie de l\u2019intelligence \u00e9conomique. L\u2019Etat doit soutenir une v\u00e9ritable croissance sociale qui aura le double avantage de corriger substantiellement les \u00e9carts sociaux et de venir au secours de la croissance \u00e9conomique. L\u2019Etat doit cr\u00e9er et soutenir toutes les conditions d\u2019\u00e9closion du g\u00e9nie marocain, notamment par un champ audiovisuel compl\u00e8tement repens\u00e9, r\u00e9nov\u00e9, et la formation de t\u00eates bien faites, ressourc\u00e9es du terroir de nos valeurs, capables de r\u00eaver, de faire r\u00eaver, de prendre l\u2019initiative, d\u2019y croire, d\u2019agir.<\/p><\/blockquote>\n<blockquote>\n<p class=\"rtecenter\"><em><strong><br \/>\nBalkanisation et banalisation du champ politique<br \/>\n<\/strong><\/em><\/p>\n<p>Le Maroc doit rompre avec l\u2019\u00e9clatement path\u00e9tique du champ politique. Notre multiplicit\u00e9 arithm\u00e9tique n\u2019est pas le r\u00e9sultat de notre diversit\u00e9 programmatique. Elle est quasi exclusivement g\u00e9n\u00e9r\u00e9e par des querelles de personnes ou des ambitions personnelles opportunistes, arrivistes.<br \/>\nNos partis politiques doivent se recentrer sur leurs missions originelles, se regrouper en p\u00f4les d\u2019id\u00e9es et de projets qui feront r\u00eaver, mobiliser les Marocains et les r\u00e9concilier avec l\u2019avenir.<br \/>\nLe Maroc n\u2019a pas besoin d\u2019hommes \u00abpolitiques\u00bb ni de notables \u00abmachines \u00e0 sous\u00bb, habit\u00e9s par l\u2019hyst\u00e9rie du pouvoir \u00e0 tout prix pour assouvir leurs ambitions \u00e9triqu\u00e9es, faisant l\u2019amalgame entre leur pays et un fonds de commerce ou une vache \u00e0 lait. Le Maroc n\u2019a pas besoin de partis politiques suiveurs, aux ordres, sans projets, sans courants, sans d\u00e9bat, sans vie, dont le client\u00e9lisme est leur seul facteur de reproduction et de partage du \u00abbutin\u00bb.<br \/>\nDe la m\u00eame fa\u00e7on que des franges de nos concitoyens doivent croire que la libert\u00e9 et la d\u00e9mocratie sont salvatrices, m\u00eame sur le plan \u00e9conomique et social, et doivent par cons\u00e9quent, cesser de succomber aux miettes de g\u00e9n\u00e9reux occasionnels, le temps d\u2019une campagne \u00e9lectorale, en votant plut\u00f4t pour des candidats patriotes et comp\u00e9tents. Ceci dit, l\u2019Etat ne peut plus se contenter de lois \u00e9lectorales favorisant l\u2019effritement, ni d\u2019une position passive face \u00e0 des machines \u00e9lectorales pourries. Il doit \u00eatre pr\u00e9ventif, dissuasif, s\u00e9vir et forcer l\u2019\u00e9lection de p\u00f4les homog\u00e8nes.<\/p><\/blockquote>\n","protected":false},"excerpt":{"rendered":"<p>Je suis certes un commis de l\u2019Etat qui doit \u00eatre tenu par une certaine retenue en mati\u00e8re politique, mais l\u00e0 je m\u2019en avoue absolument incapable. L\u2019\u00e9v\u00e9nement est solennel, au-dessus des fonctions et des consid\u00e9rations. Il est exceptionnel parce qu\u2019existentiel. Le discours de Sa Majest\u00e9 le Roi, attendu depuis fin d\u00e9cembre 2010, d\u00e9lai fix\u00e9 par le [&hellip;]<\/p>\n","protected":false},"author":1,"featured_media":876,"comment_status":"open","ping_status":"open","sticky":false,"template":"","format":"standard","meta":{"pgc_sgb_lightbox_settings":""},"categories":[18,14],"tags":[],"yoast_head":"<!-- This site is optimized with the Yoast SEO plugin v15.9.2 - https:\/\/yoast.com\/wordpress\/plugins\/seo\/ -->\n<meta name=\"robots\" content=\"index, follow, max-snippet:-1, max-image-preview:large, max-video-preview:-1\" \/>\n<link rel=\"canonical\" href=\"https:\/\/najibmikou.com\/fr\/discours-royal-grandes-reformes-et-rupture-tranquille\/\" \/>\n<meta property=\"og:locale\" content=\"fr_FR\" \/>\n<meta property=\"og:type\" content=\"article\" \/>\n<meta property=\"og:title\" content=\"Discours royal: grandes r\u00e9formes et rupture tranquille - Najib MIKOU\" \/>\n<meta property=\"og:description\" content=\"Je suis certes un commis de l\u2019Etat qui doit \u00eatre tenu par une certaine retenue en mati\u00e8re politique, mais l\u00e0 je m\u2019en avoue absolument incapable. L\u2019\u00e9v\u00e9nement est solennel, au-dessus des fonctions et des consid\u00e9rations. Il est exceptionnel parce qu\u2019existentiel. Le discours de Sa Majest\u00e9 le Roi, attendu depuis fin d\u00e9cembre 2010, d\u00e9lai fix\u00e9 par le [&hellip;]\" \/>\n<meta property=\"og:url\" content=\"https:\/\/najibmikou.com\/fr\/discours-royal-grandes-reformes-et-rupture-tranquille\/\" \/>\n<meta property=\"og:site_name\" content=\"Najib MIKOU\" \/>\n<meta property=\"article:published_time\" content=\"2011-03-10T23:56:35+00:00\" \/>\n<meta property=\"article:modified_time\" content=\"2021-02-24T22:15:18+00:00\" \/>\n<meta property=\"og:image\" content=\"https:\/\/najibmikou.com\/fr\/wp-content\/uploads\/2011\/03\/Discours-royal.jpg\" \/>\n\t<meta property=\"og:image:width\" content=\"1200\" \/>\n\t<meta property=\"og:image:height\" content=\"600\" \/>\n<meta name=\"twitter:card\" content=\"summary_large_image\" \/>\n<meta name=\"twitter:label1\" content=\"Dur\u00e9e de lecture est.\">\n\t<meta name=\"twitter:data1\" content=\"9 minutes\">\n<script type=\"application\/ld+json\" class=\"yoast-schema-graph\">{\"@context\":\"https:\/\/schema.org\",\"@graph\":[{\"@type\":\"WebSite\",\"@id\":\"https:\/\/najibmikou.com\/fr\/#website\",\"url\":\"https:\/\/najibmikou.com\/fr\/\",\"name\":\"Najib MIKOU\",\"description\":\"\\u00c9crire c&#039;est contribuer \\u00e0 ce que le temps collectif ne se trompe pas de chemin\",\"potentialAction\":[{\"@type\":\"SearchAction\",\"target\":\"https:\/\/najibmikou.com\/fr\/?s={search_term_string}\",\"query-input\":\"required name=search_term_string\"}],\"inLanguage\":\"fr-FR\"},{\"@type\":\"ImageObject\",\"@id\":\"https:\/\/najibmikou.com\/fr\/discours-royal-grandes-reformes-et-rupture-tranquille\/#primaryimage\",\"inLanguage\":\"fr-FR\",\"url\":\"https:\/\/najibmikou.com\/fr\/wp-content\/uploads\/2011\/03\/Discours-royal.jpg\",\"width\":1200,\"height\":600},{\"@type\":\"WebPage\",\"@id\":\"https:\/\/najibmikou.com\/fr\/discours-royal-grandes-reformes-et-rupture-tranquille\/#webpage\",\"url\":\"https:\/\/najibmikou.com\/fr\/discours-royal-grandes-reformes-et-rupture-tranquille\/\",\"name\":\"Discours royal: grandes r\\u00e9formes et rupture tranquille - Najib MIKOU\",\"isPartOf\":{\"@id\":\"https:\/\/najibmikou.com\/fr\/#website\"},\"primaryImageOfPage\":{\"@id\":\"https:\/\/najibmikou.com\/fr\/discours-royal-grandes-reformes-et-rupture-tranquille\/#primaryimage\"},\"datePublished\":\"2011-03-10T23:56:35+00:00\",\"dateModified\":\"2021-02-24T22:15:18+00:00\",\"author\":{\"@id\":\"https:\/\/najibmikou.com\/fr\/#\/schema\/person\/ad833ab699d080f01dced99b1891ec1e\"},\"breadcrumb\":{\"@id\":\"https:\/\/najibmikou.com\/fr\/discours-royal-grandes-reformes-et-rupture-tranquille\/#breadcrumb\"},\"inLanguage\":\"fr-FR\",\"potentialAction\":[{\"@type\":\"ReadAction\",\"target\":[\"https:\/\/najibmikou.com\/fr\/discours-royal-grandes-reformes-et-rupture-tranquille\/\"]}]},{\"@type\":\"BreadcrumbList\",\"@id\":\"https:\/\/najibmikou.com\/fr\/discours-royal-grandes-reformes-et-rupture-tranquille\/#breadcrumb\",\"itemListElement\":[{\"@type\":\"ListItem\",\"position\":1,\"item\":{\"@type\":\"WebPage\",\"@id\":\"https:\/\/najibmikou.com\/fr\/\",\"url\":\"https:\/\/najibmikou.com\/fr\/\",\"name\":\"Accueil\"}},{\"@type\":\"ListItem\",\"position\":2,\"item\":{\"@type\":\"WebPage\",\"@id\":\"https:\/\/najibmikou.com\/fr\/discours-royal-grandes-reformes-et-rupture-tranquille\/\",\"url\":\"https:\/\/najibmikou.com\/fr\/discours-royal-grandes-reformes-et-rupture-tranquille\/\",\"name\":\"Discours royal: grandes r\\u00e9formes et rupture tranquille\"}}]},{\"@type\":\"Person\",\"@id\":\"https:\/\/najibmikou.com\/fr\/#\/schema\/person\/ad833ab699d080f01dced99b1891ec1e\",\"name\":\"Najib Mikou\",\"image\":{\"@type\":\"ImageObject\",\"@id\":\"https:\/\/najibmikou.com\/fr\/#personlogo\",\"inLanguage\":\"fr-FR\",\"url\":\"https:\/\/secure.gravatar.com\/avatar\/6dfd4a9a9096131eea6d80fb3de585a0?s=96&d=mm&r=g\",\"caption\":\"Najib Mikou\"},\"sameAs\":[\"http:\/\/najibmikou.com\/fr\"]}]}<\/script>\n<!-- \/ Yoast SEO plugin. -->","_links":{"self":[{"href":"https:\/\/najibmikou.com\/fr\/wp-json\/wp\/v2\/posts\/398"}],"collection":[{"href":"https:\/\/najibmikou.com\/fr\/wp-json\/wp\/v2\/posts"}],"about":[{"href":"https:\/\/najibmikou.com\/fr\/wp-json\/wp\/v2\/types\/post"}],"author":[{"embeddable":true,"href":"https:\/\/najibmikou.com\/fr\/wp-json\/wp\/v2\/users\/1"}],"replies":[{"embeddable":true,"href":"https:\/\/najibmikou.com\/fr\/wp-json\/wp\/v2\/comments?post=398"}],"version-history":[{"count":3,"href":"https:\/\/najibmikou.com\/fr\/wp-json\/wp\/v2\/posts\/398\/revisions"}],"predecessor-version":[{"id":1125,"href":"https:\/\/najibmikou.com\/fr\/wp-json\/wp\/v2\/posts\/398\/revisions\/1125"}],"wp:featuredmedia":[{"embeddable":true,"href":"https:\/\/najibmikou.com\/fr\/wp-json\/wp\/v2\/media\/876"}],"wp:attachment":[{"href":"https:\/\/najibmikou.com\/fr\/wp-json\/wp\/v2\/media?parent=398"}],"wp:term":[{"taxonomy":"category","embeddable":true,"href":"https:\/\/najibmikou.com\/fr\/wp-json\/wp\/v2\/categories?post=398"},{"taxonomy":"post_tag","embeddable":true,"href":"https:\/\/najibmikou.com\/fr\/wp-json\/wp\/v2\/tags?post=398"}],"curies":[{"name":"wp","href":"https:\/\/api.w.org\/{rel}","templated":true}]}}