{"id":3754,"date":"2026-04-17T13:32:53","date_gmt":"2026-04-17T11:32:53","guid":{"rendered":"https:\/\/najibmikou.com\/fr\/?p=3754"},"modified":"2026-04-17T13:32:55","modified_gmt":"2026-04-17T11:32:55","slug":"negociations-eu-iran-au-pakistan-le-gachis-et-lurgent-rattrapage-de-liran","status":"publish","type":"post","link":"https:\/\/najibmikou.com\/fr\/negociations-eu-iran-au-pakistan-le-gachis-et-lurgent-rattrapage-de-liran\/","title":{"rendered":"N\u00e9gociations EU\/Iran au Pakistan : le g\u00e2chis et l&#8217;urgent rattrapage de l&#8217;Iran"},"content":{"rendered":"\n<p><strong>Najib Mikou<\/strong><\/p>\n\n\n\n<p>Monsieur Trump revient d\u00e8s tr\u00e8s t\u00f4t ce matin, \u00e0 ses menaces de raser l&#8217;Iran de la plan\u00e8te \u00e0 cause de &#8220;l&#8217;\u00e9chec&#8221; des n\u00e9gociations tenues au Pakistan.<\/p>\n\n\n\n<p>Oui les deux parties se sont quitt\u00e9 sans accord de principe, mais qui pouvait s&#8217;imaginer qu&#8217;un tel contentieux de 47 ans, entrecoup\u00e9 de guerres d\u00e9vastatrices, soit r\u00e9gl\u00e9 en 21h de face-\u00e0-face ?!! Personne, en dehors des na\u00effs et des malintentionn\u00e9s. Non le 1er round des n\u00e9gociations d&#8217;Islamabad n&#8217;\u00e9tait pas un \u00e9chec. Les deux parties devaient d&#8217;abord sceller un accord de principe sur les deux points les PLUS ATTENDUS, le nucl\u00e9aire et Ormuz. Ils ne l&#8217;ont pas fait. Mais n&#8217;emp\u00eache.<\/p>\n\n\n\n<p>Il fallait qu&#8217;ils commencent par accepter le principe de rouvrir Ormuz et de renoncer \u00e0 leur programme nucl\u00e9aire. Y renoncer aujourd&#8217;hui n&#8217;est pas la fin de l&#8217;histoire. Rien ne les emp\u00eache d&#8217;y revenir dans 10 ou 15 ans, le temps d&#8217;ailleurs qu&#8217;ils s&#8217;en remettent des ravages de cette guerre d\u00e9vastatrice.<\/p>\n\n\n\n<p>Il est des rdv avec soi qu&#8217;on ne doit pas rater. L&#8217;Iran a rat\u00e9 le sien hier. Elle doit vite se rattraper pour ne pas tout perdre, dont la lev\u00e9e des sanctions.<\/p>\n\n\n\n<p>D&#8217;ailleurs, Monsieur Vance lui a laiss\u00e9 hier, une porte ouverte en disant qu&#8217;il a fait son ultime offre \u00e0 l&#8217;Iran et qu&#8217;il attend sa r\u00e9ponse.<\/p>\n\n\n\n<p>Et donc je persiste \u00e0 pr\u00e9dire que la guerre est termin\u00e9e, que les n\u00e9gociations vont se poursuivre et que l&#8217;Iran va revenir \u00e0 la charge pour mieux avancer vers la paix. Sinon ce serait un suicide organis\u00e9, et \u2026 la fin d\u00e9finitive de mes prospectives \ud83d\ude03 qui rel\u00e8vent pourtant, d&#8217;une analyse sans \u00e9tat d&#8217;\u00e2me des protagonistes et de la situation depuis les tous premiers jours de ce conflit.<\/p>\n\n\n\n<p>Ce qu&#8217;\u00e9crira et dira Monsieur Trump en longueur des journ\u00e9es qui viennent, c&#8217;est pour qu&#8217;il s&#8217;approprie seul, l&#8217;accord avec l&#8217;Iran, qu&#8217;il voit venir. Il ne veut pas que son vice-pr\u00e9sident s&#8217;attribue cette victoire diplomatique d&#8217;ampleur pour son opinion publique et pour sa position internationale.<\/p>\n\n\n\n<p>&#8220;C&#8217;est moi qui ai fait plier l&#8217;Iran et personne d&#8217;autre. La preuve : Vance est rentr\u00e9 les mains vides \u00e0 Washington&#8221;.<\/p>\n\n\n\n<p>Les iraniens ont fait rater \u00e0 Monsieur Vance hier une grande victoire, dont ils avaient tous les 2 besoin d&#8217;ailleurs. Tactiquement ils devaient c\u00e9der plut\u00f4t \u00e0 Monsieur Vance qu&#8217;\u00e0 son Pr\u00e9sident pour toutes les raisons qui n&#8217;\u00e9chappent \u00e0 personne.<\/p>\n\n\n\n<p>L&#8217;histoire de l&#8217;humanit\u00e9 est pleine de tels rat\u00e9s de dirigents n&#8217;ayant pas eu la clairvoyance de changer de fusil d&#8217;\u00e9paule au moment qu&#8217;il fallait. Mais le r\u00e9gime iranien saura se rattraper m\u00eame avec un retard qui aura co\u00fbt\u00e9 encore plus cher pour son pays, pour son peuple.<\/p>\n\n\n\n<p>Ce faisant, l&#8217;Iran n&#8217;aura quand m\u00eame pas capitul\u00e9 et aura quand m\u00eame priv\u00e9 les \u00c9tats-Unis d&#8217;une victoire sans appel. Les deux parties auront la clairvoyance salvatrice pour faire chacune, sa part des concessions n\u00e9cessaires. Ce qui fera de l&#8217;accord en ultime gestation, le d\u00e9nouement le moins mauvais pour elles.<\/p>\n\n\n\n<p><a href=\"https:\/\/www.linkedin.com\/posts\/najib-mikou-51371383_n%C3%A9gociations-euiran-au-pakistan-le-g%C3%A2chis-share-7449149754908798976-89j7?utm_source=share&amp;utm_medium=member_android&amp;rcm=ACoAABG5rB8Bm1GUUMhVZeNjQMgiExOS3Onfx0A\">https:\/\/www.linkedin.com\/posts\/najib-mikou-51371383_n%C3%A9gociations-euiran-au-pakistan-le-g%C3%A2chis-share-7449149754908798976-89j7?utm_source=share&amp;utm_medium=member_android&amp;rcm=ACoAABG5rB8Bm1GUUMhVZeNjQMgiExOS3Onfx0A<\/a><\/p>\n","protected":false},"excerpt":{"rendered":"<p>Najib Mikou Monsieur Trump revient d\u00e8s tr\u00e8s t\u00f4t ce matin, \u00e0 ses menaces de raser l&#8217;Iran de la plan\u00e8te \u00e0 cause de &#8220;l&#8217;\u00e9chec&#8221; des n\u00e9gociations tenues au Pakistan. Oui les deux parties se sont quitt\u00e9 sans accord de principe, mais qui pouvait s&#8217;imaginer qu&#8217;un tel contentieux de 47 ans, entrecoup\u00e9 de guerres d\u00e9vastatrices, soit r\u00e9gl\u00e9 [&hellip;]<\/p>\n","protected":false},"author":1,"featured_media":3737,"comment_status":"open","ping_status":"open","sticky":false,"template":"","format":"standard","meta":{"pgc_sgb_lightbox_settings":""},"categories":[71,13,12,5,17,18,14],"tags":[],"yoast_head":"<!-- This site is optimized with the Yoast SEO plugin v15.9.2 - https:\/\/yoast.com\/wordpress\/plugins\/seo\/ -->\n<meta name=\"robots\" content=\"index, follow, max-snippet:-1, max-image-preview:large, max-video-preview:-1\" \/>\n<link rel=\"canonical\" href=\"https:\/\/najibmikou.com\/fr\/negociations-eu-iran-au-pakistan-le-gachis-et-lurgent-rattrapage-de-liran\/\" \/>\n<meta property=\"og:locale\" content=\"fr_FR\" \/>\n<meta property=\"og:type\" content=\"article\" \/>\n<meta property=\"og:title\" content=\"N\u00e9gociations EU\/Iran au Pakistan : le g\u00e2chis et l&#039;urgent rattrapage de l&#039;Iran - Najib MIKOU\" \/>\n<meta property=\"og:description\" content=\"Najib Mikou Monsieur Trump revient d\u00e8s tr\u00e8s t\u00f4t ce matin, \u00e0 ses menaces de raser l&#8217;Iran de la plan\u00e8te \u00e0 cause de &#8220;l&#8217;\u00e9chec&#8221; des n\u00e9gociations tenues au Pakistan. Oui les deux parties se sont quitt\u00e9 sans accord de principe, mais qui pouvait s&#8217;imaginer qu&#8217;un tel contentieux de 47 ans, entrecoup\u00e9 de guerres d\u00e9vastatrices, soit r\u00e9gl\u00e9 [&hellip;]\" \/>\n<meta property=\"og:url\" content=\"https:\/\/najibmikou.com\/fr\/negociations-eu-iran-au-pakistan-le-gachis-et-lurgent-rattrapage-de-liran\/\" \/>\n<meta property=\"og:site_name\" content=\"Najib MIKOU\" \/>\n<meta property=\"article:published_time\" content=\"2026-04-17T11:32:53+00:00\" \/>\n<meta property=\"article:modified_time\" content=\"2026-04-17T11:32:55+00:00\" \/>\n<meta property=\"og:image\" content=\"https:\/\/najibmikou.com\/fr\/wp-content\/uploads\/2026\/01\/Mr-Mikou.jpg\" \/>\n\t<meta property=\"og:image:width\" content=\"696\" \/>\n\t<meta property=\"og:image:height\" content=\"398\" \/>\n<meta name=\"twitter:card\" content=\"summary_large_image\" \/>\n<meta name=\"twitter:label1\" content=\"Dur\u00e9e de lecture est.\">\n\t<meta name=\"twitter:data1\" content=\"3 minutes\">\n<script type=\"application\/ld+json\" class=\"yoast-schema-graph\">{\"@context\":\"https:\/\/schema.org\",\"@graph\":[{\"@type\":\"WebSite\",\"@id\":\"https:\/\/najibmikou.com\/fr\/#website\",\"url\":\"https:\/\/najibmikou.com\/fr\/\",\"name\":\"Najib MIKOU\",\"description\":\"\\u00c9crire c&#039;est contribuer \\u00e0 ce que le temps collectif ne se trompe pas de chemin\",\"potentialAction\":[{\"@type\":\"SearchAction\",\"target\":\"https:\/\/najibmikou.com\/fr\/?s={search_term_string}\",\"query-input\":\"required name=search_term_string\"}],\"inLanguage\":\"fr-FR\"},{\"@type\":\"ImageObject\",\"@id\":\"https:\/\/najibmikou.com\/fr\/negociations-eu-iran-au-pakistan-le-gachis-et-lurgent-rattrapage-de-liran\/#primaryimage\",\"inLanguage\":\"fr-FR\",\"url\":\"https:\/\/najibmikou.com\/fr\/wp-content\/uploads\/2026\/01\/Mr-Mikou.jpg\",\"width\":696,\"height\":398},{\"@type\":\"WebPage\",\"@id\":\"https:\/\/najibmikou.com\/fr\/negociations-eu-iran-au-pakistan-le-gachis-et-lurgent-rattrapage-de-liran\/#webpage\",\"url\":\"https:\/\/najibmikou.com\/fr\/negociations-eu-iran-au-pakistan-le-gachis-et-lurgent-rattrapage-de-liran\/\",\"name\":\"N\\u00e9gociations EU\/Iran au Pakistan : le g\\u00e2chis et l'urgent rattrapage de l'Iran - Najib MIKOU\",\"isPartOf\":{\"@id\":\"https:\/\/najibmikou.com\/fr\/#website\"},\"primaryImageOfPage\":{\"@id\":\"https:\/\/najibmikou.com\/fr\/negociations-eu-iran-au-pakistan-le-gachis-et-lurgent-rattrapage-de-liran\/#primaryimage\"},\"datePublished\":\"2026-04-17T11:32:53+00:00\",\"dateModified\":\"2026-04-17T11:32:55+00:00\",\"author\":{\"@id\":\"https:\/\/najibmikou.com\/fr\/#\/schema\/person\/ad833ab699d080f01dced99b1891ec1e\"},\"breadcrumb\":{\"@id\":\"https:\/\/najibmikou.com\/fr\/negociations-eu-iran-au-pakistan-le-gachis-et-lurgent-rattrapage-de-liran\/#breadcrumb\"},\"inLanguage\":\"fr-FR\",\"potentialAction\":[{\"@type\":\"ReadAction\",\"target\":[\"https:\/\/najibmikou.com\/fr\/negociations-eu-iran-au-pakistan-le-gachis-et-lurgent-rattrapage-de-liran\/\"]}]},{\"@type\":\"BreadcrumbList\",\"@id\":\"https:\/\/najibmikou.com\/fr\/negociations-eu-iran-au-pakistan-le-gachis-et-lurgent-rattrapage-de-liran\/#breadcrumb\",\"itemListElement\":[{\"@type\":\"ListItem\",\"position\":1,\"item\":{\"@type\":\"WebPage\",\"@id\":\"https:\/\/najibmikou.com\/fr\/\",\"url\":\"https:\/\/najibmikou.com\/fr\/\",\"name\":\"Accueil\"}},{\"@type\":\"ListItem\",\"position\":2,\"item\":{\"@type\":\"WebPage\",\"@id\":\"https:\/\/najibmikou.com\/fr\/negociations-eu-iran-au-pakistan-le-gachis-et-lurgent-rattrapage-de-liran\/\",\"url\":\"https:\/\/najibmikou.com\/fr\/negociations-eu-iran-au-pakistan-le-gachis-et-lurgent-rattrapage-de-liran\/\",\"name\":\"N\\u00e9gociations EU\/Iran au Pakistan : le g\\u00e2chis et l&#8217;urgent rattrapage de l&#8217;Iran\"}}]},{\"@type\":\"Person\",\"@id\":\"https:\/\/najibmikou.com\/fr\/#\/schema\/person\/ad833ab699d080f01dced99b1891ec1e\",\"name\":\"Najib Mikou\",\"image\":{\"@type\":\"ImageObject\",\"@id\":\"https:\/\/najibmikou.com\/fr\/#personlogo\",\"inLanguage\":\"fr-FR\",\"url\":\"https:\/\/secure.gravatar.com\/avatar\/6dfd4a9a9096131eea6d80fb3de585a0?s=96&d=mm&r=g\",\"caption\":\"Najib Mikou\"},\"sameAs\":[\"http:\/\/najibmikou.com\/fr\"]}]}<\/script>\n<!-- \/ Yoast SEO plugin. -->","_links":{"self":[{"href":"https:\/\/najibmikou.com\/fr\/wp-json\/wp\/v2\/posts\/3754"}],"collection":[{"href":"https:\/\/najibmikou.com\/fr\/wp-json\/wp\/v2\/posts"}],"about":[{"href":"https:\/\/najibmikou.com\/fr\/wp-json\/wp\/v2\/types\/post"}],"author":[{"embeddable":true,"href":"https:\/\/najibmikou.com\/fr\/wp-json\/wp\/v2\/users\/1"}],"replies":[{"embeddable":true,"href":"https:\/\/najibmikou.com\/fr\/wp-json\/wp\/v2\/comments?post=3754"}],"version-history":[{"count":1,"href":"https:\/\/najibmikou.com\/fr\/wp-json\/wp\/v2\/posts\/3754\/revisions"}],"predecessor-version":[{"id":3755,"href":"https:\/\/najibmikou.com\/fr\/wp-json\/wp\/v2\/posts\/3754\/revisions\/3755"}],"wp:featuredmedia":[{"embeddable":true,"href":"https:\/\/najibmikou.com\/fr\/wp-json\/wp\/v2\/media\/3737"}],"wp:attachment":[{"href":"https:\/\/najibmikou.com\/fr\/wp-json\/wp\/v2\/media?parent=3754"}],"wp:term":[{"taxonomy":"category","embeddable":true,"href":"https:\/\/najibmikou.com\/fr\/wp-json\/wp\/v2\/categories?post=3754"},{"taxonomy":"post_tag","embeddable":true,"href":"https:\/\/najibmikou.com\/fr\/wp-json\/wp\/v2\/tags?post=3754"}],"curies":[{"name":"wp","href":"https:\/\/api.w.org\/{rel}","templated":true}]}}