{"id":3745,"date":"2026-04-10T13:05:02","date_gmt":"2026-04-10T11:05:02","guid":{"rendered":"https:\/\/najibmikou.com\/fr\/?p=3745"},"modified":"2026-04-10T13:25:24","modified_gmt":"2026-04-10T11:25:24","slug":"moyen-orient-ce-que-casse-la-guerre-ce-que-cache-la-paix","status":"publish","type":"post","link":"https:\/\/najibmikou.com\/fr\/moyen-orient-ce-que-casse-la-guerre-ce-que-cache-la-paix\/","title":{"rendered":"Moyen-Orient : ce que casse la guerre,                         ce que cache la paix"},"content":{"rendered":"\n<p><\/p>\n\n\n\n<p><\/p>\n\n\n\n<p><strong>Najib Mikou<\/strong><\/p>\n\n\n\n<p>Apr\u00e8s avoir pr\u00e9dit au fur et \u00e0 mesure des \u00e9v\u00e9nements, que la guerre des \u00c9tats-Unis et d&#8217;Isra\u00ebl contre l&#8217;Iran allait tr\u00e8s bient\u00f4t se terminer malgr\u00e9 les d\u00e9clarations incendiaires de part et d&#8217;autre, que les bellig\u00e9rants allaient faire taire les armes malgr\u00e9 l&#8217;ampleur du contentieux, qu&#8217;ils allaient se retrouver non pas en Turquie ou en \u00c9gypte, mais au Pakistan, pour n\u00e9gocier la paix, et que c&#8217;est Monsieur Vance, le vice-pr\u00e9sident am\u00e9ricain, qui allait conduire l&#8217;\u00e9quipe de n\u00e9gociation de son pays, je partage ici, ma toute fra\u00eeche prospective.<\/p>\n\n\n\n<p>L&#8217;Iran va renoncer \u00e0 sa demande d&#8217;une taxe de passage des navires au D\u00e9troit d&#8217;Ormuz, dont il fait une des conditions majeures de tout accord de paix, pour pouvoir financer la r\u00e9paration des d\u00e9g\u00e2ts consid\u00e9rables subis pendant cette guerre de 40 jours.<\/p>\n\n\n\n<p>Quand bien m\u00eame le demande-t-il avec force, l&#8217;Iran a la t\u00eate, le c\u0153ur et les yeux fix\u00e9s plut\u00f4t sur une lev\u00e9e int\u00e9grale et imm\u00e9diate des sanctions am\u00e9ricaines qui la mus\u00e8lent depuis plus de quarante ans.<\/p>\n\n\n\n<p>Le compromis sera finalement celui-l\u00e0 : au lieu d&#8217;une taxe ill\u00e9gale pour reconstruire ton pays, tu auras des recettes consid\u00e9rables du produit de la vente de ton p\u00e9trole \ud83d\udee2 et de ton gaz pour ce faire.<\/p>\n\n\n\n<p>Impact imm\u00e9diat : les cours du p\u00e9trole et du gaz vont vite retrouver leurs niveaux d&#8217;avant la guerre et m\u00eame baisser un peu plus, les march\u00e9s vont monter en fl\u00e8che, l&#8217;inflation mena\u00e7ante, sera vite jugul\u00e9e et le commerce mondial retrouvera sa fluidit\u00e9. Et cerise sur le g\u00e2teau \ud83c\udf82 : la croissance mondiale reprendra de plus belle.<\/p>\n\n\n\n<p>Et d\u00e8s que les esprits et les nerfs vont retrouver leur calme (!!), des app\u00e9tits encore plus gourmands, vont s&#8217;exprimer sans retenue. Les \u00c9tats-Unis, la Chine, la Russie et bien d&#8217;autres pays, viendront rafler des march\u00e9s \u00e0 la pelle, en centaines de milliards de $, pour la reconstruction sur plusieurs ann\u00e9es, des milliers de champs de ruines et de feu, particuli\u00e8rement en Iran et en Isra\u00ebl, mais \u00e9galement en Irak, dans les Monarchies du Golfe et au Liban.<\/p>\n\n\n\n<p>Et \u2026 cette guerre qui fr\u00f4lait l&#8217;irr\u00e9parable d&#8217;un monde sans l&#8217;Iran, se transformera en paix salvatrice qui propulsera l&#8217;Economie mondiale, rassurera un long \u00e9quilibre instable au Moyen-Orient et \u2026. fera remonter Monsieur Trump dans les sondages.<\/p>\n\n\n\n<p>Rien ne pourra malheureusement faire oublier ni r\u00e9parer le traumatisme qu&#8217;\u00e0 provoqu\u00e9 cette guerre de trop, dont l&#8217;humanit\u00e9 aurait bien pu se passer pour ne pas se retrouver encore et encore, face \u00e0 des pertes humaines tragiques de tous bords, \u00e0 plusieurs dizaines d&#8217;ann\u00e9es de labeur parties en fum\u00e9e, et \u00e0 des d\u00e9g\u00e2ts collat\u00e9raux \u00e9conomiques et sociaux que des pays subissent alors qu&#8217;ils se tiennent \u00e0 grande distance de ces conflits.<\/p>\n\n\n\n<p>L&#8217;humanit\u00e9 est cens\u00e9e \u00eatre capable du meilleur. Elle a m\u00eame \u00e9t\u00e9 con\u00e7ue pour l&#8217;\u00eatre. Mais, elle rame \u00e0 contre-courant.<\/p>\n\n\n\n<p>Jusqu&#8217;\u00e0 quand ?! ceci par contre, je ne peux le pr\u00e9dire car l&#8217;horizon brouille ma boussole.<\/p>\n","protected":false},"excerpt":{"rendered":"<p>Najib Mikou Apr\u00e8s avoir pr\u00e9dit au fur et \u00e0 mesure des \u00e9v\u00e9nements, que la guerre des \u00c9tats-Unis et d&#8217;Isra\u00ebl contre l&#8217;Iran allait tr\u00e8s bient\u00f4t se terminer malgr\u00e9 les d\u00e9clarations incendiaires de part et d&#8217;autre, que les bellig\u00e9rants allaient faire taire les armes malgr\u00e9 l&#8217;ampleur du contentieux, qu&#8217;ils allaient se retrouver non pas en Turquie ou [&hellip;]<\/p>\n","protected":false},"author":1,"featured_media":3737,"comment_status":"open","ping_status":"open","sticky":true,"template":"","format":"standard","meta":{"pgc_sgb_lightbox_settings":""},"categories":[71,13,5,17,18,14],"tags":[],"yoast_head":"<!-- This site is optimized with the Yoast SEO plugin v15.9.2 - https:\/\/yoast.com\/wordpress\/plugins\/seo\/ -->\n<meta name=\"robots\" content=\"index, follow, max-snippet:-1, max-image-preview:large, max-video-preview:-1\" \/>\n<link rel=\"canonical\" href=\"https:\/\/najibmikou.com\/fr\/moyen-orient-ce-que-casse-la-guerre-ce-que-cache-la-paix\/\" \/>\n<meta property=\"og:locale\" content=\"fr_FR\" \/>\n<meta property=\"og:type\" content=\"article\" \/>\n<meta property=\"og:title\" content=\"Moyen-Orient : ce que casse la guerre,             ce que cache la paix - Najib MIKOU\" \/>\n<meta property=\"og:description\" content=\"Najib Mikou Apr\u00e8s avoir pr\u00e9dit au fur et \u00e0 mesure des \u00e9v\u00e9nements, que la guerre des \u00c9tats-Unis et d&#8217;Isra\u00ebl contre l&#8217;Iran allait tr\u00e8s bient\u00f4t se terminer malgr\u00e9 les d\u00e9clarations incendiaires de part et d&#8217;autre, que les bellig\u00e9rants allaient faire taire les armes malgr\u00e9 l&#8217;ampleur du contentieux, qu&#8217;ils allaient se retrouver non pas en Turquie ou [&hellip;]\" \/>\n<meta property=\"og:url\" content=\"https:\/\/najibmikou.com\/fr\/moyen-orient-ce-que-casse-la-guerre-ce-que-cache-la-paix\/\" \/>\n<meta property=\"og:site_name\" content=\"Najib MIKOU\" \/>\n<meta property=\"article:published_time\" content=\"2026-04-10T11:05:02+00:00\" \/>\n<meta property=\"article:modified_time\" content=\"2026-04-10T11:25:24+00:00\" \/>\n<meta property=\"og:image\" content=\"https:\/\/najibmikou.com\/fr\/wp-content\/uploads\/2026\/01\/Mr-Mikou.jpg\" \/>\n\t<meta property=\"og:image:width\" content=\"696\" \/>\n\t<meta property=\"og:image:height\" content=\"398\" \/>\n<meta name=\"twitter:card\" content=\"summary_large_image\" \/>\n<meta name=\"twitter:label1\" content=\"Dur\u00e9e de lecture est.\">\n\t<meta name=\"twitter:data1\" content=\"3 minutes\">\n<script type=\"application\/ld+json\" class=\"yoast-schema-graph\">{\"@context\":\"https:\/\/schema.org\",\"@graph\":[{\"@type\":\"WebSite\",\"@id\":\"https:\/\/najibmikou.com\/fr\/#website\",\"url\":\"https:\/\/najibmikou.com\/fr\/\",\"name\":\"Najib MIKOU\",\"description\":\"\\u00c9crire c&#039;est contribuer \\u00e0 ce que le temps collectif ne se trompe pas de chemin\",\"potentialAction\":[{\"@type\":\"SearchAction\",\"target\":\"https:\/\/najibmikou.com\/fr\/?s={search_term_string}\",\"query-input\":\"required name=search_term_string\"}],\"inLanguage\":\"fr-FR\"},{\"@type\":\"ImageObject\",\"@id\":\"https:\/\/najibmikou.com\/fr\/moyen-orient-ce-que-casse-la-guerre-ce-que-cache-la-paix\/#primaryimage\",\"inLanguage\":\"fr-FR\",\"url\":\"https:\/\/najibmikou.com\/fr\/wp-content\/uploads\/2026\/01\/Mr-Mikou.jpg\",\"width\":696,\"height\":398},{\"@type\":\"WebPage\",\"@id\":\"https:\/\/najibmikou.com\/fr\/moyen-orient-ce-que-casse-la-guerre-ce-que-cache-la-paix\/#webpage\",\"url\":\"https:\/\/najibmikou.com\/fr\/moyen-orient-ce-que-casse-la-guerre-ce-que-cache-la-paix\/\",\"name\":\"Moyen-Orient : ce que casse la guerre, ce que cache la paix - Najib MIKOU\",\"isPartOf\":{\"@id\":\"https:\/\/najibmikou.com\/fr\/#website\"},\"primaryImageOfPage\":{\"@id\":\"https:\/\/najibmikou.com\/fr\/moyen-orient-ce-que-casse-la-guerre-ce-que-cache-la-paix\/#primaryimage\"},\"datePublished\":\"2026-04-10T11:05:02+00:00\",\"dateModified\":\"2026-04-10T11:25:24+00:00\",\"author\":{\"@id\":\"https:\/\/najibmikou.com\/fr\/#\/schema\/person\/ad833ab699d080f01dced99b1891ec1e\"},\"breadcrumb\":{\"@id\":\"https:\/\/najibmikou.com\/fr\/moyen-orient-ce-que-casse-la-guerre-ce-que-cache-la-paix\/#breadcrumb\"},\"inLanguage\":\"fr-FR\",\"potentialAction\":[{\"@type\":\"ReadAction\",\"target\":[\"https:\/\/najibmikou.com\/fr\/moyen-orient-ce-que-casse-la-guerre-ce-que-cache-la-paix\/\"]}]},{\"@type\":\"BreadcrumbList\",\"@id\":\"https:\/\/najibmikou.com\/fr\/moyen-orient-ce-que-casse-la-guerre-ce-que-cache-la-paix\/#breadcrumb\",\"itemListElement\":[{\"@type\":\"ListItem\",\"position\":1,\"item\":{\"@type\":\"WebPage\",\"@id\":\"https:\/\/najibmikou.com\/fr\/\",\"url\":\"https:\/\/najibmikou.com\/fr\/\",\"name\":\"Accueil\"}},{\"@type\":\"ListItem\",\"position\":2,\"item\":{\"@type\":\"WebPage\",\"@id\":\"https:\/\/najibmikou.com\/fr\/moyen-orient-ce-que-casse-la-guerre-ce-que-cache-la-paix\/\",\"url\":\"https:\/\/najibmikou.com\/fr\/moyen-orient-ce-que-casse-la-guerre-ce-que-cache-la-paix\/\",\"name\":\"Moyen-Orient : ce que casse la guerre, ce que cache la paix\"}}]},{\"@type\":\"Person\",\"@id\":\"https:\/\/najibmikou.com\/fr\/#\/schema\/person\/ad833ab699d080f01dced99b1891ec1e\",\"name\":\"Najib Mikou\",\"image\":{\"@type\":\"ImageObject\",\"@id\":\"https:\/\/najibmikou.com\/fr\/#personlogo\",\"inLanguage\":\"fr-FR\",\"url\":\"https:\/\/secure.gravatar.com\/avatar\/6dfd4a9a9096131eea6d80fb3de585a0?s=96&d=mm&r=g\",\"caption\":\"Najib Mikou\"},\"sameAs\":[\"http:\/\/najibmikou.com\/fr\"]}]}<\/script>\n<!-- \/ Yoast SEO plugin. -->","_links":{"self":[{"href":"https:\/\/najibmikou.com\/fr\/wp-json\/wp\/v2\/posts\/3745"}],"collection":[{"href":"https:\/\/najibmikou.com\/fr\/wp-json\/wp\/v2\/posts"}],"about":[{"href":"https:\/\/najibmikou.com\/fr\/wp-json\/wp\/v2\/types\/post"}],"author":[{"embeddable":true,"href":"https:\/\/najibmikou.com\/fr\/wp-json\/wp\/v2\/users\/1"}],"replies":[{"embeddable":true,"href":"https:\/\/najibmikou.com\/fr\/wp-json\/wp\/v2\/comments?post=3745"}],"version-history":[{"count":5,"href":"https:\/\/najibmikou.com\/fr\/wp-json\/wp\/v2\/posts\/3745\/revisions"}],"predecessor-version":[{"id":3753,"href":"https:\/\/najibmikou.com\/fr\/wp-json\/wp\/v2\/posts\/3745\/revisions\/3753"}],"wp:featuredmedia":[{"embeddable":true,"href":"https:\/\/najibmikou.com\/fr\/wp-json\/wp\/v2\/media\/3737"}],"wp:attachment":[{"href":"https:\/\/najibmikou.com\/fr\/wp-json\/wp\/v2\/media?parent=3745"}],"wp:term":[{"taxonomy":"category","embeddable":true,"href":"https:\/\/najibmikou.com\/fr\/wp-json\/wp\/v2\/categories?post=3745"},{"taxonomy":"post_tag","embeddable":true,"href":"https:\/\/najibmikou.com\/fr\/wp-json\/wp\/v2\/tags?post=3745"}],"curies":[{"name":"wp","href":"https:\/\/api.w.org\/{rel}","templated":true}]}}