{"id":3727,"date":"2025-12-16T16:06:13","date_gmt":"2025-12-16T15:06:13","guid":{"rendered":"https:\/\/najibmikou.com\/fr\/?p=3727"},"modified":"2025-12-16T16:06:55","modified_gmt":"2025-12-16T15:06:55","slug":"la-question-demographique-au-maroc-doit-alerter-de-toute-urgence-nos-decideurs-politiques-2","status":"publish","type":"post","link":"https:\/\/najibmikou.com\/fr\/la-question-demographique-au-maroc-doit-alerter-de-toute-urgence-nos-decideurs-politiques-2\/","title":{"rendered":"La question d\u00e9mographique au Maroc doit alerter de toute urgence nos d\u00e9cideurs politiques"},"content":{"rendered":"\n<p><strong>Najib Mikou<\/strong><\/p>\n\n\n\n<p>La question d\u00e9mographique au Maroc devient probl\u00e9matique, inqui\u00e9tante, pr\u00e9occupante. Elle le sera davantage au fur et \u00e0 mesure qu&#8217;on avance dans ce 21\u00e8me si\u00e8cle, si rien n&#8217;est fait pour en rectifier la trajectoire.<\/p>\n\n\n\n<p>Alors que la population d&#8217;Afrique va fr\u00f4ler les 5 milliards \u00e0 la fin de ce si\u00e8cle, soit une multiplication par 4 de sa population actuelle, alors que beaucoup de pays d&#8217;Afrique vont voir leurs populations doubler, tripler ou m\u00eame quintupler, la population du Maroc va augmenter d&#8217;\u00e0 peine 20% d&#8217;ici \u00e0 la fin du si\u00e8cle. Dans 75 ans.<\/p>\n\n\n\n<p>Plus inqui\u00e9tant encore : cette &#8220;quasi stagnation&#8221; d\u00e9mographique, pour ne pas dire ce recul d\u00e9mographique, va accentuer davantage le vieillissement de la population qui est de nature \u00e0 occasionner des d\u00e9s\u00e9quilibres dangereux et structurels au niveau du march\u00e9 de l&#8217;emploi, de la part de la population active, des Caisses de Retraites, de la taille de notre march\u00e9 int\u00e9rieur \u2026etc.<\/p>\n\n\n\n<p>L&#8217;un des avantages majeurs d&#8217;une pr\u00e9vision c&#8217;est que m\u00eame s&#8217;il y a de fortes chances qu&#8217;elle ait lieu, elle n&#8217;a pas encore eu lieu. Et donc elle nous donne le temps d&#8217;agir, de changer les conditions de sa r\u00e9alisation.<\/p>\n\n\n\n<p>La carte d\u00e9mographique de l&#8217;Afrique ci-apr\u00e8s, devrait alerter nos d\u00e9cideurs politiques, \u00e9conomiques et sociaux pour inventer et mettre en place d\u00e8s \u00e0 pr\u00e9sent, les dispositions correctives qui s&#8217;imposent, dont les effets ne peuvent avoir l&#8217;impact recherch\u00e9 qu&#8217;\u00e0 moyen et long termes.<\/p>\n\n\n\n<p>D&#8217;autant plus que bien au-del\u00e0 de cette &#8220;cuisine int\u00e9rieure Maroc&#8221;, notre pays \u00e0 &#8220;petite&#8221; population, ne pourra pr\u00e9tendre \u00e0 la position internationale \u00e0 laquelle il aspire l\u00e9gitimement.<\/p>\n\n\n\n<p>Notre pays qui ambitionne d&#8217;\u00eatre une puissance \u00e9conomique, industrielle, technologique et agricole, ne peut malheureusement y parvenir avec une population en vieillissement structurel. Il ne peut par cons\u00e9quent, faire l&#8217;\u00e9conomie d&#8217;un choix sans \u00e9quivoque entre une croissance d\u00e9mographique volontariste et essentiellement endog\u00e8ne, dont l&#8217;\u00e9largissement structurel de sa classe moyenne constitue le levier incontournable, et une croissance d\u00e9mographique essentiellement exog\u00e8ne qu&#8217;aucun pays au monde n&#8217;a jusqu&#8217;\u00e0 pr\u00e9sent su ni pu ma\u00eetriser, aussi bien en effectifs qu&#8217;en profils.<\/p>\n\n\n\n<p>Rien n&#8217;est fatalit\u00e9, m\u00eame pas la d\u00e9mographie.<\/p>\n\n\n\n<p><a href=\"https:\/\/www.lodj.ma\/La-question-demographique-au-Maroc-doit-alerter-de-toute-urgence-nos-decideurs-politiques_a154686.html\">https:\/\/www.lodj.ma\/La-question-demographique-au-Maroc-doit-alerter-de-toute-urgence-nos-decideurs-politiques_a154686.html<\/a><\/p>\n","protected":false},"excerpt":{"rendered":"<p>Najib Mikou La question d\u00e9mographique au Maroc devient probl\u00e9matique, inqui\u00e9tante, pr\u00e9occupante. Elle le sera davantage au fur et \u00e0 mesure qu&#8217;on avance dans ce 21\u00e8me si\u00e8cle, si rien n&#8217;est fait pour en rectifier la trajectoire. Alors que la population d&#8217;Afrique va fr\u00f4ler les 5 milliards \u00e0 la fin de ce si\u00e8cle, soit une multiplication par [&hellip;]<\/p>\n","protected":false},"author":1,"featured_media":3728,"comment_status":"open","ping_status":"open","sticky":false,"template":"","format":"standard","meta":{"pgc_sgb_lightbox_settings":""},"categories":[71,13,12,5,18,14],"tags":[],"yoast_head":"<!-- This site is optimized with the Yoast SEO plugin v15.9.2 - https:\/\/yoast.com\/wordpress\/plugins\/seo\/ -->\n<meta name=\"robots\" content=\"index, follow, max-snippet:-1, max-image-preview:large, max-video-preview:-1\" \/>\n<link rel=\"canonical\" href=\"https:\/\/najibmikou.com\/fr\/la-question-demographique-au-maroc-doit-alerter-de-toute-urgence-nos-decideurs-politiques-2\/\" \/>\n<meta property=\"og:locale\" content=\"fr_FR\" \/>\n<meta property=\"og:type\" content=\"article\" \/>\n<meta property=\"og:title\" content=\"La question d\u00e9mographique au Maroc doit alerter de toute urgence nos d\u00e9cideurs politiques - Najib MIKOU\" \/>\n<meta property=\"og:description\" content=\"Najib Mikou La question d\u00e9mographique au Maroc devient probl\u00e9matique, inqui\u00e9tante, pr\u00e9occupante. Elle le sera davantage au fur et \u00e0 mesure qu&#8217;on avance dans ce 21\u00e8me si\u00e8cle, si rien n&#8217;est fait pour en rectifier la trajectoire. Alors que la population d&#8217;Afrique va fr\u00f4ler les 5 milliards \u00e0 la fin de ce si\u00e8cle, soit une multiplication par [&hellip;]\" \/>\n<meta property=\"og:url\" content=\"https:\/\/najibmikou.com\/fr\/la-question-demographique-au-maroc-doit-alerter-de-toute-urgence-nos-decideurs-politiques-2\/\" \/>\n<meta property=\"og:site_name\" content=\"Najib MIKOU\" \/>\n<meta property=\"article:published_time\" content=\"2025-12-16T15:06:13+00:00\" \/>\n<meta property=\"article:modified_time\" content=\"2025-12-16T15:06:55+00:00\" \/>\n<meta property=\"og:image\" content=\"https:\/\/najibmikou.com\/fr\/wp-content\/uploads\/2025\/12\/60458431-44248732.jpg\" \/>\n\t<meta property=\"og:image:width\" content=\"934\" \/>\n\t<meta property=\"og:image:height\" content=\"767\" \/>\n<meta name=\"twitter:card\" content=\"summary_large_image\" \/>\n<meta name=\"twitter:label1\" content=\"Dur\u00e9e de lecture est.\">\n\t<meta name=\"twitter:data1\" content=\"2 minutes\">\n<script type=\"application\/ld+json\" class=\"yoast-schema-graph\">{\"@context\":\"https:\/\/schema.org\",\"@graph\":[{\"@type\":\"WebSite\",\"@id\":\"https:\/\/najibmikou.com\/fr\/#website\",\"url\":\"https:\/\/najibmikou.com\/fr\/\",\"name\":\"Najib MIKOU\",\"description\":\"\\u00c9crire c&#039;est contribuer \\u00e0 ce que le temps collectif ne se trompe pas de chemin\",\"potentialAction\":[{\"@type\":\"SearchAction\",\"target\":\"https:\/\/najibmikou.com\/fr\/?s={search_term_string}\",\"query-input\":\"required name=search_term_string\"}],\"inLanguage\":\"fr-FR\"},{\"@type\":\"ImageObject\",\"@id\":\"https:\/\/najibmikou.com\/fr\/la-question-demographique-au-maroc-doit-alerter-de-toute-urgence-nos-decideurs-politiques-2\/#primaryimage\",\"inLanguage\":\"fr-FR\",\"url\":\"https:\/\/najibmikou.com\/fr\/wp-content\/uploads\/2025\/12\/60458431-44248732.jpg\",\"width\":934,\"height\":767},{\"@type\":\"WebPage\",\"@id\":\"https:\/\/najibmikou.com\/fr\/la-question-demographique-au-maroc-doit-alerter-de-toute-urgence-nos-decideurs-politiques-2\/#webpage\",\"url\":\"https:\/\/najibmikou.com\/fr\/la-question-demographique-au-maroc-doit-alerter-de-toute-urgence-nos-decideurs-politiques-2\/\",\"name\":\"La question d\\u00e9mographique au Maroc doit alerter de toute urgence nos d\\u00e9cideurs politiques - Najib MIKOU\",\"isPartOf\":{\"@id\":\"https:\/\/najibmikou.com\/fr\/#website\"},\"primaryImageOfPage\":{\"@id\":\"https:\/\/najibmikou.com\/fr\/la-question-demographique-au-maroc-doit-alerter-de-toute-urgence-nos-decideurs-politiques-2\/#primaryimage\"},\"datePublished\":\"2025-12-16T15:06:13+00:00\",\"dateModified\":\"2025-12-16T15:06:55+00:00\",\"author\":{\"@id\":\"https:\/\/najibmikou.com\/fr\/#\/schema\/person\/ad833ab699d080f01dced99b1891ec1e\"},\"breadcrumb\":{\"@id\":\"https:\/\/najibmikou.com\/fr\/la-question-demographique-au-maroc-doit-alerter-de-toute-urgence-nos-decideurs-politiques-2\/#breadcrumb\"},\"inLanguage\":\"fr-FR\",\"potentialAction\":[{\"@type\":\"ReadAction\",\"target\":[\"https:\/\/najibmikou.com\/fr\/la-question-demographique-au-maroc-doit-alerter-de-toute-urgence-nos-decideurs-politiques-2\/\"]}]},{\"@type\":\"BreadcrumbList\",\"@id\":\"https:\/\/najibmikou.com\/fr\/la-question-demographique-au-maroc-doit-alerter-de-toute-urgence-nos-decideurs-politiques-2\/#breadcrumb\",\"itemListElement\":[{\"@type\":\"ListItem\",\"position\":1,\"item\":{\"@type\":\"WebPage\",\"@id\":\"https:\/\/najibmikou.com\/fr\/\",\"url\":\"https:\/\/najibmikou.com\/fr\/\",\"name\":\"Accueil\"}},{\"@type\":\"ListItem\",\"position\":2,\"item\":{\"@type\":\"WebPage\",\"@id\":\"https:\/\/najibmikou.com\/fr\/la-question-demographique-au-maroc-doit-alerter-de-toute-urgence-nos-decideurs-politiques-2\/\",\"url\":\"https:\/\/najibmikou.com\/fr\/la-question-demographique-au-maroc-doit-alerter-de-toute-urgence-nos-decideurs-politiques-2\/\",\"name\":\"La question d\\u00e9mographique au Maroc doit alerter de toute urgence nos d\\u00e9cideurs politiques\"}}]},{\"@type\":\"Person\",\"@id\":\"https:\/\/najibmikou.com\/fr\/#\/schema\/person\/ad833ab699d080f01dced99b1891ec1e\",\"name\":\"Najib Mikou\",\"image\":{\"@type\":\"ImageObject\",\"@id\":\"https:\/\/najibmikou.com\/fr\/#personlogo\",\"inLanguage\":\"fr-FR\",\"url\":\"https:\/\/secure.gravatar.com\/avatar\/6dfd4a9a9096131eea6d80fb3de585a0?s=96&d=mm&r=g\",\"caption\":\"Najib Mikou\"},\"sameAs\":[\"http:\/\/najibmikou.com\/fr\"]}]}<\/script>\n<!-- \/ Yoast SEO plugin. -->","_links":{"self":[{"href":"https:\/\/najibmikou.com\/fr\/wp-json\/wp\/v2\/posts\/3727"}],"collection":[{"href":"https:\/\/najibmikou.com\/fr\/wp-json\/wp\/v2\/posts"}],"about":[{"href":"https:\/\/najibmikou.com\/fr\/wp-json\/wp\/v2\/types\/post"}],"author":[{"embeddable":true,"href":"https:\/\/najibmikou.com\/fr\/wp-json\/wp\/v2\/users\/1"}],"replies":[{"embeddable":true,"href":"https:\/\/najibmikou.com\/fr\/wp-json\/wp\/v2\/comments?post=3727"}],"version-history":[{"count":2,"href":"https:\/\/najibmikou.com\/fr\/wp-json\/wp\/v2\/posts\/3727\/revisions"}],"predecessor-version":[{"id":3730,"href":"https:\/\/najibmikou.com\/fr\/wp-json\/wp\/v2\/posts\/3727\/revisions\/3730"}],"wp:featuredmedia":[{"embeddable":true,"href":"https:\/\/najibmikou.com\/fr\/wp-json\/wp\/v2\/media\/3728"}],"wp:attachment":[{"href":"https:\/\/najibmikou.com\/fr\/wp-json\/wp\/v2\/media?parent=3727"}],"wp:term":[{"taxonomy":"category","embeddable":true,"href":"https:\/\/najibmikou.com\/fr\/wp-json\/wp\/v2\/categories?post=3727"},{"taxonomy":"post_tag","embeddable":true,"href":"https:\/\/najibmikou.com\/fr\/wp-json\/wp\/v2\/tags?post=3727"}],"curies":[{"name":"wp","href":"https:\/\/api.w.org\/{rel}","templated":true}]}}