{"id":3715,"date":"2025-10-23T13:12:20","date_gmt":"2025-10-23T11:12:20","guid":{"rendered":"https:\/\/najibmikou.com\/fr\/?p=3715"},"modified":"2026-01-05T14:40:00","modified_gmt":"2026-01-05T13:40:00","slug":"une-25eme-heure-de-toutes-les-turbulences-de-tous-les-desagrements","status":"publish","type":"post","link":"https:\/\/najibmikou.com\/fr\/une-25eme-heure-de-toutes-les-turbulences-de-tous-les-desagrements\/","title":{"rendered":"Une 25\u00e8me heure de toutes les turbulences, de tous les d\u00e9sagr\u00e9ments"},"content":{"rendered":"\n<p><strong>Najib Mikou<\/strong><\/p>\n\n\n\n<p>En cette saison d&#8217;automne nos pendules resteront \u00e0 l\u2019heure\u2026. d\u2019\u00e9t\u00e9.<\/p>\n\n\n\n<p>Se basant sur des r\u00e9sultats de sondages d\u2019opinion et d\u2019\u00e9tudes r\u00e9alis\u00e9s, mais qui n\u2019ont jamais \u00e9t\u00e9 rendus publics, le gouvernement a fini par faire le choix de la 25\u00e8me heure pour toute l\u2019ann\u00e9e ou presque, n\u2019en d\u00e9plaise \u00e0 l\u2019horloge biologique et au temps social des marocains.<\/p>\n\n\n\n<p>Des consid\u00e9rations financi\u00e8res auraient fortement pes\u00e9 pour justifier que tout bascula vers l\u2019heure d\u2019\u00e9t\u00e9, dont m\u00eame l&#8217;automne et l\u2019hiver.<\/p>\n\n\n\n<p>Les caisses de l\u2019Etat gagneraient, dit une source autoris\u00e9e, quelques 35 \u2026 millions de dhs chaque ann\u00e9e, gr\u00e2ce \u00e0 l\u2019heure d\u2019\u00e9t\u00e9 \u00e9tendue sur toute l\u2019ann\u00e9e ou presque.<\/p>\n\n\n\n<p>Il est \u00e0 parier que nos concitoyens seraient pr\u00eats \u00e0 verser 0,98 dh chacun par an au Tr\u00e9sor, ce qui lui fait les 35 millions de dhs de gain que g\u00e9n\u00e9rerait l\u2019application de l\u2019heure d\u2019\u00e9t\u00e9, pourvu qu\u2019on leur maintienne leur heure biologique et leur temps social.<\/p>\n\n\n\n<p>Pour 35 millions de dhs qui ne repr\u00e9sentent m\u00eame pas 1\/10000 du budget g\u00e9n\u00e9ral de l\u2019Etat, on d\u00e9cide de perturber tout un pays, toute une soci\u00e9t\u00e9, du nouveau-n\u00e9 jusqu\u2019au plus \u00e2g\u00e9 !!!<\/p>\n\n\n\n<p>Quant \u00e0 un suppos\u00e9 gain \u00e9conomique dont profiteraient nos op\u00e9rateurs \u00e9conomiques orient\u00e9s export, est-il n\u00e9cessaire de rappeler ici que l\u2019heure de l\u2019exportateur est celle de ses march\u00e9s et non jamais celle de son pays. C\u2019est celle-l\u00e0 m\u00eame qui lui \u00e9dicte toute son organisation, sa planification de travail et de production.<\/p>\n\n\n\n<p>Sinon qu\u2019aurait \u00e9t\u00e9 \u201cl\u2019heure de vie\u201d des pays asiatiques dont le d\u00e9calage de plusieurs heures notamment, avec l\u2019Europe et des \u00c9tats-Unis, ne les emp\u00eache nullement d&#8217;approvisionner au jour et \u00e0 l\u2019heure convenus, leurs dizaines de milliers de clients. Et vice et versa.<\/p>\n\n\n\n<p>Combien de milliards de dhs engage-t-on pour sauvegarder une coh\u00e9sion sociale ?!!! Rien n\u2019est jamais perdu ni jamais trop cher pay\u00e9, que l\u2019on doive d\u00e9penser pour cela.<\/p>\n\n\n\n<p>Est-il besoin de rappeler ici qu\u2019il n\u2019y a aucun prix, AUCUN, \u00e0 la s\u00e9r\u00e9nit\u00e9 et \u00e0 la paisibilit\u00e9 personnelle et collective de nos concitoyens?<\/p>\n\n\n\n<p>Qui plus est quand il s\u2019agit de l\u2019heure du sommeil, du r\u00e9veil, des pri\u00e8res, de l\u2019\u00e9cole, de partir au travail.<\/p>\n\n\n\n<p>Qui plus est quand la contrepartie serait quelques sous ou quelques milliards de sous.<\/p>\n\n\n\n<p>Qui plus est quand la Loi marocaine dit que l\u2019heure l\u00e9gale c\u2019est l\u2019heure d\u2019hiver \ud83d\ude03.<\/p>\n\n\n\n<p>Il est un fait certain qu&#8217;il n&#8217;est jamais trop tard de bien faire en remettant les pendules \u00e0 l&#8217;heure des marocains.<\/p>\n","protected":false},"excerpt":{"rendered":"<p>Najib Mikou En cette saison d&#8217;automne nos pendules resteront \u00e0 l\u2019heure\u2026. d\u2019\u00e9t\u00e9. Se basant sur des r\u00e9sultats de sondages d\u2019opinion et d\u2019\u00e9tudes r\u00e9alis\u00e9s, mais qui n\u2019ont jamais \u00e9t\u00e9 rendus publics, le gouvernement a fini par faire le choix de la 25\u00e8me heure pour toute l\u2019ann\u00e9e ou presque, n\u2019en d\u00e9plaise \u00e0 l\u2019horloge biologique et au temps [&hellip;]<\/p>\n","protected":false},"author":1,"featured_media":3737,"comment_status":"open","ping_status":"open","sticky":false,"template":"","format":"standard","meta":{"pgc_sgb_lightbox_settings":""},"categories":[71,13,12,5,18,14],"tags":[],"yoast_head":"<!-- This site is optimized with the Yoast SEO plugin v15.9.2 - https:\/\/yoast.com\/wordpress\/plugins\/seo\/ -->\n<meta name=\"robots\" content=\"index, follow, max-snippet:-1, max-image-preview:large, max-video-preview:-1\" \/>\n<link rel=\"canonical\" href=\"https:\/\/najibmikou.com\/fr\/une-25eme-heure-de-toutes-les-turbulences-de-tous-les-desagrements\/\" \/>\n<meta property=\"og:locale\" content=\"fr_FR\" \/>\n<meta property=\"og:type\" content=\"article\" \/>\n<meta property=\"og:title\" content=\"Une 25\u00e8me heure de toutes les turbulences, de tous les d\u00e9sagr\u00e9ments - Najib MIKOU\" \/>\n<meta property=\"og:description\" content=\"Najib Mikou En cette saison d&#8217;automne nos pendules resteront \u00e0 l\u2019heure\u2026. d\u2019\u00e9t\u00e9. Se basant sur des r\u00e9sultats de sondages d\u2019opinion et d\u2019\u00e9tudes r\u00e9alis\u00e9s, mais qui n\u2019ont jamais \u00e9t\u00e9 rendus publics, le gouvernement a fini par faire le choix de la 25\u00e8me heure pour toute l\u2019ann\u00e9e ou presque, n\u2019en d\u00e9plaise \u00e0 l\u2019horloge biologique et au temps [&hellip;]\" \/>\n<meta property=\"og:url\" content=\"https:\/\/najibmikou.com\/fr\/une-25eme-heure-de-toutes-les-turbulences-de-tous-les-desagrements\/\" \/>\n<meta property=\"og:site_name\" content=\"Najib MIKOU\" \/>\n<meta property=\"article:published_time\" content=\"2025-10-23T11:12:20+00:00\" \/>\n<meta property=\"article:modified_time\" content=\"2026-01-05T13:40:00+00:00\" \/>\n<meta property=\"og:image\" content=\"https:\/\/najibmikou.com\/fr\/wp-content\/uploads\/2026\/01\/Mr-Mikou.jpg\" \/>\n\t<meta property=\"og:image:width\" content=\"696\" \/>\n\t<meta property=\"og:image:height\" content=\"398\" \/>\n<meta name=\"twitter:card\" content=\"summary_large_image\" \/>\n<meta name=\"twitter:label1\" content=\"Dur\u00e9e de lecture est.\">\n\t<meta name=\"twitter:data1\" content=\"2 minutes\">\n<script type=\"application\/ld+json\" class=\"yoast-schema-graph\">{\"@context\":\"https:\/\/schema.org\",\"@graph\":[{\"@type\":\"WebSite\",\"@id\":\"https:\/\/najibmikou.com\/fr\/#website\",\"url\":\"https:\/\/najibmikou.com\/fr\/\",\"name\":\"Najib MIKOU\",\"description\":\"\\u00c9crire c&#039;est contribuer \\u00e0 ce que le temps collectif ne se trompe pas de chemin\",\"potentialAction\":[{\"@type\":\"SearchAction\",\"target\":\"https:\/\/najibmikou.com\/fr\/?s={search_term_string}\",\"query-input\":\"required name=search_term_string\"}],\"inLanguage\":\"fr-FR\"},{\"@type\":\"ImageObject\",\"@id\":\"https:\/\/najibmikou.com\/fr\/une-25eme-heure-de-toutes-les-turbulences-de-tous-les-desagrements\/#primaryimage\",\"inLanguage\":\"fr-FR\",\"url\":\"https:\/\/najibmikou.com\/fr\/wp-content\/uploads\/2026\/01\/Mr-Mikou.jpg\",\"width\":696,\"height\":398},{\"@type\":\"WebPage\",\"@id\":\"https:\/\/najibmikou.com\/fr\/une-25eme-heure-de-toutes-les-turbulences-de-tous-les-desagrements\/#webpage\",\"url\":\"https:\/\/najibmikou.com\/fr\/une-25eme-heure-de-toutes-les-turbulences-de-tous-les-desagrements\/\",\"name\":\"Une 25\\u00e8me heure de toutes les turbulences, de tous les d\\u00e9sagr\\u00e9ments - Najib MIKOU\",\"isPartOf\":{\"@id\":\"https:\/\/najibmikou.com\/fr\/#website\"},\"primaryImageOfPage\":{\"@id\":\"https:\/\/najibmikou.com\/fr\/une-25eme-heure-de-toutes-les-turbulences-de-tous-les-desagrements\/#primaryimage\"},\"datePublished\":\"2025-10-23T11:12:20+00:00\",\"dateModified\":\"2026-01-05T13:40:00+00:00\",\"author\":{\"@id\":\"https:\/\/najibmikou.com\/fr\/#\/schema\/person\/ad833ab699d080f01dced99b1891ec1e\"},\"breadcrumb\":{\"@id\":\"https:\/\/najibmikou.com\/fr\/une-25eme-heure-de-toutes-les-turbulences-de-tous-les-desagrements\/#breadcrumb\"},\"inLanguage\":\"fr-FR\",\"potentialAction\":[{\"@type\":\"ReadAction\",\"target\":[\"https:\/\/najibmikou.com\/fr\/une-25eme-heure-de-toutes-les-turbulences-de-tous-les-desagrements\/\"]}]},{\"@type\":\"BreadcrumbList\",\"@id\":\"https:\/\/najibmikou.com\/fr\/une-25eme-heure-de-toutes-les-turbulences-de-tous-les-desagrements\/#breadcrumb\",\"itemListElement\":[{\"@type\":\"ListItem\",\"position\":1,\"item\":{\"@type\":\"WebPage\",\"@id\":\"https:\/\/najibmikou.com\/fr\/\",\"url\":\"https:\/\/najibmikou.com\/fr\/\",\"name\":\"Accueil\"}},{\"@type\":\"ListItem\",\"position\":2,\"item\":{\"@type\":\"WebPage\",\"@id\":\"https:\/\/najibmikou.com\/fr\/une-25eme-heure-de-toutes-les-turbulences-de-tous-les-desagrements\/\",\"url\":\"https:\/\/najibmikou.com\/fr\/une-25eme-heure-de-toutes-les-turbulences-de-tous-les-desagrements\/\",\"name\":\"Une 25\\u00e8me heure de toutes les turbulences, de tous les d\\u00e9sagr\\u00e9ments\"}}]},{\"@type\":\"Person\",\"@id\":\"https:\/\/najibmikou.com\/fr\/#\/schema\/person\/ad833ab699d080f01dced99b1891ec1e\",\"name\":\"Najib Mikou\",\"image\":{\"@type\":\"ImageObject\",\"@id\":\"https:\/\/najibmikou.com\/fr\/#personlogo\",\"inLanguage\":\"fr-FR\",\"url\":\"https:\/\/secure.gravatar.com\/avatar\/6dfd4a9a9096131eea6d80fb3de585a0?s=96&d=mm&r=g\",\"caption\":\"Najib Mikou\"},\"sameAs\":[\"http:\/\/najibmikou.com\/fr\"]}]}<\/script>\n<!-- \/ Yoast SEO plugin. -->","_links":{"self":[{"href":"https:\/\/najibmikou.com\/fr\/wp-json\/wp\/v2\/posts\/3715"}],"collection":[{"href":"https:\/\/najibmikou.com\/fr\/wp-json\/wp\/v2\/posts"}],"about":[{"href":"https:\/\/najibmikou.com\/fr\/wp-json\/wp\/v2\/types\/post"}],"author":[{"embeddable":true,"href":"https:\/\/najibmikou.com\/fr\/wp-json\/wp\/v2\/users\/1"}],"replies":[{"embeddable":true,"href":"https:\/\/najibmikou.com\/fr\/wp-json\/wp\/v2\/comments?post=3715"}],"version-history":[{"count":1,"href":"https:\/\/najibmikou.com\/fr\/wp-json\/wp\/v2\/posts\/3715\/revisions"}],"predecessor-version":[{"id":3716,"href":"https:\/\/najibmikou.com\/fr\/wp-json\/wp\/v2\/posts\/3715\/revisions\/3716"}],"wp:featuredmedia":[{"embeddable":true,"href":"https:\/\/najibmikou.com\/fr\/wp-json\/wp\/v2\/media\/3737"}],"wp:attachment":[{"href":"https:\/\/najibmikou.com\/fr\/wp-json\/wp\/v2\/media?parent=3715"}],"wp:term":[{"taxonomy":"category","embeddable":true,"href":"https:\/\/najibmikou.com\/fr\/wp-json\/wp\/v2\/categories?post=3715"},{"taxonomy":"post_tag","embeddable":true,"href":"https:\/\/najibmikou.com\/fr\/wp-json\/wp\/v2\/tags?post=3715"}],"curies":[{"name":"wp","href":"https:\/\/api.w.org\/{rel}","templated":true}]}}