{"id":3705,"date":"2025-10-13T13:57:26","date_gmt":"2025-10-13T11:57:26","guid":{"rendered":"https:\/\/najibmikou.com\/fr\/?p=3705"},"modified":"2025-10-13T13:57:27","modified_gmt":"2025-10-13T11:57:27","slug":"reforme-de-la-sante-le-temps-royal-nattendra-pas","status":"publish","type":"post","link":"https:\/\/najibmikou.com\/fr\/reforme-de-la-sante-le-temps-royal-nattendra-pas\/","title":{"rendered":"R\u00e9forme de la Sant\u00e9 : le &#8220;Temps Royal&#8221; n&#8217;attendra pas"},"content":{"rendered":"\n<p><strong>Najib Mikou<\/strong><\/p>\n\n\n\n<p>Le Ministre de la Sant\u00e9 a pr\u00e9sent\u00e9 lundi dernier dans une \u00e9mission sp\u00e9ciale sur la 2\u00e8me Cha\u00eene, son dispositif de r\u00e9forme.<\/p>\n\n\n\n<p>Deux points majeurs ont retenu mon attention :<\/p>\n\n\n\n<p>1- le manque de m\u00e9decins va \u00eatre combl\u00e9 par l&#8217;augmentation de 20% du nombre d&#8217;\u00e9tudiants et la r\u00e9duction du nombre d&#8217;ann\u00e9es de formation de 7 \u00e0 6 ans.<\/p>\n\n\n\n<p>2- la difficult\u00e9 d&#8217;acc\u00e8s \u00e0 l&#8217;h\u00f4pital va \u00eatre endigu\u00e9e par le lancement d&#8217;un nouveau march\u00e9 de gardiennage.<\/p>\n\n\n\n<p>Ces dispositions suscitent chez moi deux r\u00e9actions et des propositions compl\u00e9mentaires.<\/p>\n\n\n\n<p>1- je crois qu&#8217;on ne peut confier l&#8217;acc\u00e8s aux soins \u00e0 des soci\u00e9t\u00e9s de gardiennage. La porte de l&#8217;h\u00f4pital est un point critique majeur qui doit \u00eatre ma\u00eetris\u00e9 dans le cadre d&#8217;un Syst\u00e8me de Management Global dont l&#8217;h\u00f4pital public doit \u00eatre dot\u00e9 dans les meilleurs d\u00e9lais.<\/p>\n\n\n\n<p>Je le dis sans h\u00e9sitation : le SMG de l&#8217;h\u00f4pital doit \u00eatre confi\u00e9 \u00e0 des soci\u00e9t\u00e9s priv\u00e9es sp\u00e9cialis\u00e9es, dans le cadre d&#8217;un Cahier des Charges qui exige des r\u00e9f\u00e9rences solides, recense les t\u00e2ches pr\u00e9cises \u00e0 accomplir, favorise des cr\u00e9ations d&#8217;emplois, et fixe les indicateurs d&#8217;\u00e9valuation de performance en termes notamment, de d\u00e9lai de prise de rendez-vous, de salubrit\u00e9 g\u00e9n\u00e9rale, de satisfaction des citoyens.<\/p>\n\n\n\n<p>2- vouloir r\u00e9gler le probl\u00e8me du manque structurel de m\u00e9decins par lesdits moyens, c&#8217;est admettre de rel\u00e9guer la douleur de millions de citoyens \u00e0 un futur qui viendra dans 10 ans au mieux.<\/p>\n\n\n\n<p>Il me para\u00eet n\u00e9cessaire d&#8217;agir ici et maintenant sur d&#8217;autres leviers, dont l&#8217;impact va \u00eatre imm\u00e9diat :<\/p>\n\n\n\n<p>a- convaincre des m\u00e9decins marocains expatri\u00e9s de rentrer au Maroc,<\/p>\n\n\n\n<p>b- am\u00e9liorer substantiellement la situation de nos m\u00e9decins rest\u00e9s au pays, pour stopper l&#8217;h\u00e9morragie,<\/p>\n\n\n\n<p>c- permettre \u00e0 des m\u00e9decins priv\u00e9s d&#8217;intervenir dans les h\u00f4pitaux et dispensaires moyennant r\u00e9mun\u00e9ration, et interdire strictement l&#8217;inverse,<\/p>\n\n\n\n<p>d- \u00e9tudier la possibilit\u00e9 de conversion volontaire de pharmaciens et dentistes en difficult\u00e9 professionnelle, en m\u00e9decins g\u00e9n\u00e9ralistes, urgentistes et \u00e9ventuellement sp\u00e9cialistes,<\/p>\n\n\n\n<p>e- augmenter le nombre et intensifier la formation du personnel param\u00e9dical,<\/p>\n\n\n\n<p>f- permettre aux m\u00e9decins \u00e9trangers de venir travailler dans nos h\u00f4pitaux et dispensaires,<\/p>\n\n\n\n<p>g- d\u00e9velopper \u00e0 grande \u00e9chelle, les consultations \u00e0 distance,<\/p>\n\n\n\n<p>h- d\u00e9ployer un syst\u00e8me de rotation hebdomadaire entre les m\u00e9decins publics dans le monde rural et les petites villes,<\/p>\n\n\n\n<p>i- outre l&#8217;encouragement des caravanes m\u00e9dicales, mettre en place un syst\u00e8me de b\u00e9n\u00e9volat de tous les m\u00e9decins priv\u00e9s, de 1 jour tous les 3 ou 6 mois, au nom du &#8220;Service Rendu \u00e0 la Nation&#8221;, qu&#8217;ils passeront dans le monde rural et les petites villes.<\/p>\n\n\n\n<p>j- g\u00e9n\u00e9raliser les structures m\u00e9dicales ambulantes de proximit\u00e9, \u00e0 l&#8217;ensemble des zones \u00e9loign\u00e9es.<\/p>\n\n\n\n<p>k- mettre \u00e0 contribution les op\u00e9rateurs publics et priv\u00e9s de secteurs \u00e0 tr\u00e8s haute valeur ajout\u00e9e, dans l&#8217;\u00e9quipement des h\u00f4pitaux et dispensaires et dans l&#8217;approvisionnement r\u00e9gulier de ces structures en m\u00e9dicaments.<\/p>\n","protected":false},"excerpt":{"rendered":"<p>Najib Mikou Le Ministre de la Sant\u00e9 a pr\u00e9sent\u00e9 lundi dernier dans une \u00e9mission sp\u00e9ciale sur la 2\u00e8me Cha\u00eene, son dispositif de r\u00e9forme. Deux points majeurs ont retenu mon attention : 1- le manque de m\u00e9decins va \u00eatre combl\u00e9 par l&#8217;augmentation de 20% du nombre d&#8217;\u00e9tudiants et la r\u00e9duction du nombre d&#8217;ann\u00e9es de formation de [&hellip;]<\/p>\n","protected":false},"author":1,"featured_media":3706,"comment_status":"open","ping_status":"open","sticky":false,"template":"","format":"standard","meta":{"pgc_sgb_lightbox_settings":""},"categories":[71,13,12,5,18,14],"tags":[],"yoast_head":"<!-- This site is optimized with the Yoast SEO plugin v15.9.2 - https:\/\/yoast.com\/wordpress\/plugins\/seo\/ -->\n<meta name=\"robots\" content=\"index, follow, max-snippet:-1, max-image-preview:large, max-video-preview:-1\" \/>\n<link rel=\"canonical\" href=\"https:\/\/najibmikou.com\/fr\/reforme-de-la-sante-le-temps-royal-nattendra-pas\/\" \/>\n<meta property=\"og:locale\" content=\"fr_FR\" \/>\n<meta property=\"og:type\" content=\"article\" \/>\n<meta property=\"og:title\" content=\"R\u00e9forme de la Sant\u00e9 : le &quot;Temps Royal&quot; n&#039;attendra pas - Najib MIKOU\" \/>\n<meta property=\"og:description\" content=\"Najib Mikou Le Ministre de la Sant\u00e9 a pr\u00e9sent\u00e9 lundi dernier dans une \u00e9mission sp\u00e9ciale sur la 2\u00e8me Cha\u00eene, son dispositif de r\u00e9forme. Deux points majeurs ont retenu mon attention : 1- le manque de m\u00e9decins va \u00eatre combl\u00e9 par l&#8217;augmentation de 20% du nombre d&#8217;\u00e9tudiants et la r\u00e9duction du nombre d&#8217;ann\u00e9es de formation de [&hellip;]\" \/>\n<meta property=\"og:url\" content=\"https:\/\/najibmikou.com\/fr\/reforme-de-la-sante-le-temps-royal-nattendra-pas\/\" \/>\n<meta property=\"og:site_name\" content=\"Najib MIKOU\" \/>\n<meta property=\"article:published_time\" content=\"2025-10-13T11:57:26+00:00\" \/>\n<meta property=\"article:modified_time\" content=\"2025-10-13T11:57:27+00:00\" \/>\n<meta property=\"og:image\" content=\"https:\/\/najibmikou.com\/fr\/wp-content\/uploads\/2025\/10\/La-reforme-de-la-sante-se-poursuit.jpg\" \/>\n\t<meta property=\"og:image:width\" content=\"798\" \/>\n\t<meta property=\"og:image:height\" content=\"532\" \/>\n<meta name=\"twitter:card\" content=\"summary_large_image\" \/>\n<meta name=\"twitter:label1\" content=\"Dur\u00e9e de lecture est.\">\n\t<meta name=\"twitter:data1\" content=\"2 minutes\">\n<script type=\"application\/ld+json\" class=\"yoast-schema-graph\">{\"@context\":\"https:\/\/schema.org\",\"@graph\":[{\"@type\":\"WebSite\",\"@id\":\"https:\/\/najibmikou.com\/fr\/#website\",\"url\":\"https:\/\/najibmikou.com\/fr\/\",\"name\":\"Najib MIKOU\",\"description\":\"\\u00c9crire c&#039;est contribuer \\u00e0 ce que le temps collectif ne se trompe pas de chemin\",\"potentialAction\":[{\"@type\":\"SearchAction\",\"target\":\"https:\/\/najibmikou.com\/fr\/?s={search_term_string}\",\"query-input\":\"required name=search_term_string\"}],\"inLanguage\":\"fr-FR\"},{\"@type\":\"ImageObject\",\"@id\":\"https:\/\/najibmikou.com\/fr\/reforme-de-la-sante-le-temps-royal-nattendra-pas\/#primaryimage\",\"inLanguage\":\"fr-FR\",\"url\":\"https:\/\/najibmikou.com\/fr\/wp-content\/uploads\/2025\/10\/La-reforme-de-la-sante-se-poursuit.jpg\",\"width\":798,\"height\":532},{\"@type\":\"WebPage\",\"@id\":\"https:\/\/najibmikou.com\/fr\/reforme-de-la-sante-le-temps-royal-nattendra-pas\/#webpage\",\"url\":\"https:\/\/najibmikou.com\/fr\/reforme-de-la-sante-le-temps-royal-nattendra-pas\/\",\"name\":\"R\\u00e9forme de la Sant\\u00e9 : le \\\"Temps Royal\\\" n'attendra pas - Najib MIKOU\",\"isPartOf\":{\"@id\":\"https:\/\/najibmikou.com\/fr\/#website\"},\"primaryImageOfPage\":{\"@id\":\"https:\/\/najibmikou.com\/fr\/reforme-de-la-sante-le-temps-royal-nattendra-pas\/#primaryimage\"},\"datePublished\":\"2025-10-13T11:57:26+00:00\",\"dateModified\":\"2025-10-13T11:57:27+00:00\",\"author\":{\"@id\":\"https:\/\/najibmikou.com\/fr\/#\/schema\/person\/ad833ab699d080f01dced99b1891ec1e\"},\"breadcrumb\":{\"@id\":\"https:\/\/najibmikou.com\/fr\/reforme-de-la-sante-le-temps-royal-nattendra-pas\/#breadcrumb\"},\"inLanguage\":\"fr-FR\",\"potentialAction\":[{\"@type\":\"ReadAction\",\"target\":[\"https:\/\/najibmikou.com\/fr\/reforme-de-la-sante-le-temps-royal-nattendra-pas\/\"]}]},{\"@type\":\"BreadcrumbList\",\"@id\":\"https:\/\/najibmikou.com\/fr\/reforme-de-la-sante-le-temps-royal-nattendra-pas\/#breadcrumb\",\"itemListElement\":[{\"@type\":\"ListItem\",\"position\":1,\"item\":{\"@type\":\"WebPage\",\"@id\":\"https:\/\/najibmikou.com\/fr\/\",\"url\":\"https:\/\/najibmikou.com\/fr\/\",\"name\":\"Accueil\"}},{\"@type\":\"ListItem\",\"position\":2,\"item\":{\"@type\":\"WebPage\",\"@id\":\"https:\/\/najibmikou.com\/fr\/reforme-de-la-sante-le-temps-royal-nattendra-pas\/\",\"url\":\"https:\/\/najibmikou.com\/fr\/reforme-de-la-sante-le-temps-royal-nattendra-pas\/\",\"name\":\"R\\u00e9forme de la Sant\\u00e9 : le &#8220;Temps Royal&#8221; n&#8217;attendra pas\"}}]},{\"@type\":\"Person\",\"@id\":\"https:\/\/najibmikou.com\/fr\/#\/schema\/person\/ad833ab699d080f01dced99b1891ec1e\",\"name\":\"Najib Mikou\",\"image\":{\"@type\":\"ImageObject\",\"@id\":\"https:\/\/najibmikou.com\/fr\/#personlogo\",\"inLanguage\":\"fr-FR\",\"url\":\"https:\/\/secure.gravatar.com\/avatar\/6dfd4a9a9096131eea6d80fb3de585a0?s=96&d=mm&r=g\",\"caption\":\"Najib Mikou\"},\"sameAs\":[\"http:\/\/najibmikou.com\/fr\"]}]}<\/script>\n<!-- \/ Yoast SEO plugin. -->","_links":{"self":[{"href":"https:\/\/najibmikou.com\/fr\/wp-json\/wp\/v2\/posts\/3705"}],"collection":[{"href":"https:\/\/najibmikou.com\/fr\/wp-json\/wp\/v2\/posts"}],"about":[{"href":"https:\/\/najibmikou.com\/fr\/wp-json\/wp\/v2\/types\/post"}],"author":[{"embeddable":true,"href":"https:\/\/najibmikou.com\/fr\/wp-json\/wp\/v2\/users\/1"}],"replies":[{"embeddable":true,"href":"https:\/\/najibmikou.com\/fr\/wp-json\/wp\/v2\/comments?post=3705"}],"version-history":[{"count":1,"href":"https:\/\/najibmikou.com\/fr\/wp-json\/wp\/v2\/posts\/3705\/revisions"}],"predecessor-version":[{"id":3707,"href":"https:\/\/najibmikou.com\/fr\/wp-json\/wp\/v2\/posts\/3705\/revisions\/3707"}],"wp:featuredmedia":[{"embeddable":true,"href":"https:\/\/najibmikou.com\/fr\/wp-json\/wp\/v2\/media\/3706"}],"wp:attachment":[{"href":"https:\/\/najibmikou.com\/fr\/wp-json\/wp\/v2\/media?parent=3705"}],"wp:term":[{"taxonomy":"category","embeddable":true,"href":"https:\/\/najibmikou.com\/fr\/wp-json\/wp\/v2\/categories?post=3705"},{"taxonomy":"post_tag","embeddable":true,"href":"https:\/\/najibmikou.com\/fr\/wp-json\/wp\/v2\/tags?post=3705"}],"curies":[{"name":"wp","href":"https:\/\/api.w.org\/{rel}","templated":true}]}}