{"id":3694,"date":"2025-05-02T18:31:47","date_gmt":"2025-05-02T16:31:47","guid":{"rendered":"https:\/\/najibmikou.com\/fr\/?p=3694"},"modified":"2025-05-29T13:10:05","modified_gmt":"2025-05-29T11:10:05","slug":"nouveau-round-du-dialogue-social-retraites-absents","status":"publish","type":"post","link":"https:\/\/najibmikou.com\/fr\/nouveau-round-du-dialogue-social-retraites-absents\/","title":{"rendered":"Nouveau round du Dialogue Social :                 Retrait\u00e9s ? absents !"},"content":{"rendered":"\n<p><strong>Najib Mikou<\/strong><\/p>\n\n\n\n<p>Le Dialogue Social repris ces derniers jours, a tenu presque toutes ses promesses. D&#8217;abord par le fait qu&#8217;il ait lieu avec une r\u00e9gularit\u00e9 sans faille, qui t\u00e9moigne d&#8217;une conviction, d&#8217;une volont\u00e9 et d&#8217;un mode op\u00e9ratoire de l&#8217;Etat qui s&#8217;affirment et se confirment.<br><br>Puis par les nouvelles avanc\u00e9es significatives qui ont \u00e9t\u00e9 enregistr\u00e9es au profit des agents de l&#8217;Etat, et donc d&#8217;une partie non n\u00e9gligeable de la Classe Moyenne.<br><br>Mais, car il y a un &#8220;mais&#8221; et non des moindres, les centaines de milliers de retrait\u00e9s sont encore une fois les oubli\u00e9s de ce round. On leur fait presque une tacite recommandation : vaut mieux mourir, d&#8217;autant plus que vous \u00eates la cause de tous les malheurs des Caisses de Retraites.<br><br>Apr\u00e8s avoir \u00e9t\u00e9 \u00e9cart\u00e9s des augmentations salariales successives de ces derni\u00e8res ann\u00e9es, et sauf rattrapage in extremis, ils l&#8217;ont \u00e9t\u00e9 cette fois encore, comme s&#8217;ils n&#8217;\u00e9taient pas eux aussi, concern\u00e9s par la crise de la chert\u00e9 de la vie et de son corollaire, la d\u00e9t\u00e9rioration consid\u00e9rable du Pouvoir d&#8217;achat.<br><br>\u00c0 propos justement des grandes difficult\u00e9s financi\u00e8res des Caisses de Retraites, faut-il rappeler que les grandes innovations sont n\u00e9es d&#8217;un changement de perspective ? Un jour quelqu&#8217;un regarde un probl\u00e8me diff\u00e9remment et TOUT change pour le meilleur. Si le Gouvernement ne fait pas cet exercice\/enseignement de l&#8217;histoire de l&#8217;humanit\u00e9, nos Caisses resteront dans leur cercle vicieux interminable.<br><br>La Solution pour les Caisses de Retraites consiste principalement, en la cr\u00e9ation d&#8217;une Banque d&#8217;Epargne publique\/priv\u00e9e, port\u00e9e par les fonds de ces Caisses, au lieu de persister \u00e0 n&#8217;envisager de solutions qu&#8217;au d\u00e9pend des moyens de l&#8217;Etat, des travailleurs et des retrait\u00e9s.<br><br>Bref, le changement de perspective, l&#8217;inversion de la cartographie, l&#8217;abondant de chemins trac\u00e9s d&#8217;avance qui m\u00e8nent droit vers la faillite g\u00e9n\u00e9ralis\u00e9e de notre Syst\u00e8me de retraite.<br><br>Le choix \u00e0 faire aujourd&#8217;hui est entre :<br><\/p>\n\n\n\n<p>\u2022 le cercle vicieux actuel, le statuco revu et superficiellement corrig\u00e9, qui condamne les pensions des retrait\u00e9s, p\u00e9nalise les travailleurs actuels et \u00e0 venir, et pompe davantage des maigres moyens de l&#8217;Etat qui gagneraient \u00e0 \u00eatre d\u00e9ploy\u00e9s vers d&#8217;autres priorit\u00e9s cruellement n\u00e9cessaires pour le d\u00e9veloppement \u00e9conomique et social du pays, devenu encore plus pressant,<br><\/p>\n\n\n\n<p>\u2022 et un cercle vertueux qui consiste \u00e0 d\u00e9coupler entre les cotisations collect\u00e9es et les pensions distribu\u00e9es, en cr\u00e9ant une machine \u00e0 fructifier plut\u00f4t qu&#8217;\u00e0 broyer l&#8217;argent du Capital et du Travail. Une banque qui contribuera au d\u00e9veloppement \u00e9conomique de notre pays, et oeuvrera \u00e0 la valorisation des pensions de nos retrait\u00e9s, et \u00e0 l&#8217;\u00e9panouissement de nos travailleurs actuels et \u00e0 venir.<br><br>Faut-il rappeler ici, que l&#8217;id\u00e9e de cr\u00e9ation d&#8217;une Banque d&#8217;Epargne n&#8217;est qu&#8217;un \u00e9l\u00e9ment d&#8217;un puzzle que j&#8217;ai propos\u00e9 \u00e7a fait quelques ann\u00e9es, pour emprunter la voie dudit cercle vertueux.<\/p>\n","protected":false},"excerpt":{"rendered":"<p>Najib Mikou Le Dialogue Social repris ces derniers jours, a tenu presque toutes ses promesses. D&#8217;abord par le fait qu&#8217;il ait lieu avec une r\u00e9gularit\u00e9 sans faille, qui t\u00e9moigne d&#8217;une conviction, d&#8217;une volont\u00e9 et d&#8217;un mode op\u00e9ratoire de l&#8217;Etat qui s&#8217;affirment et se confirment. Puis par les nouvelles avanc\u00e9es significatives qui ont \u00e9t\u00e9 enregistr\u00e9es au [&hellip;]<\/p>\n","protected":false},"author":1,"featured_media":1667,"comment_status":"open","ping_status":"open","sticky":false,"template":"","format":"standard","meta":{"pgc_sgb_lightbox_settings":""},"categories":[71,6,13,12,5,17,18,14],"tags":[],"yoast_head":"<!-- This site is optimized with the Yoast SEO plugin v15.9.2 - https:\/\/yoast.com\/wordpress\/plugins\/seo\/ -->\n<meta name=\"robots\" content=\"index, follow, max-snippet:-1, max-image-preview:large, max-video-preview:-1\" \/>\n<link rel=\"canonical\" href=\"https:\/\/najibmikou.com\/fr\/nouveau-round-du-dialogue-social-retraites-absents\/\" \/>\n<meta property=\"og:locale\" content=\"fr_FR\" \/>\n<meta property=\"og:type\" content=\"article\" \/>\n<meta property=\"og:title\" content=\"Nouveau round du Dialogue Social :         Retrait\u00e9s ? absents ! - Najib MIKOU\" \/>\n<meta property=\"og:description\" content=\"Najib Mikou Le Dialogue Social repris ces derniers jours, a tenu presque toutes ses promesses. D&#8217;abord par le fait qu&#8217;il ait lieu avec une r\u00e9gularit\u00e9 sans faille, qui t\u00e9moigne d&#8217;une conviction, d&#8217;une volont\u00e9 et d&#8217;un mode op\u00e9ratoire de l&#8217;Etat qui s&#8217;affirment et se confirment. Puis par les nouvelles avanc\u00e9es significatives qui ont \u00e9t\u00e9 enregistr\u00e9es au [&hellip;]\" \/>\n<meta property=\"og:url\" content=\"https:\/\/najibmikou.com\/fr\/nouveau-round-du-dialogue-social-retraites-absents\/\" \/>\n<meta property=\"og:site_name\" content=\"Najib MIKOU\" \/>\n<meta property=\"article:published_time\" content=\"2025-05-02T16:31:47+00:00\" \/>\n<meta property=\"article:modified_time\" content=\"2025-05-29T11:10:05+00:00\" \/>\n<meta property=\"og:image\" content=\"https:\/\/najibmikou.com\/fr\/wp-content\/uploads\/2021\/03\/najibmikou.jpeg\" \/>\n\t<meta property=\"og:image:width\" content=\"699\" \/>\n\t<meta property=\"og:image:height\" content=\"400\" \/>\n<meta name=\"twitter:card\" content=\"summary_large_image\" \/>\n<meta name=\"twitter:label1\" content=\"Dur\u00e9e de lecture est.\">\n\t<meta name=\"twitter:data1\" content=\"2 minutes\">\n<script type=\"application\/ld+json\" class=\"yoast-schema-graph\">{\"@context\":\"https:\/\/schema.org\",\"@graph\":[{\"@type\":\"WebSite\",\"@id\":\"https:\/\/najibmikou.com\/fr\/#website\",\"url\":\"https:\/\/najibmikou.com\/fr\/\",\"name\":\"Najib MIKOU\",\"description\":\"\\u00c9crire c&#039;est contribuer \\u00e0 ce que le temps collectif ne se trompe pas de chemin\",\"potentialAction\":[{\"@type\":\"SearchAction\",\"target\":\"https:\/\/najibmikou.com\/fr\/?s={search_term_string}\",\"query-input\":\"required name=search_term_string\"}],\"inLanguage\":\"fr-FR\"},{\"@type\":\"ImageObject\",\"@id\":\"https:\/\/najibmikou.com\/fr\/nouveau-round-du-dialogue-social-retraites-absents\/#primaryimage\",\"inLanguage\":\"fr-FR\",\"url\":\"https:\/\/najibmikou.com\/fr\/wp-content\/uploads\/2021\/03\/najibmikou.jpeg\",\"width\":699,\"height\":400},{\"@type\":\"WebPage\",\"@id\":\"https:\/\/najibmikou.com\/fr\/nouveau-round-du-dialogue-social-retraites-absents\/#webpage\",\"url\":\"https:\/\/najibmikou.com\/fr\/nouveau-round-du-dialogue-social-retraites-absents\/\",\"name\":\"Nouveau round du Dialogue Social : Retrait\\u00e9s ? absents ! - Najib MIKOU\",\"isPartOf\":{\"@id\":\"https:\/\/najibmikou.com\/fr\/#website\"},\"primaryImageOfPage\":{\"@id\":\"https:\/\/najibmikou.com\/fr\/nouveau-round-du-dialogue-social-retraites-absents\/#primaryimage\"},\"datePublished\":\"2025-05-02T16:31:47+00:00\",\"dateModified\":\"2025-05-29T11:10:05+00:00\",\"author\":{\"@id\":\"https:\/\/najibmikou.com\/fr\/#\/schema\/person\/ad833ab699d080f01dced99b1891ec1e\"},\"breadcrumb\":{\"@id\":\"https:\/\/najibmikou.com\/fr\/nouveau-round-du-dialogue-social-retraites-absents\/#breadcrumb\"},\"inLanguage\":\"fr-FR\",\"potentialAction\":[{\"@type\":\"ReadAction\",\"target\":[\"https:\/\/najibmikou.com\/fr\/nouveau-round-du-dialogue-social-retraites-absents\/\"]}]},{\"@type\":\"BreadcrumbList\",\"@id\":\"https:\/\/najibmikou.com\/fr\/nouveau-round-du-dialogue-social-retraites-absents\/#breadcrumb\",\"itemListElement\":[{\"@type\":\"ListItem\",\"position\":1,\"item\":{\"@type\":\"WebPage\",\"@id\":\"https:\/\/najibmikou.com\/fr\/\",\"url\":\"https:\/\/najibmikou.com\/fr\/\",\"name\":\"Accueil\"}},{\"@type\":\"ListItem\",\"position\":2,\"item\":{\"@type\":\"WebPage\",\"@id\":\"https:\/\/najibmikou.com\/fr\/nouveau-round-du-dialogue-social-retraites-absents\/\",\"url\":\"https:\/\/najibmikou.com\/fr\/nouveau-round-du-dialogue-social-retraites-absents\/\",\"name\":\"Nouveau round du Dialogue Social : Retrait\\u00e9s ? absents !\"}}]},{\"@type\":\"Person\",\"@id\":\"https:\/\/najibmikou.com\/fr\/#\/schema\/person\/ad833ab699d080f01dced99b1891ec1e\",\"name\":\"Najib Mikou\",\"image\":{\"@type\":\"ImageObject\",\"@id\":\"https:\/\/najibmikou.com\/fr\/#personlogo\",\"inLanguage\":\"fr-FR\",\"url\":\"https:\/\/secure.gravatar.com\/avatar\/6dfd4a9a9096131eea6d80fb3de585a0?s=96&d=mm&r=g\",\"caption\":\"Najib Mikou\"},\"sameAs\":[\"http:\/\/najibmikou.com\/fr\"]}]}<\/script>\n<!-- \/ Yoast SEO plugin. -->","_links":{"self":[{"href":"https:\/\/najibmikou.com\/fr\/wp-json\/wp\/v2\/posts\/3694"}],"collection":[{"href":"https:\/\/najibmikou.com\/fr\/wp-json\/wp\/v2\/posts"}],"about":[{"href":"https:\/\/najibmikou.com\/fr\/wp-json\/wp\/v2\/types\/post"}],"author":[{"embeddable":true,"href":"https:\/\/najibmikou.com\/fr\/wp-json\/wp\/v2\/users\/1"}],"replies":[{"embeddable":true,"href":"https:\/\/najibmikou.com\/fr\/wp-json\/wp\/v2\/comments?post=3694"}],"version-history":[{"count":5,"href":"https:\/\/najibmikou.com\/fr\/wp-json\/wp\/v2\/posts\/3694\/revisions"}],"predecessor-version":[{"id":3701,"href":"https:\/\/najibmikou.com\/fr\/wp-json\/wp\/v2\/posts\/3694\/revisions\/3701"}],"wp:featuredmedia":[{"embeddable":true,"href":"https:\/\/najibmikou.com\/fr\/wp-json\/wp\/v2\/media\/1667"}],"wp:attachment":[{"href":"https:\/\/najibmikou.com\/fr\/wp-json\/wp\/v2\/media?parent=3694"}],"wp:term":[{"taxonomy":"category","embeddable":true,"href":"https:\/\/najibmikou.com\/fr\/wp-json\/wp\/v2\/categories?post=3694"},{"taxonomy":"post_tag","embeddable":true,"href":"https:\/\/najibmikou.com\/fr\/wp-json\/wp\/v2\/tags?post=3694"}],"curies":[{"name":"wp","href":"https:\/\/api.w.org\/{rel}","templated":true}]}}