{"id":3685,"date":"2025-04-08T13:08:13","date_gmt":"2025-04-08T11:08:13","guid":{"rendered":"https:\/\/najibmikou.com\/fr\/?p=3685"},"modified":"2025-04-08T13:08:14","modified_gmt":"2025-04-08T11:08:14","slug":"retour-a-lheure-dete-une-25eme-heure-de-toutes-les-turbulences-de-tous-les-desagrements","status":"publish","type":"post","link":"https:\/\/najibmikou.com\/fr\/retour-a-lheure-dete-une-25eme-heure-de-toutes-les-turbulences-de-tous-les-desagrements\/","title":{"rendered":"Retour \u00e0 l&#8217;heure d&#8217;\u00e9t\u00e9 :<br>Une 25\u00e8me heure de toutes les turbulences, de tous les d\u00e9sagr\u00e9ments"},"content":{"rendered":"\n<p><strong>Najib Mikou<\/strong><\/p>\n\n\n\n<p>En ce lendemain du mois Sacr\u00e9 de Ramadan, nos pendules retrouveront sous peu, l&#8217;heure\u2026. d&#8217;\u00e9t\u00e9.<\/p>\n\n\n\n<p>Se basant sur des r\u00e9sultats de sondages d&#8217;opinion et d&#8217;\u00e9tudes r\u00e9alis\u00e9s, mais qui n&#8217;ont jamais \u00e9t\u00e9 rendus publics, le gouvernement a fini par faire le choix de la 25\u00e8me heure pour toute l&#8217;ann\u00e9e ou presque, n&#8217;en d\u00e9plaise \u00e0 l&#8217;horloge biologique et au temps social des marocains.<\/p>\n\n\n\n<p>Des consid\u00e9rations financi\u00e8res auraient fortement pes\u00e9 pour justifier que tout bascula vers l&#8217;heure d&#8217;\u00e9t\u00e9, dont m\u00eame l&#8217;hiver.<\/p>\n\n\n\n<p>Les caisses de l&#8217;Etat gagneraient, dit une source autoris\u00e9e, quelques 35 \u2026 millions de \u2026.dhs chaque \u2026. ann\u00e9e, gr\u00e2ce \u00e0 l&#8217;heure d&#8217;\u00e9t\u00e9 \u00e9tendue sur toute l&#8217;ann\u00e9e ou presque.<\/p>\n\n\n\n<p>Il est \u00e0 parier que les marocains seraient pr\u00eats \u00e0 verser 1 dh chacun par an au Tr\u00e9sor, ce qui lui fait les 35 millions de dhs de gain que g\u00e9n\u00e9rerait l&#8217;application de l&#8217;heure d&#8217;\u00e9t\u00e9, pourvu qu&#8217;on leur maintienne leur heure biologique et leur temps social.<\/p>\n\n\n\n<p>Pour 35 millions de dh qui ne repr\u00e9sentent m\u00eame pas 1\/10000 du budget g\u00e9n\u00e9ral de l&#8217;Etat, on d\u00e9cide de perturber tout un pays, toute une soci\u00e9t\u00e9, du nouveau-n\u00e9 jusqu&#8217;au plus \u00e2g\u00e9 !!!<\/p>\n\n\n\n<p>Quant \u00e0 un suppos\u00e9 un gain \u00e9conomique dont profiteraient nos op\u00e9rateurs \u00e9conomiques orient\u00e9s export, est-il n\u00e9cessaire de rappeler ici que l&#8217;heure de l&#8217;exportateur est celle de ses march\u00e9s et non jamais celle de son pays. C&#8217;est celle-l\u00e0 m\u00eame qui lui \u00e9dicte toute son organisation et sa planification de travail et de production.<\/p>\n\n\n\n<p>Sinon qu&#8217;aurait \u00e9t\u00e9 &#8220;l&#8217;heure de vie&#8221; des pays asiatiques dont le d\u00e9calage de plusieurs heures notamment, avec l&#8217;Europe et des \u00c9tats-Unis, ne les emp\u00eache nullement de les approvisionner au jour et \u00e0 l&#8217;heure convenus avec leurs dizaines de milliers de clients. Et vice et versa.<\/p>\n\n\n\n<p>Combien de milliards de dh engage-t-on pour sauvegarder une coh\u00e9sion sociale ?!!! Rien n&#8217;est jamais perdu ni jamais trop cher pay\u00e9, que l&#8217;on doive d\u00e9penser pour cela.<\/p>\n\n\n\n<p>Est-il besoin de rappeler ici qu&#8217;il n&#8217;y a aucun prix, AUCUN, \u00e0 la s\u00e9r\u00e9nit\u00e9 et \u00e0 la paisibilit\u00e9 personnelle et collective de nos concitoyens? Qui plus est quand il s&#8217;agit de l&#8217;heure du r\u00e9veil, de l&#8217;\u00e9cole, du travail, des pri\u00e8res, du sommeil. Qui plus est quand la contrepartie serait quelques sous ou quelques milliards de sous.<\/p>\n\n\n\n<p>Qui plus est quand la Loi marocaine dit que l&#8217;heure l\u00e9gale c&#8217;est l&#8217;heure d&#8217;hiver \ud83d\ude03.<\/p>\n","protected":false},"excerpt":{"rendered":"<p>Najib Mikou En ce lendemain du mois Sacr\u00e9 de Ramadan, nos pendules retrouveront sous peu, l&#8217;heure\u2026. d&#8217;\u00e9t\u00e9. Se basant sur des r\u00e9sultats de sondages d&#8217;opinion et d&#8217;\u00e9tudes r\u00e9alis\u00e9s, mais qui n&#8217;ont jamais \u00e9t\u00e9 rendus publics, le gouvernement a fini par faire le choix de la 25\u00e8me heure pour toute l&#8217;ann\u00e9e ou presque, n&#8217;en d\u00e9plaise \u00e0 [&hellip;]<\/p>\n","protected":false},"author":1,"featured_media":0,"comment_status":"open","ping_status":"open","sticky":false,"template":"","format":"standard","meta":{"pgc_sgb_lightbox_settings":""},"categories":[13,12,5,18,14],"tags":[],"yoast_head":"<!-- This site is optimized with the Yoast SEO plugin v15.9.2 - https:\/\/yoast.com\/wordpress\/plugins\/seo\/ -->\n<meta name=\"robots\" content=\"index, follow, max-snippet:-1, max-image-preview:large, max-video-preview:-1\" \/>\n<link rel=\"canonical\" href=\"https:\/\/najibmikou.com\/fr\/retour-a-lheure-dete-une-25eme-heure-de-toutes-les-turbulences-de-tous-les-desagrements\/\" \/>\n<meta property=\"og:locale\" content=\"fr_FR\" \/>\n<meta property=\"og:type\" content=\"article\" \/>\n<meta property=\"og:title\" content=\"Retour \u00e0 l&#039;heure d&#039;\u00e9t\u00e9 :Une 25\u00e8me heure de toutes les turbulences, de tous les d\u00e9sagr\u00e9ments - Najib MIKOU\" \/>\n<meta property=\"og:description\" content=\"Najib Mikou En ce lendemain du mois Sacr\u00e9 de Ramadan, nos pendules retrouveront sous peu, l&#8217;heure\u2026. d&#8217;\u00e9t\u00e9. Se basant sur des r\u00e9sultats de sondages d&#8217;opinion et d&#8217;\u00e9tudes r\u00e9alis\u00e9s, mais qui n&#8217;ont jamais \u00e9t\u00e9 rendus publics, le gouvernement a fini par faire le choix de la 25\u00e8me heure pour toute l&#8217;ann\u00e9e ou presque, n&#8217;en d\u00e9plaise \u00e0 [&hellip;]\" \/>\n<meta property=\"og:url\" content=\"https:\/\/najibmikou.com\/fr\/retour-a-lheure-dete-une-25eme-heure-de-toutes-les-turbulences-de-tous-les-desagrements\/\" \/>\n<meta property=\"og:site_name\" content=\"Najib MIKOU\" \/>\n<meta property=\"article:published_time\" content=\"2025-04-08T11:08:13+00:00\" \/>\n<meta property=\"article:modified_time\" content=\"2025-04-08T11:08:14+00:00\" \/>\n<meta property=\"og:image\" content=\"https:\/\/najibmikou.com\/fr\/wp-content\/uploads\/2021\/03\/Logo-Mikou-MAC.png\" \/>\n\t<meta property=\"og:image:width\" content=\"822\" \/>\n\t<meta property=\"og:image:height\" content=\"510\" \/>\n<meta name=\"twitter:card\" content=\"summary_large_image\" \/>\n<meta name=\"twitter:label1\" content=\"Dur\u00e9e de lecture est.\">\n\t<meta name=\"twitter:data1\" content=\"2 minutes\">\n<script type=\"application\/ld+json\" class=\"yoast-schema-graph\">{\"@context\":\"https:\/\/schema.org\",\"@graph\":[{\"@type\":\"WebSite\",\"@id\":\"https:\/\/najibmikou.com\/fr\/#website\",\"url\":\"https:\/\/najibmikou.com\/fr\/\",\"name\":\"Najib MIKOU\",\"description\":\"\\u00c9crire c&#039;est contribuer \\u00e0 ce que le temps collectif ne se trompe pas de chemin\",\"potentialAction\":[{\"@type\":\"SearchAction\",\"target\":\"https:\/\/najibmikou.com\/fr\/?s={search_term_string}\",\"query-input\":\"required name=search_term_string\"}],\"inLanguage\":\"fr-FR\"},{\"@type\":\"WebPage\",\"@id\":\"https:\/\/najibmikou.com\/fr\/retour-a-lheure-dete-une-25eme-heure-de-toutes-les-turbulences-de-tous-les-desagrements\/#webpage\",\"url\":\"https:\/\/najibmikou.com\/fr\/retour-a-lheure-dete-une-25eme-heure-de-toutes-les-turbulences-de-tous-les-desagrements\/\",\"name\":\"Retour \\u00e0 l'heure d'\\u00e9t\\u00e9 : Une 25\\u00e8me heure de toutes les turbulences, de tous les d\\u00e9sagr\\u00e9ments - Najib MIKOU\",\"isPartOf\":{\"@id\":\"https:\/\/najibmikou.com\/fr\/#website\"},\"datePublished\":\"2025-04-08T11:08:13+00:00\",\"dateModified\":\"2025-04-08T11:08:14+00:00\",\"author\":{\"@id\":\"https:\/\/najibmikou.com\/fr\/#\/schema\/person\/ad833ab699d080f01dced99b1891ec1e\"},\"breadcrumb\":{\"@id\":\"https:\/\/najibmikou.com\/fr\/retour-a-lheure-dete-une-25eme-heure-de-toutes-les-turbulences-de-tous-les-desagrements\/#breadcrumb\"},\"inLanguage\":\"fr-FR\",\"potentialAction\":[{\"@type\":\"ReadAction\",\"target\":[\"https:\/\/najibmikou.com\/fr\/retour-a-lheure-dete-une-25eme-heure-de-toutes-les-turbulences-de-tous-les-desagrements\/\"]}]},{\"@type\":\"BreadcrumbList\",\"@id\":\"https:\/\/najibmikou.com\/fr\/retour-a-lheure-dete-une-25eme-heure-de-toutes-les-turbulences-de-tous-les-desagrements\/#breadcrumb\",\"itemListElement\":[{\"@type\":\"ListItem\",\"position\":1,\"item\":{\"@type\":\"WebPage\",\"@id\":\"https:\/\/najibmikou.com\/fr\/\",\"url\":\"https:\/\/najibmikou.com\/fr\/\",\"name\":\"Accueil\"}},{\"@type\":\"ListItem\",\"position\":2,\"item\":{\"@type\":\"WebPage\",\"@id\":\"https:\/\/najibmikou.com\/fr\/retour-a-lheure-dete-une-25eme-heure-de-toutes-les-turbulences-de-tous-les-desagrements\/\",\"url\":\"https:\/\/najibmikou.com\/fr\/retour-a-lheure-dete-une-25eme-heure-de-toutes-les-turbulences-de-tous-les-desagrements\/\",\"name\":\"Retour \\u00e0 l&#8217;heure d&#8217;\\u00e9t\\u00e9 :Une 25\\u00e8me heure de toutes les turbulences, de tous les d\\u00e9sagr\\u00e9ments\"}}]},{\"@type\":\"Person\",\"@id\":\"https:\/\/najibmikou.com\/fr\/#\/schema\/person\/ad833ab699d080f01dced99b1891ec1e\",\"name\":\"Najib Mikou\",\"image\":{\"@type\":\"ImageObject\",\"@id\":\"https:\/\/najibmikou.com\/fr\/#personlogo\",\"inLanguage\":\"fr-FR\",\"url\":\"https:\/\/secure.gravatar.com\/avatar\/6dfd4a9a9096131eea6d80fb3de585a0?s=96&d=mm&r=g\",\"caption\":\"Najib Mikou\"},\"sameAs\":[\"http:\/\/najibmikou.com\/fr\"]}]}<\/script>\n<!-- \/ Yoast SEO plugin. -->","_links":{"self":[{"href":"https:\/\/najibmikou.com\/fr\/wp-json\/wp\/v2\/posts\/3685"}],"collection":[{"href":"https:\/\/najibmikou.com\/fr\/wp-json\/wp\/v2\/posts"}],"about":[{"href":"https:\/\/najibmikou.com\/fr\/wp-json\/wp\/v2\/types\/post"}],"author":[{"embeddable":true,"href":"https:\/\/najibmikou.com\/fr\/wp-json\/wp\/v2\/users\/1"}],"replies":[{"embeddable":true,"href":"https:\/\/najibmikou.com\/fr\/wp-json\/wp\/v2\/comments?post=3685"}],"version-history":[{"count":1,"href":"https:\/\/najibmikou.com\/fr\/wp-json\/wp\/v2\/posts\/3685\/revisions"}],"predecessor-version":[{"id":3686,"href":"https:\/\/najibmikou.com\/fr\/wp-json\/wp\/v2\/posts\/3685\/revisions\/3686"}],"wp:attachment":[{"href":"https:\/\/najibmikou.com\/fr\/wp-json\/wp\/v2\/media?parent=3685"}],"wp:term":[{"taxonomy":"category","embeddable":true,"href":"https:\/\/najibmikou.com\/fr\/wp-json\/wp\/v2\/categories?post=3685"},{"taxonomy":"post_tag","embeddable":true,"href":"https:\/\/najibmikou.com\/fr\/wp-json\/wp\/v2\/tags?post=3685"}],"curies":[{"name":"wp","href":"https:\/\/api.w.org\/{rel}","templated":true}]}}