{"id":3578,"date":"2023-11-03T11:26:15","date_gmt":"2023-11-03T10:26:15","guid":{"rendered":"https:\/\/najibmikou.com\/fr\/?p=3578"},"modified":"2023-11-03T17:11:22","modified_gmt":"2023-11-03T16:11:22","slug":"reforme-des-retraites-et-si-on-sortait-du-carre-vicieux","status":"publish","type":"post","link":"https:\/\/najibmikou.com\/fr\/reforme-des-retraites-et-si-on-sortait-du-carre-vicieux\/","title":{"rendered":"R\u00e9forme des Retraites : et si on sortait du carr\u00e9 &#8230; vicieux ?!"},"content":{"rendered":"\n<p><strong>Najib Mikou<\/strong><\/p>\n\n\n\n<p>Lors d&#8217;une r\u00e9cente d\u00e9claration, Madame la Ministre de l&#8217;Economie et des Finances a r\u00e9it\u00e9r\u00e9 sa ferme d\u00e9termination \u00e0 faire avancer l&#8217;\u00e9pineuse et complexe r\u00e9forme des retraites, et en a profit\u00e9 pour inviter tout un chacun qui &#8220;d\u00e9tiendrait une formule magique&#8221; d&#8217;y apporter sa contribution.<\/p>\n\n\n\n<p>\u00c9pineuse et complexe, cette r\u00e9forme l&#8217;est incontestablement, tellement ses enjeux sociaux, \u00e9conomiques et financiers sont \u00e9normes, et tellement les choix et les arbitrages ne sont nullement ais\u00e9s.<\/p>\n\n\n\n<p>Faut-il faire supporter la r\u00e9forme au salari\u00e9 et au retrait\u00e9 ou faut-il le faire assumer par l&#8217;Etat et l&#8217;entreprise ou encore par les deux compartiments Capital et Travail \u00e0 la fois ?<\/p>\n\n\n\n<p>C&#8217;est autant d&#8217;enjeux et de questions qui n&#8217;autorisent ni pr\u00e9cipitation ni populisme gratuit et qui appellent un sens aigu de la responsabilit\u00e9 et de vigilance.<\/p>\n\n\n\n<p>Pour r\u00e9pondre \u00e0 l&#8217;appel d\u00e9licat et sinc\u00e8re de Madame la Ministre, je prends le risque de forcer ici un d\u00e9bat public sur la question sans nullement pr\u00e9tendre d\u00e9tenir la moindre magie.<\/p>\n\n\n\n<p>Ce dont il est question aujourd&#8217;hui c&#8217;est que les fonds des Caisses de retraites ne sont pas \u00e9lastiques \u00e0 souhait, tellement il y a moins de travailleurs pour un retrait\u00e9 et donc l&#8217;on risque \u00e0 un horizon imm\u00e9diat, de ne plus avoir suffisamment de fonds pour honorer les pensions de retraite.<\/p>\n\n\n\n<p>Je me permets de supposer ici que si ce dossier a pris autant de temps c&#8217;est que l&#8217;on a tous \u00e9t\u00e9 pi\u00e9g\u00e9 \u00e0 tourner autour des m\u00eames solutions en circulation depuis assez longtemps. Il me para\u00eet donc, plus judicieux de prospecter des voies et moyens en dehors du &#8220;carr\u00e9&#8221; actuel.<\/p>\n\n\n\n<p>Sortir du carr\u00e9 c&#8217;est voir dans quelle mesure l&#8217;on puisse r\u00e9former sans p\u00e9naliser ni le Capital, en raison du manque de moyens aussi bien chez l&#8217;Etat que chez l&#8217;entreprise, ni le Travail, en raison du niveau actuel aussi bien des salaires que des pensions.<\/p>\n\n\n\n<p>Sortir du carr\u00e9 c&#8217;est porter le focus sur de nouveaux propulseurs, dont je citerai le propulseur de la &#8220;long\u00e9vit\u00e9&#8221; des marocains qui fr\u00f4le les 80 ans maintenant, le propulseur de gestion des Caisses de retraites, et enfin le propulseur de l&#8217;int\u00e9gration de l&#8217;\u00c9conomie informelle.<\/p>\n\n\n\n<p>1- Propulseur &#8220;long\u00e9vit\u00e9&#8221; et son corollaire, l&#8217;\u00e2ge de d\u00e9part en retraite :<\/p>\n\n\n\n<p>L&#8217;\u00e2ge de d\u00e9part en retraite \u00e0 60 ans est l\u00e0 depuis que la long\u00e9vit\u00e9 au Maroc \u00e9tait autour de 49 ans \ud83d\ude03. Tout a chang\u00e9 : le mode de vie, les moyens, les conditions de travail, la sant\u00e9, l&#8217;\u00e9tat d&#8217;esprit, les rapports sociaux, la dur\u00e9e de vie \u2026etc. Bref, TOUT. Et donc rien ne justifie plus aujourd&#8217;hui un d\u00e9part en retraite \u00e0 60 ans pour l&#8217;homme. Cet \u00e2ge doit \u00eatre port\u00e9 pour celui-ci \u00e0 65 ans obligatoire et \u00e0 67 ans optionnel. Quant \u00e0 la femme, et en raison de la p\u00e9nibilit\u00e9 de toutes ses contraintes personnelles et de ses engagements familiaux, sociaux et professionnels, elle devrait prendre sa retraite \u00e0 55 ans obligatoire et \u00e0 57 ans optionnel.<\/p>\n\n\n\n<p>Cette mesure p\u00e8sera fortement dans l&#8217;\u00e9quation r\u00e9forme des retraites \u00e0 travers l&#8217;augmentation substantielle et automatique de la masse additionnelle des contributions salariales et patronales qui seraient vers\u00e9es aux Caisses de retraites.<\/p>\n\n\n\n<p>2- Propulseur &#8220;Gestion des Fonds des retraites&#8221; :<\/p>\n\n\n\n<p>Il s&#8217;agit l\u00e0 du fruit des contributions de plusieurs g\u00e9n\u00e9rations de fonctionnaires de l&#8217;Etat et de salari\u00e9s du secteur priv\u00e9, accumul\u00e9es sur plusieurs d\u00e9cennies de labeur qui atteignent plusieurs centaines de milliards de Dhs. Ne serait-ce pas plus judicieux de prospecter plut\u00f4t de nouveaux moyens d&#8217;optimiser leur fructification au grand profit de l&#8217;\u00c9conomie nationale et des retrait\u00e9s, au lieu d&#8217;aller demander encore plus d&#8217;efforts et de sacrifices aux salari\u00e9s, aux retrait\u00e9s, aux entreprises et \u00e0 l&#8217;Etat ?!!<\/p>\n\n\n\n<p>Dans cette perspective, il est propos\u00e9 ce qui suit :<\/p>\n\n\n\n<p>\u2022 Mutualisation de la gestion de l&#8217;ensemble des fonds des Caisses de retraite publiques et priv\u00e9es \u00e0 travers la cr\u00e9ation d&#8217;un Fonds Commun d&#8217;Investissement qui soit g\u00e9r\u00e9 par une S.A c\u00f4t\u00e9e en bourse, et dont l&#8217;actionnariat serait ouvert au grand public r\u00e9sident au Maroc et \u00e0 l&#8217;\u00e9tranger.<\/p>\n\n\n\n<p>\u2022 Recherche de l&#8217;argent l\u00e0 o\u00f9 il se trouve \u00e0 flot en orientant l&#8217;argent dudit Fonds vers des placements novateurs et plus rentables \u00e0 travers notamment :<\/p>\n\n\n\n<p>&#8211; le rachat partiel ou total d&#8217;une banque publique ou priv\u00e9e de la place,<\/p>\n\n\n\n<p>&#8211; le rachat d&#8217;une compagnie d&#8217;assurance de la place,<\/p>\n\n\n\n<p>&#8211; l&#8217;investissement dans des fonds et projets de l&#8217;Etat et\/ou pour le compte de l&#8217;Etat, certifi\u00e9s rentables,<\/p>\n\n\n\n<p>&#8211; le placement classique dans des OPCVM, Bons du Tr\u00e9sor, titres cot\u00e9s en bourse \u2026 etc,<\/p>\n\n\n\n<p>\u2022 Soutien des Caisses de retraite publiques par une taxe parafiscale de 0,7% \u00e0 l&#8217;importation.<\/p>\n\n\n\n<p>3- Propulseur &#8220;int\u00e9gration de l&#8217;Economie informelle&#8221; :<\/p>\n\n\n\n<p>Il s&#8217;agit l\u00e0 d&#8217;un gisement dormant \u00e0 plus d&#8217;un titre. Je r\u00e9f\u00e8re \u00e0 la Partie 2 de ma derni\u00e8re analyse du projet de Loi des Finances 2024 o\u00f9 j&#8217;ai propos\u00e9 un dispositif de mesures pour ce faire, dont je rappelle ici les trois principales \u00e9tapes successives :<\/p>\n\n\n\n<p>\u25aa\ufe0e une 1\u00e8re \u00e9tape d&#8217;amnistie de 3 ans pour permettre \u00e0 l&#8217;ensemble des op\u00e9rateurs de cette \u00c9conomie de s&#8217;y pr\u00e9parer,<\/p>\n\n\n\n<p>\u25aa\ufe0e une 2eme \u00e9tape de d\u00e9claration des salari\u00e9s \u00e0 la CNSS qui durera 3 ans,<\/p>\n\n\n\n<p>\u25aa\ufe0e et une 3\u00e8me \u00e9tape de paiement graduel de l&#8217;IS sur 4 ans.<\/p>\n\n\n\n<p>Nul besoin de rappeler ici tous les avantages de cette int\u00e9gration sur l&#8217;Economie nationale, sur les recettes fiscales de l&#8217;Etat et sur la Caisse de retraite CNSS.<\/p>\n\n\n\n<p>Il est \u00e0 relever pour conclure, que tout ce dispositif alternatif de sauvetage des Caisses de retraites, ne repose en rien ni sur le Capital ni sur le Travail. Bien au contraire, il pr\u00e9serve leur situation actuelle et permet aux Caisses de retraite de devenir un grand acteur de l&#8217;Economie nationale et un garant p\u00e9renne de pensions de retraite dignes, sans que \u00e7a ne soit au d\u00e9pend des salari\u00e9s et retrait\u00e9s actuels et des g\u00e9n\u00e9rations futures.<\/p>\n","protected":false},"excerpt":{"rendered":"<p>Najib Mikou Lors d&#8217;une r\u00e9cente d\u00e9claration, Madame la Ministre de l&#8217;Economie et des Finances a r\u00e9it\u00e9r\u00e9 sa ferme d\u00e9termination \u00e0 faire avancer l&#8217;\u00e9pineuse et complexe r\u00e9forme des retraites, et en a profit\u00e9 pour inviter tout un chacun qui &#8220;d\u00e9tiendrait une formule magique&#8221; d&#8217;y apporter sa contribution. \u00c9pineuse et complexe, cette r\u00e9forme l&#8217;est incontestablement, tellement ses [&hellip;]<\/p>\n","protected":false},"author":1,"featured_media":3579,"comment_status":"open","ping_status":"open","sticky":false,"template":"","format":"standard","meta":{"pgc_sgb_lightbox_settings":""},"categories":[71,13,12,5,18,14],"tags":[],"yoast_head":"<!-- This site is optimized with the Yoast SEO plugin v15.9.2 - https:\/\/yoast.com\/wordpress\/plugins\/seo\/ -->\n<meta name=\"robots\" content=\"index, follow, max-snippet:-1, max-image-preview:large, max-video-preview:-1\" \/>\n<link rel=\"canonical\" href=\"https:\/\/najibmikou.com\/fr\/reforme-des-retraites-et-si-on-sortait-du-carre-vicieux\/\" \/>\n<meta property=\"og:locale\" content=\"fr_FR\" \/>\n<meta property=\"og:type\" content=\"article\" \/>\n<meta property=\"og:title\" content=\"R\u00e9forme des Retraites : et si on sortait du carr\u00e9 ... vicieux ?! - Najib MIKOU\" \/>\n<meta property=\"og:description\" content=\"Najib Mikou Lors d&#8217;une r\u00e9cente d\u00e9claration, Madame la Ministre de l&#8217;Economie et des Finances a r\u00e9it\u00e9r\u00e9 sa ferme d\u00e9termination \u00e0 faire avancer l&#8217;\u00e9pineuse et complexe r\u00e9forme des retraites, et en a profit\u00e9 pour inviter tout un chacun qui &#8220;d\u00e9tiendrait une formule magique&#8221; d&#8217;y apporter sa contribution. \u00c9pineuse et complexe, cette r\u00e9forme l&#8217;est incontestablement, tellement ses [&hellip;]\" \/>\n<meta property=\"og:url\" content=\"https:\/\/najibmikou.com\/fr\/reforme-des-retraites-et-si-on-sortait-du-carre-vicieux\/\" \/>\n<meta property=\"og:site_name\" content=\"Najib MIKOU\" \/>\n<meta property=\"article:published_time\" content=\"2023-11-03T10:26:15+00:00\" \/>\n<meta property=\"article:modified_time\" content=\"2023-11-03T16:11:22+00:00\" \/>\n<meta property=\"og:image\" content=\"https:\/\/najibmikou.com\/fr\/wp-content\/uploads\/2023\/11\/64f08626627dc_retraite-im.jpeg\" \/>\n\t<meta property=\"og:image:width\" content=\"885\" \/>\n\t<meta property=\"og:image:height\" content=\"500\" \/>\n<meta name=\"twitter:card\" content=\"summary_large_image\" \/>\n<meta name=\"twitter:label1\" content=\"Dur\u00e9e de lecture est.\">\n\t<meta name=\"twitter:data1\" content=\"5 minutes\">\n<script type=\"application\/ld+json\" class=\"yoast-schema-graph\">{\"@context\":\"https:\/\/schema.org\",\"@graph\":[{\"@type\":\"WebSite\",\"@id\":\"https:\/\/najibmikou.com\/fr\/#website\",\"url\":\"https:\/\/najibmikou.com\/fr\/\",\"name\":\"Najib MIKOU\",\"description\":\"\\u00c9crire c&#039;est contribuer \\u00e0 ce que le temps collectif ne se trompe pas de chemin\",\"potentialAction\":[{\"@type\":\"SearchAction\",\"target\":\"https:\/\/najibmikou.com\/fr\/?s={search_term_string}\",\"query-input\":\"required name=search_term_string\"}],\"inLanguage\":\"fr-FR\"},{\"@type\":\"ImageObject\",\"@id\":\"https:\/\/najibmikou.com\/fr\/reforme-des-retraites-et-si-on-sortait-du-carre-vicieux\/#primaryimage\",\"inLanguage\":\"fr-FR\",\"url\":\"https:\/\/najibmikou.com\/fr\/wp-content\/uploads\/2023\/11\/64f08626627dc_retraite-im.jpeg\",\"width\":885,\"height\":500},{\"@type\":\"WebPage\",\"@id\":\"https:\/\/najibmikou.com\/fr\/reforme-des-retraites-et-si-on-sortait-du-carre-vicieux\/#webpage\",\"url\":\"https:\/\/najibmikou.com\/fr\/reforme-des-retraites-et-si-on-sortait-du-carre-vicieux\/\",\"name\":\"R\\u00e9forme des Retraites : et si on sortait du carr\\u00e9 ... vicieux ?! - Najib MIKOU\",\"isPartOf\":{\"@id\":\"https:\/\/najibmikou.com\/fr\/#website\"},\"primaryImageOfPage\":{\"@id\":\"https:\/\/najibmikou.com\/fr\/reforme-des-retraites-et-si-on-sortait-du-carre-vicieux\/#primaryimage\"},\"datePublished\":\"2023-11-03T10:26:15+00:00\",\"dateModified\":\"2023-11-03T16:11:22+00:00\",\"author\":{\"@id\":\"https:\/\/najibmikou.com\/fr\/#\/schema\/person\/ad833ab699d080f01dced99b1891ec1e\"},\"breadcrumb\":{\"@id\":\"https:\/\/najibmikou.com\/fr\/reforme-des-retraites-et-si-on-sortait-du-carre-vicieux\/#breadcrumb\"},\"inLanguage\":\"fr-FR\",\"potentialAction\":[{\"@type\":\"ReadAction\",\"target\":[\"https:\/\/najibmikou.com\/fr\/reforme-des-retraites-et-si-on-sortait-du-carre-vicieux\/\"]}]},{\"@type\":\"BreadcrumbList\",\"@id\":\"https:\/\/najibmikou.com\/fr\/reforme-des-retraites-et-si-on-sortait-du-carre-vicieux\/#breadcrumb\",\"itemListElement\":[{\"@type\":\"ListItem\",\"position\":1,\"item\":{\"@type\":\"WebPage\",\"@id\":\"https:\/\/najibmikou.com\/fr\/\",\"url\":\"https:\/\/najibmikou.com\/fr\/\",\"name\":\"Accueil\"}},{\"@type\":\"ListItem\",\"position\":2,\"item\":{\"@type\":\"WebPage\",\"@id\":\"https:\/\/najibmikou.com\/fr\/reforme-des-retraites-et-si-on-sortait-du-carre-vicieux\/\",\"url\":\"https:\/\/najibmikou.com\/fr\/reforme-des-retraites-et-si-on-sortait-du-carre-vicieux\/\",\"name\":\"R\\u00e9forme des Retraites : et si on sortait du carr\\u00e9 &#8230; vicieux ?!\"}}]},{\"@type\":\"Person\",\"@id\":\"https:\/\/najibmikou.com\/fr\/#\/schema\/person\/ad833ab699d080f01dced99b1891ec1e\",\"name\":\"Najib Mikou\",\"image\":{\"@type\":\"ImageObject\",\"@id\":\"https:\/\/najibmikou.com\/fr\/#personlogo\",\"inLanguage\":\"fr-FR\",\"url\":\"https:\/\/secure.gravatar.com\/avatar\/6dfd4a9a9096131eea6d80fb3de585a0?s=96&d=mm&r=g\",\"caption\":\"Najib Mikou\"},\"sameAs\":[\"http:\/\/najibmikou.com\/fr\"]}]}<\/script>\n<!-- \/ Yoast SEO plugin. -->","_links":{"self":[{"href":"https:\/\/najibmikou.com\/fr\/wp-json\/wp\/v2\/posts\/3578"}],"collection":[{"href":"https:\/\/najibmikou.com\/fr\/wp-json\/wp\/v2\/posts"}],"about":[{"href":"https:\/\/najibmikou.com\/fr\/wp-json\/wp\/v2\/types\/post"}],"author":[{"embeddable":true,"href":"https:\/\/najibmikou.com\/fr\/wp-json\/wp\/v2\/users\/1"}],"replies":[{"embeddable":true,"href":"https:\/\/najibmikou.com\/fr\/wp-json\/wp\/v2\/comments?post=3578"}],"version-history":[{"count":5,"href":"https:\/\/najibmikou.com\/fr\/wp-json\/wp\/v2\/posts\/3578\/revisions"}],"predecessor-version":[{"id":3586,"href":"https:\/\/najibmikou.com\/fr\/wp-json\/wp\/v2\/posts\/3578\/revisions\/3586"}],"wp:featuredmedia":[{"embeddable":true,"href":"https:\/\/najibmikou.com\/fr\/wp-json\/wp\/v2\/media\/3579"}],"wp:attachment":[{"href":"https:\/\/najibmikou.com\/fr\/wp-json\/wp\/v2\/media?parent=3578"}],"wp:term":[{"taxonomy":"category","embeddable":true,"href":"https:\/\/najibmikou.com\/fr\/wp-json\/wp\/v2\/categories?post=3578"},{"taxonomy":"post_tag","embeddable":true,"href":"https:\/\/najibmikou.com\/fr\/wp-json\/wp\/v2\/tags?post=3578"}],"curies":[{"name":"wp","href":"https:\/\/api.w.org\/{rel}","templated":true}]}}