{"id":3539,"date":"2023-08-29T22:06:38","date_gmt":"2023-08-29T20:06:38","guid":{"rendered":"https:\/\/najibmikou.com\/fr\/?p=3539"},"modified":"2023-08-29T22:06:40","modified_gmt":"2023-08-29T20:06:40","slug":"le-g5-ou-brics-selargit-pourquoi-faire","status":"publish","type":"post","link":"https:\/\/najibmikou.com\/fr\/le-g5-ou-brics-selargit-pourquoi-faire\/","title":{"rendered":"Le G5 ou BRICS s&#8217;\u00e9largit. Pourquoi faire ?"},"content":{"rendered":"\n<p><strong>Najib Mikou<\/strong><\/p>\n\n\n\n<p>Apr\u00e8s 13 ans de sa cr\u00e9ation, le G5 a d\u00e9cid\u00e9 le 24 ao\u00fbt dernier, de s&#8217;\u00e9largir \u00e0 six nouveaux membres \u00e0 partir du 1er janvier 2024.<\/p>\n\n\n\n<p>Le Monde \u00e9tait en passe d&#8217;oublier l&#8217;existence m\u00eame de ce Groupe disparate et sans effet, si ce ne sont la guerre contre l&#8217;Ukraine, les sanctions Occidentales contre la Russie et les effets directs et collat\u00e9raux de tels \u00e9v\u00e9nements sur l&#8217;ensemble du Monde, qui lui ont insuffl\u00e9 une nouvelle vie.<\/p>\n\n\n\n<p>Des valeurs Sudistes mobilisatrices refont surface, dont les promoteurs cette fois sont \u2026 Xi Jinping, Narendra Mod\u012b, Poutine et Lula.<\/p>\n\n\n\n<p>Si leur leitmotiv se veut \u00eatre \u00e9conomique, consistant \u00e0 vouloir lib\u00e9rer les \u00e9changes mondiaux du passage oblig\u00e9 par le Dollar US, le non-dit inavou\u00e9 est bien plus que cela, sachant que le 1er client de la Chine, membre de tr\u00e8s loin dominant au sein du G5, et 2\u00e8me puissance \u00e9conomique mondiale, se trouve \u00eatre \u2026 les \u00c9tats-Unis avec 537 milliards de $ en 2022 et 88% d&#8217;exc\u00e9dent. Contre un petit 150 milliards de $ d&#8217;exportations am\u00e9ricaines vers la Chine. Cette configuration est quasi similaire pour l&#8217;UE, 2\u00e8me cible dans le collimateur du G5.<\/p>\n\n\n\n<p>Il est par cons\u00e9quent fort \u00e0 craindre que ce \u00e0 quoi l&#8217;on assiste aujourd&#8217;hui, soit non pas un Sudisme \u00e0 visage humain ou une d\u00e9dolarisation lib\u00e9ratrice de l&#8217;Occident, mais un partage officialis\u00e9 du monde entre deux Superpuissances h\u00e9g\u00e9moniques, sous le regard aveugl\u00e9 d&#8217;un monde noy\u00e9 dans les conflits, les menaces, les peurs et les incertitudes.<\/p>\n\n\n\n<p>Est-ce vraiment de cela que le monde a besoin aujourd&#8217;hui pour :<\/p>\n\n\n\n<p>\u2022 se sortir du cercle vicieux de crises \u00e9conomiques \u00e0 r\u00e9p\u00e9tition et d&#8217;une mondialisation in\u00e9quitable,<br>\u2022 asseoir le minimum requis d&#8217;une vie digne et juste pour des populations en plusieurs milliards, otages du strict besoin mat\u00e9riel quotidien,<br>\u2022 faire cohabiter et respecter des diff\u00e9rences culturelles proie \u00e0 toutes les formes de discrimination, de racisme et de pr\u00e9jug\u00e9s abjectes,<br>\u2022 mettre fin \u00e0 des guerres destructrices de vies, de civilisations et de cultures humaines,<br>\u2022 \u00e9pargner la plan\u00e8te d&#8217;un changement climatique aux revers \u00e9radicateurs.<\/p>\n\n\n\n<p>Loin s&#8217;en faut. Le projet salvateur que peut et doit porter le nouveau G11, et qui doit devenir assez vite et sans condition pr\u00e9alable d&#8217;acc\u00e8s, G60 puis G80 puis G150, doit consister au d\u00e9mant\u00e8lement du &#8220;Centre de Pilotage&#8221; actuel dans le monde en for\u00e7ant une n\u00e9gociation diligente d&#8217;un Nouvel Ordre Mondial avec l&#8217;Occident, qui reposera sur de nouveaux outils de gouvernance politique, \u00e9conomique, commerciale, culturelle et \u00e9cologique, permettant de tourner la page d&#8217;une gouvernance de l&#8217;apr\u00e8s 2\u00e8me guerre mondiale, devenue caduque, inadapt\u00e9e, inadmissible, et offrant au monde de nouvelles perspectives, de nouveaux espoirs.<\/p>\n\n\n\n<p>Sinon, c&#8217;est vers un monde chaotique ing\u00e9rable o\u00f9 s&#8217;exacerberont les conflits d&#8217;int\u00e9r\u00eats et les guerres, que nous conduiront ces deux p\u00f4les, au lieu d&#8217;une nouvelle vision et gouvernance dont le monde a \u00e9perdument besoin.<\/p>\n\n\n\n<p><a href=\"https:\/\/www.lodj.ma\/Le-G5-ou-BRICS-s-elargit-Pourquoi-faire_a76626.html\">https:\/\/www.lodj.ma\/Le-G5-ou-BRICS-s-elargit-Pourquoi-faire_a76626.html<\/a><\/p>\n","protected":false},"excerpt":{"rendered":"<p>Najib Mikou Apr\u00e8s 13 ans de sa cr\u00e9ation, le G5 a d\u00e9cid\u00e9 le 24 ao\u00fbt dernier, de s&#8217;\u00e9largir \u00e0 six nouveaux membres \u00e0 partir du 1er janvier 2024. Le Monde \u00e9tait en passe d&#8217;oublier l&#8217;existence m\u00eame de ce Groupe disparate et sans effet, si ce ne sont la guerre contre l&#8217;Ukraine, les sanctions Occidentales contre [&hellip;]<\/p>\n","protected":false},"author":1,"featured_media":1667,"comment_status":"open","ping_status":"open","sticky":false,"template":"","format":"standard","meta":{"pgc_sgb_lightbox_settings":""},"categories":[71,13,12,5,17,18],"tags":[],"yoast_head":"<!-- This site is optimized with the Yoast SEO plugin v15.9.2 - https:\/\/yoast.com\/wordpress\/plugins\/seo\/ -->\n<meta name=\"robots\" content=\"index, follow, max-snippet:-1, max-image-preview:large, max-video-preview:-1\" \/>\n<link rel=\"canonical\" href=\"https:\/\/najibmikou.com\/fr\/le-g5-ou-brics-selargit-pourquoi-faire\/\" \/>\n<meta property=\"og:locale\" content=\"fr_FR\" \/>\n<meta property=\"og:type\" content=\"article\" \/>\n<meta property=\"og:title\" content=\"Le G5 ou BRICS s&#039;\u00e9largit. Pourquoi faire ? - Najib MIKOU\" \/>\n<meta property=\"og:description\" content=\"Najib Mikou Apr\u00e8s 13 ans de sa cr\u00e9ation, le G5 a d\u00e9cid\u00e9 le 24 ao\u00fbt dernier, de s&#8217;\u00e9largir \u00e0 six nouveaux membres \u00e0 partir du 1er janvier 2024. Le Monde \u00e9tait en passe d&#8217;oublier l&#8217;existence m\u00eame de ce Groupe disparate et sans effet, si ce ne sont la guerre contre l&#8217;Ukraine, les sanctions Occidentales contre [&hellip;]\" \/>\n<meta property=\"og:url\" content=\"https:\/\/najibmikou.com\/fr\/le-g5-ou-brics-selargit-pourquoi-faire\/\" \/>\n<meta property=\"og:site_name\" content=\"Najib MIKOU\" \/>\n<meta property=\"article:published_time\" content=\"2023-08-29T20:06:38+00:00\" \/>\n<meta property=\"article:modified_time\" content=\"2023-08-29T20:06:40+00:00\" \/>\n<meta property=\"og:image\" content=\"https:\/\/najibmikou.com\/fr\/wp-content\/uploads\/2021\/03\/najibmikou.jpeg\" \/>\n\t<meta property=\"og:image:width\" content=\"699\" \/>\n\t<meta property=\"og:image:height\" content=\"400\" \/>\n<meta name=\"twitter:card\" content=\"summary_large_image\" \/>\n<meta name=\"twitter:label1\" content=\"Dur\u00e9e de lecture est.\">\n\t<meta name=\"twitter:data1\" content=\"3 minutes\">\n<script type=\"application\/ld+json\" class=\"yoast-schema-graph\">{\"@context\":\"https:\/\/schema.org\",\"@graph\":[{\"@type\":\"WebSite\",\"@id\":\"https:\/\/najibmikou.com\/fr\/#website\",\"url\":\"https:\/\/najibmikou.com\/fr\/\",\"name\":\"Najib MIKOU\",\"description\":\"\\u00c9crire c&#039;est contribuer \\u00e0 ce que le temps collectif ne se trompe pas de chemin\",\"potentialAction\":[{\"@type\":\"SearchAction\",\"target\":\"https:\/\/najibmikou.com\/fr\/?s={search_term_string}\",\"query-input\":\"required name=search_term_string\"}],\"inLanguage\":\"fr-FR\"},{\"@type\":\"ImageObject\",\"@id\":\"https:\/\/najibmikou.com\/fr\/le-g5-ou-brics-selargit-pourquoi-faire\/#primaryimage\",\"inLanguage\":\"fr-FR\",\"url\":\"https:\/\/najibmikou.com\/fr\/wp-content\/uploads\/2021\/03\/najibmikou.jpeg\",\"width\":699,\"height\":400},{\"@type\":\"WebPage\",\"@id\":\"https:\/\/najibmikou.com\/fr\/le-g5-ou-brics-selargit-pourquoi-faire\/#webpage\",\"url\":\"https:\/\/najibmikou.com\/fr\/le-g5-ou-brics-selargit-pourquoi-faire\/\",\"name\":\"Le G5 ou BRICS s'\\u00e9largit. Pourquoi faire ? - Najib MIKOU\",\"isPartOf\":{\"@id\":\"https:\/\/najibmikou.com\/fr\/#website\"},\"primaryImageOfPage\":{\"@id\":\"https:\/\/najibmikou.com\/fr\/le-g5-ou-brics-selargit-pourquoi-faire\/#primaryimage\"},\"datePublished\":\"2023-08-29T20:06:38+00:00\",\"dateModified\":\"2023-08-29T20:06:40+00:00\",\"author\":{\"@id\":\"https:\/\/najibmikou.com\/fr\/#\/schema\/person\/ad833ab699d080f01dced99b1891ec1e\"},\"breadcrumb\":{\"@id\":\"https:\/\/najibmikou.com\/fr\/le-g5-ou-brics-selargit-pourquoi-faire\/#breadcrumb\"},\"inLanguage\":\"fr-FR\",\"potentialAction\":[{\"@type\":\"ReadAction\",\"target\":[\"https:\/\/najibmikou.com\/fr\/le-g5-ou-brics-selargit-pourquoi-faire\/\"]}]},{\"@type\":\"BreadcrumbList\",\"@id\":\"https:\/\/najibmikou.com\/fr\/le-g5-ou-brics-selargit-pourquoi-faire\/#breadcrumb\",\"itemListElement\":[{\"@type\":\"ListItem\",\"position\":1,\"item\":{\"@type\":\"WebPage\",\"@id\":\"https:\/\/najibmikou.com\/fr\/\",\"url\":\"https:\/\/najibmikou.com\/fr\/\",\"name\":\"Accueil\"}},{\"@type\":\"ListItem\",\"position\":2,\"item\":{\"@type\":\"WebPage\",\"@id\":\"https:\/\/najibmikou.com\/fr\/le-g5-ou-brics-selargit-pourquoi-faire\/\",\"url\":\"https:\/\/najibmikou.com\/fr\/le-g5-ou-brics-selargit-pourquoi-faire\/\",\"name\":\"Le G5 ou BRICS s&#8217;\\u00e9largit. Pourquoi faire ?\"}}]},{\"@type\":\"Person\",\"@id\":\"https:\/\/najibmikou.com\/fr\/#\/schema\/person\/ad833ab699d080f01dced99b1891ec1e\",\"name\":\"Najib Mikou\",\"image\":{\"@type\":\"ImageObject\",\"@id\":\"https:\/\/najibmikou.com\/fr\/#personlogo\",\"inLanguage\":\"fr-FR\",\"url\":\"https:\/\/secure.gravatar.com\/avatar\/6dfd4a9a9096131eea6d80fb3de585a0?s=96&d=mm&r=g\",\"caption\":\"Najib Mikou\"},\"sameAs\":[\"http:\/\/najibmikou.com\/fr\"]}]}<\/script>\n<!-- \/ Yoast SEO plugin. -->","_links":{"self":[{"href":"https:\/\/najibmikou.com\/fr\/wp-json\/wp\/v2\/posts\/3539"}],"collection":[{"href":"https:\/\/najibmikou.com\/fr\/wp-json\/wp\/v2\/posts"}],"about":[{"href":"https:\/\/najibmikou.com\/fr\/wp-json\/wp\/v2\/types\/post"}],"author":[{"embeddable":true,"href":"https:\/\/najibmikou.com\/fr\/wp-json\/wp\/v2\/users\/1"}],"replies":[{"embeddable":true,"href":"https:\/\/najibmikou.com\/fr\/wp-json\/wp\/v2\/comments?post=3539"}],"version-history":[{"count":1,"href":"https:\/\/najibmikou.com\/fr\/wp-json\/wp\/v2\/posts\/3539\/revisions"}],"predecessor-version":[{"id":3540,"href":"https:\/\/najibmikou.com\/fr\/wp-json\/wp\/v2\/posts\/3539\/revisions\/3540"}],"wp:featuredmedia":[{"embeddable":true,"href":"https:\/\/najibmikou.com\/fr\/wp-json\/wp\/v2\/media\/1667"}],"wp:attachment":[{"href":"https:\/\/najibmikou.com\/fr\/wp-json\/wp\/v2\/media?parent=3539"}],"wp:term":[{"taxonomy":"category","embeddable":true,"href":"https:\/\/najibmikou.com\/fr\/wp-json\/wp\/v2\/categories?post=3539"},{"taxonomy":"post_tag","embeddable":true,"href":"https:\/\/najibmikou.com\/fr\/wp-json\/wp\/v2\/tags?post=3539"}],"curies":[{"name":"wp","href":"https:\/\/api.w.org\/{rel}","templated":true}]}}