{"id":3535,"date":"2023-08-03T14:40:28","date_gmt":"2023-08-03T12:40:28","guid":{"rendered":"https:\/\/najibmikou.com\/fr\/?p=3535"},"modified":"2023-08-03T14:40:29","modified_gmt":"2023-08-03T12:40:29","slug":"le-discours-du-trone-une-constance-en-mouvement-vers-le-developpement-et-le-rayonnement","status":"publish","type":"post","link":"https:\/\/najibmikou.com\/fr\/le-discours-du-trone-une-constance-en-mouvement-vers-le-developpement-et-le-rayonnement\/","title":{"rendered":"Le Discours du Tr\u00f4ne : une constance en mouvement vers le d\u00e9veloppement et le rayonnement"},"content":{"rendered":"\n<p><strong>Najib Mikou<\/strong><\/p>\n\n\n\n<p>Je ne me hasarderai pas \u00e0 tenter de reproduire ici les principaux messages forts ayant marqu\u00e9 un Discours du Tr\u00f4ne d\u00e9bordant de Sens, de Consistance, de Constance, de Transcendance, de Bienveillance et d&#8217;Esp\u00e9rance. Politologues et autres sp\u00e9cialistes ont d\u00e9j\u00e0 fait leur travail pour nous \u00e9clairer davantage de leurs lectures et analyses.<\/p>\n\n\n\n<p>Ceci \u00e9tant, et au-del\u00e0 desdites lectures, Le Discours du Tr\u00f4ne de ce 29 juillet 2023, cr\u00e9e chez moi trois grands retentissements : une Constance, une \u00c9vidence et une Persistance.<\/p>\n\n\n\n<p>1- Une Constance dans le Style du Pouvoir. Le Souverain confirme Son Propre Style Distinctif, tel que le voulait Son D\u00e9funt P\u00e8re. En vingt-quatre ans de R\u00e8gne, RIEN, absolument RIEN n&#8217;a chang\u00e9 dans Le Style du Roi. Un Monarque Humain, Proche de Son Peuple, Soucieux pour chacun, fonci\u00e8rement Patriote, Grand Homme d&#8217;Etat, Cart\u00e9sien, Rassurant, F\u00e9d\u00e9rateur, Pragmatique, Visionnaire, inlassablement dans l&#8217;Action, Avide du meilleur pour Son pays, Fier d&#8217;\u00eatre Le Roi d&#8217;une grande Nation.<\/p>\n\n\n\n<p>2- Une \u00c9vidence \u00e0 travers l&#8217;Art et la Mani\u00e8re d&#8217;un Monarque Issu de la Sainte Famille du Proph\u00e8te Sidna Mohamed, d&#8217;une Dynastie plusieurs fois centenaire et d&#8217;un pays plusieurs fois mill\u00e9naire. \u00c7a se voit, \u00e7a se sent, \u00e7a tranche, \u00e7a retentit partout, ici et ailleurs. Le Monarque est La Pure Expression de Valeurs Enracin\u00e9es et d&#8217;\u00c9l\u00e9gance humaine et intellectuelle, que traduisent Son \u00c9tat d&#8217;Esprit, Ses Positions, Ses Paroles, Ses Faits et moindres Gestes. Rien n&#8217;y d\u00e9roge. Jamais. Quel qu&#8217;en soit le sujet, Alg\u00e9rie comprise.<\/p>\n\n\n\n<p>3- Une Persistance \u00e0 mener le Maroc le plus loin possible sur la voie d&#8217;un progr\u00e8s \u00e0 visage humain et \u00e9cologique, qui soit profitable \u00e0 l&#8217;ensemble de la population. Tout dans le Discours du Tr\u00f4ne t\u00e9moigne de la Fiert\u00e9 du Souverain pour le chemin parcouru en parfaite symbiose avec Son peuple pour y parvenir. Mais, tout dans ce Discours appelle \u00e9galement \u00e0 davantage d&#8217;efforts, de vigilance, de s\u00e9rieux et de rigueur pour aller jusqu&#8217;au bout des grandes ambitions trac\u00e9es en parfaite harmonie avec Son peuple; Ledit progr\u00e8s devenant plus que jamais \u00e0 notre port\u00e9e, au regard des grandes avanc\u00e9es r\u00e9alis\u00e9es qui nous hissent aujourd&#8217;hui parmi les pays qui comptent dans le monde et qui sont envi\u00e9s, \u00e9cout\u00e9s et respect\u00e9s.<\/p>\n\n\n\n<p>Le Maroc du Roi Mohamed VI, s&#8217;aper\u00e7oit au fur et \u00e0 mesure des ann\u00e9es et davantage aujourd&#8217;hui, que depuis 1999 il a chang\u00e9 de taille et de qualit\u00e9 de ses &#8220;habits&#8221;, de &#8220;pointure&#8221;, de standing, d&#8217;image et d&#8217;horizons. Tout de 1999 serait beaucoup trop petit pour lui aujourd&#8217;hui.<\/p>\n\n\n\n<p>C&#8217;est le noble fruit d&#8217;une Vision Ambitieuse, d&#8217;un Rythme D\u00e9termin\u00e9 et Soutenu, et d&#8217;Accumulations Progressives. Rien n&#8217;est jamais improvis\u00e9 ni en d\u00e9construction compulsive. Le Maroc sait l\u00e0 o\u00f9 il va et comment s&#8217;y rendre. C\u2019est juste le temps du futur qui change de vitesse selon chaque s\u00e9quence.<\/p>\n\n\n\n<p>C&#8217;est Le Style et Le Cachet du Monarque Mohamed VI.<\/p>\n","protected":false},"excerpt":{"rendered":"<p>Najib Mikou Je ne me hasarderai pas \u00e0 tenter de reproduire ici les principaux messages forts ayant marqu\u00e9 un Discours du Tr\u00f4ne d\u00e9bordant de Sens, de Consistance, de Constance, de Transcendance, de Bienveillance et d&#8217;Esp\u00e9rance. Politologues et autres sp\u00e9cialistes ont d\u00e9j\u00e0 fait leur travail pour nous \u00e9clairer davantage de leurs lectures et analyses. Ceci \u00e9tant, [&hellip;]<\/p>\n","protected":false},"author":1,"featured_media":3536,"comment_status":"open","ping_status":"open","sticky":false,"template":"","format":"standard","meta":{"pgc_sgb_lightbox_settings":""},"categories":[71,13,12,5,18,14],"tags":[],"yoast_head":"<!-- This site is optimized with the Yoast SEO plugin v15.9.2 - https:\/\/yoast.com\/wordpress\/plugins\/seo\/ -->\n<meta name=\"robots\" content=\"index, follow, max-snippet:-1, max-image-preview:large, max-video-preview:-1\" \/>\n<link rel=\"canonical\" href=\"https:\/\/najibmikou.com\/fr\/le-discours-du-trone-une-constance-en-mouvement-vers-le-developpement-et-le-rayonnement\/\" \/>\n<meta property=\"og:locale\" content=\"fr_FR\" \/>\n<meta property=\"og:type\" content=\"article\" \/>\n<meta property=\"og:title\" content=\"Le Discours du Tr\u00f4ne : une constance en mouvement vers le d\u00e9veloppement et le rayonnement - Najib MIKOU\" \/>\n<meta property=\"og:description\" content=\"Najib Mikou Je ne me hasarderai pas \u00e0 tenter de reproduire ici les principaux messages forts ayant marqu\u00e9 un Discours du Tr\u00f4ne d\u00e9bordant de Sens, de Consistance, de Constance, de Transcendance, de Bienveillance et d&#8217;Esp\u00e9rance. Politologues et autres sp\u00e9cialistes ont d\u00e9j\u00e0 fait leur travail pour nous \u00e9clairer davantage de leurs lectures et analyses. Ceci \u00e9tant, [&hellip;]\" \/>\n<meta property=\"og:url\" content=\"https:\/\/najibmikou.com\/fr\/le-discours-du-trone-une-constance-en-mouvement-vers-le-developpement-et-le-rayonnement\/\" \/>\n<meta property=\"og:site_name\" content=\"Najib MIKOU\" \/>\n<meta property=\"article:published_time\" content=\"2023-08-03T12:40:28+00:00\" \/>\n<meta property=\"article:modified_time\" content=\"2023-08-03T12:40:29+00:00\" \/>\n<meta property=\"og:image\" content=\"https:\/\/najibmikou.com\/fr\/wp-content\/uploads\/2023\/08\/Discours-Royale-Mohammed-6-850x560-1.jpg\" \/>\n\t<meta property=\"og:image:width\" content=\"850\" \/>\n\t<meta property=\"og:image:height\" content=\"560\" \/>\n<meta name=\"twitter:card\" content=\"summary_large_image\" \/>\n<meta name=\"twitter:label1\" content=\"Dur\u00e9e de lecture est.\">\n\t<meta name=\"twitter:data1\" content=\"2 minutes\">\n<script type=\"application\/ld+json\" class=\"yoast-schema-graph\">{\"@context\":\"https:\/\/schema.org\",\"@graph\":[{\"@type\":\"WebSite\",\"@id\":\"https:\/\/najibmikou.com\/fr\/#website\",\"url\":\"https:\/\/najibmikou.com\/fr\/\",\"name\":\"Najib MIKOU\",\"description\":\"\\u00c9crire c&#039;est contribuer \\u00e0 ce que le temps collectif ne se trompe pas de chemin\",\"potentialAction\":[{\"@type\":\"SearchAction\",\"target\":\"https:\/\/najibmikou.com\/fr\/?s={search_term_string}\",\"query-input\":\"required name=search_term_string\"}],\"inLanguage\":\"fr-FR\"},{\"@type\":\"ImageObject\",\"@id\":\"https:\/\/najibmikou.com\/fr\/le-discours-du-trone-une-constance-en-mouvement-vers-le-developpement-et-le-rayonnement\/#primaryimage\",\"inLanguage\":\"fr-FR\",\"url\":\"https:\/\/najibmikou.com\/fr\/wp-content\/uploads\/2023\/08\/Discours-Royale-Mohammed-6-850x560-1.jpg\",\"width\":850,\"height\":560},{\"@type\":\"WebPage\",\"@id\":\"https:\/\/najibmikou.com\/fr\/le-discours-du-trone-une-constance-en-mouvement-vers-le-developpement-et-le-rayonnement\/#webpage\",\"url\":\"https:\/\/najibmikou.com\/fr\/le-discours-du-trone-une-constance-en-mouvement-vers-le-developpement-et-le-rayonnement\/\",\"name\":\"Le Discours du Tr\\u00f4ne : une constance en mouvement vers le d\\u00e9veloppement et le rayonnement - Najib MIKOU\",\"isPartOf\":{\"@id\":\"https:\/\/najibmikou.com\/fr\/#website\"},\"primaryImageOfPage\":{\"@id\":\"https:\/\/najibmikou.com\/fr\/le-discours-du-trone-une-constance-en-mouvement-vers-le-developpement-et-le-rayonnement\/#primaryimage\"},\"datePublished\":\"2023-08-03T12:40:28+00:00\",\"dateModified\":\"2023-08-03T12:40:29+00:00\",\"author\":{\"@id\":\"https:\/\/najibmikou.com\/fr\/#\/schema\/person\/ad833ab699d080f01dced99b1891ec1e\"},\"breadcrumb\":{\"@id\":\"https:\/\/najibmikou.com\/fr\/le-discours-du-trone-une-constance-en-mouvement-vers-le-developpement-et-le-rayonnement\/#breadcrumb\"},\"inLanguage\":\"fr-FR\",\"potentialAction\":[{\"@type\":\"ReadAction\",\"target\":[\"https:\/\/najibmikou.com\/fr\/le-discours-du-trone-une-constance-en-mouvement-vers-le-developpement-et-le-rayonnement\/\"]}]},{\"@type\":\"BreadcrumbList\",\"@id\":\"https:\/\/najibmikou.com\/fr\/le-discours-du-trone-une-constance-en-mouvement-vers-le-developpement-et-le-rayonnement\/#breadcrumb\",\"itemListElement\":[{\"@type\":\"ListItem\",\"position\":1,\"item\":{\"@type\":\"WebPage\",\"@id\":\"https:\/\/najibmikou.com\/fr\/\",\"url\":\"https:\/\/najibmikou.com\/fr\/\",\"name\":\"Accueil\"}},{\"@type\":\"ListItem\",\"position\":2,\"item\":{\"@type\":\"WebPage\",\"@id\":\"https:\/\/najibmikou.com\/fr\/le-discours-du-trone-une-constance-en-mouvement-vers-le-developpement-et-le-rayonnement\/\",\"url\":\"https:\/\/najibmikou.com\/fr\/le-discours-du-trone-une-constance-en-mouvement-vers-le-developpement-et-le-rayonnement\/\",\"name\":\"Le Discours du Tr\\u00f4ne : une constance en mouvement vers le d\\u00e9veloppement et le rayonnement\"}}]},{\"@type\":\"Person\",\"@id\":\"https:\/\/najibmikou.com\/fr\/#\/schema\/person\/ad833ab699d080f01dced99b1891ec1e\",\"name\":\"Najib Mikou\",\"image\":{\"@type\":\"ImageObject\",\"@id\":\"https:\/\/najibmikou.com\/fr\/#personlogo\",\"inLanguage\":\"fr-FR\",\"url\":\"https:\/\/secure.gravatar.com\/avatar\/6dfd4a9a9096131eea6d80fb3de585a0?s=96&d=mm&r=g\",\"caption\":\"Najib Mikou\"},\"sameAs\":[\"http:\/\/najibmikou.com\/fr\"]}]}<\/script>\n<!-- \/ Yoast SEO plugin. -->","_links":{"self":[{"href":"https:\/\/najibmikou.com\/fr\/wp-json\/wp\/v2\/posts\/3535"}],"collection":[{"href":"https:\/\/najibmikou.com\/fr\/wp-json\/wp\/v2\/posts"}],"about":[{"href":"https:\/\/najibmikou.com\/fr\/wp-json\/wp\/v2\/types\/post"}],"author":[{"embeddable":true,"href":"https:\/\/najibmikou.com\/fr\/wp-json\/wp\/v2\/users\/1"}],"replies":[{"embeddable":true,"href":"https:\/\/najibmikou.com\/fr\/wp-json\/wp\/v2\/comments?post=3535"}],"version-history":[{"count":1,"href":"https:\/\/najibmikou.com\/fr\/wp-json\/wp\/v2\/posts\/3535\/revisions"}],"predecessor-version":[{"id":3537,"href":"https:\/\/najibmikou.com\/fr\/wp-json\/wp\/v2\/posts\/3535\/revisions\/3537"}],"wp:featuredmedia":[{"embeddable":true,"href":"https:\/\/najibmikou.com\/fr\/wp-json\/wp\/v2\/media\/3536"}],"wp:attachment":[{"href":"https:\/\/najibmikou.com\/fr\/wp-json\/wp\/v2\/media?parent=3535"}],"wp:term":[{"taxonomy":"category","embeddable":true,"href":"https:\/\/najibmikou.com\/fr\/wp-json\/wp\/v2\/categories?post=3535"},{"taxonomy":"post_tag","embeddable":true,"href":"https:\/\/najibmikou.com\/fr\/wp-json\/wp\/v2\/tags?post=3535"}],"curies":[{"name":"wp","href":"https:\/\/api.w.org\/{rel}","templated":true}]}}