{"id":3530,"date":"2023-07-24T15:24:49","date_gmt":"2023-07-24T13:24:49","guid":{"rendered":"https:\/\/najibmikou.com\/fr\/?p=3530"},"modified":"2023-07-24T15:39:51","modified_gmt":"2023-07-24T13:39:51","slug":"elections-legislatives-en-espagne-deux-scenarios-et-une-certitude","status":"publish","type":"post","link":"https:\/\/najibmikou.com\/fr\/elections-legislatives-en-espagne-deux-scenarios-et-une-certitude\/","title":{"rendered":"\u00c9lections l\u00e9gislatives en Espagne : deux sc\u00e9narios et une certitude"},"content":{"rendered":"\n<p><strong>Najib Mikou<\/strong><\/p>\n\n\n\n<p>En grand d\u00e9mocrate, Monsieur Sanchez s&#8217;est suffit d&#8217;un moindre signal local n\u00e9gatif contre son parti, pour d\u00e9cider d&#8217;organiser des \u00e9lections l\u00e9gislatives anticip\u00e9es. Il y va de la cr\u00e9dibilit\u00e9 de ce grand homme politique espagnol. Aucune logique partisane et encore moins personnelle de pertes et profits. La seule logique qui compte pour lui c&#8217;est celle de sa l\u00e9gitimit\u00e9 populaire et de l&#8217;int\u00e9r\u00eat supr\u00eame pour son pays d&#8217;avoir un gouvernement repr\u00e9sentatif et fort.<\/p>\n\n\n\n<p>Le plus simple aujourd&#8217;hui pour pr\u00e9voir le r\u00e9sultat de ce scrutin d\u00e9cisif, \u00e0 enjeux multiples, c&#8217;est d&#8217;aller dans le sens des sondages et de dire que la droite et l&#8217;extr\u00eame droite vont l&#8217;emporter haut la main. C&#8217;est possible.<\/p>\n\n\n\n<p>Mais ne serait-ce pas trop pr\u00e9cipit\u00e9 d&#8217;enterrer trop vite Monsieur Sanchez et ses alli\u00e9s qui ont un bon bilan qu&#8217;ils ont d\u00e9fendu jusqu&#8217;au bout de la campagne \u00e9lectorale ?!<\/p>\n\n\n\n<p>Pour ma part, je prends mon courage par les deux mains et pr\u00e9vois deux sc\u00e9narios et une certitude \u00e0 ces \u00e9lections :<\/p>\n\n\n\n<p>\u2022 Sc\u00e9nario 1 : la droite et l&#8217;extr\u00eame droite l&#8217;emporteront \u00e0 une majorit\u00e9 suffisante pour constituer ensemble le nouveau gouvernement,<\/p>\n\n\n\n<p>\u2022 Sc\u00e9nario 2 : le parti populaire et le parti socialiste r\u00e9aliseront de bons r\u00e9sultats, mais sans parvenir, ni l&#8217;un ni l&#8217;autre, \u00e0 constituer une majorit\u00e9 gouvernementale, ce qui ouvrirait peut-\u00eatre, la voie \u00e0 une alliance entre ces deux grands partis.<\/p>\n\n\n\n<p>C&#8217;est pour moi le sc\u00e9nario le plus probable. Quant \u00e0 l&#8217;alliance entre ces deux grands partis, elle constituera \u00e0 mon humble avis, le meilleur compromis, la meilleure formule pour une Espagne qui n&#8217;a plus de temps \u00e0 perdre pour continuer sur la voie prise par Monsieur Sanchez, consistant \u00e0 faire reculer le ch\u00f4mage, \u00e0 juguler l&#8217;inflation, \u00e0 am\u00e9liorer le pouvoir d&#8217;achat, \u00e0 ma\u00eetriser l&#8217;envol\u00e9e de la dette ext\u00e9rieure et \u00e0 faire rayonner davantage l&#8217;Espagne sur le plan international.<\/p>\n\n\n\n<p>\u2022 La certitude : quelle que soit l&#8217;issue de ces \u00e9lections, quel que soit le sc\u00e9nario qui l&#8217;emporterait, et au-del\u00e0 d&#8217;\u00e9ventuelles d\u00e9clarations aigres, la politique \u00e9trang\u00e8re de ce grand pays europ\u00e9en ne changera pas pour autant d&#8217;un iota.<\/p>\n\n\n\n<p>Quelle que soit la majorit\u00e9 qui va gouverner, elle se conformera aux positions du gouvernement sortant et plus particuli\u00e8rement \u00e0 l&#8217;\u00e9gard du Royaume du Maroc. Tout pourra changer pour que rien ne puisse changer sur ce registre.<\/p>\n","protected":false},"excerpt":{"rendered":"<p>Najib Mikou En grand d\u00e9mocrate, Monsieur Sanchez s&#8217;est suffit d&#8217;un moindre signal local n\u00e9gatif contre son parti, pour d\u00e9cider d&#8217;organiser des \u00e9lections l\u00e9gislatives anticip\u00e9es. Il y va de la cr\u00e9dibilit\u00e9 de ce grand homme politique espagnol. Aucune logique partisane et encore moins personnelle de pertes et profits. La seule logique qui compte pour lui c&#8217;est [&hellip;]<\/p>\n","protected":false},"author":1,"featured_media":3531,"comment_status":"open","ping_status":"open","sticky":false,"template":"","format":"standard","meta":{"pgc_sgb_lightbox_settings":""},"categories":[71,13,12,17,18],"tags":[],"yoast_head":"<!-- This site is optimized with the Yoast SEO plugin v15.9.2 - https:\/\/yoast.com\/wordpress\/plugins\/seo\/ -->\n<meta name=\"robots\" content=\"index, follow, max-snippet:-1, max-image-preview:large, max-video-preview:-1\" \/>\n<link rel=\"canonical\" href=\"https:\/\/najibmikou.com\/fr\/elections-legislatives-en-espagne-deux-scenarios-et-une-certitude\/\" \/>\n<meta property=\"og:locale\" content=\"fr_FR\" \/>\n<meta property=\"og:type\" content=\"article\" \/>\n<meta property=\"og:title\" content=\"\u00c9lections l\u00e9gislatives en Espagne : deux sc\u00e9narios et une certitude - Najib MIKOU\" \/>\n<meta property=\"og:description\" content=\"Najib Mikou En grand d\u00e9mocrate, Monsieur Sanchez s&#8217;est suffit d&#8217;un moindre signal local n\u00e9gatif contre son parti, pour d\u00e9cider d&#8217;organiser des \u00e9lections l\u00e9gislatives anticip\u00e9es. Il y va de la cr\u00e9dibilit\u00e9 de ce grand homme politique espagnol. Aucune logique partisane et encore moins personnelle de pertes et profits. La seule logique qui compte pour lui c&#8217;est [&hellip;]\" \/>\n<meta property=\"og:url\" content=\"https:\/\/najibmikou.com\/fr\/elections-legislatives-en-espagne-deux-scenarios-et-une-certitude\/\" \/>\n<meta property=\"og:site_name\" content=\"Najib MIKOU\" \/>\n<meta property=\"article:published_time\" content=\"2023-07-24T13:24:49+00:00\" \/>\n<meta property=\"article:modified_time\" content=\"2023-07-24T13:39:51+00:00\" \/>\n<meta property=\"og:image\" content=\"https:\/\/najibmikou.com\/fr\/wp-content\/uploads\/2023\/07\/image.png\" \/>\n\t<meta property=\"og:image:width\" content=\"885\" \/>\n\t<meta property=\"og:image:height\" content=\"498\" \/>\n<meta name=\"twitter:card\" content=\"summary_large_image\" \/>\n<meta name=\"twitter:label1\" content=\"Dur\u00e9e de lecture est.\">\n\t<meta name=\"twitter:data1\" content=\"2 minutes\">\n<script type=\"application\/ld+json\" class=\"yoast-schema-graph\">{\"@context\":\"https:\/\/schema.org\",\"@graph\":[{\"@type\":\"WebSite\",\"@id\":\"https:\/\/najibmikou.com\/fr\/#website\",\"url\":\"https:\/\/najibmikou.com\/fr\/\",\"name\":\"Najib MIKOU\",\"description\":\"\\u00c9crire c&#039;est contribuer \\u00e0 ce que le temps collectif ne se trompe pas de chemin\",\"potentialAction\":[{\"@type\":\"SearchAction\",\"target\":\"https:\/\/najibmikou.com\/fr\/?s={search_term_string}\",\"query-input\":\"required name=search_term_string\"}],\"inLanguage\":\"fr-FR\"},{\"@type\":\"ImageObject\",\"@id\":\"https:\/\/najibmikou.com\/fr\/elections-legislatives-en-espagne-deux-scenarios-et-une-certitude\/#primaryimage\",\"inLanguage\":\"fr-FR\",\"url\":\"https:\/\/najibmikou.com\/fr\/wp-content\/uploads\/2023\/07\/image.png\",\"width\":885,\"height\":498},{\"@type\":\"WebPage\",\"@id\":\"https:\/\/najibmikou.com\/fr\/elections-legislatives-en-espagne-deux-scenarios-et-une-certitude\/#webpage\",\"url\":\"https:\/\/najibmikou.com\/fr\/elections-legislatives-en-espagne-deux-scenarios-et-une-certitude\/\",\"name\":\"\\u00c9lections l\\u00e9gislatives en Espagne : deux sc\\u00e9narios et une certitude - Najib MIKOU\",\"isPartOf\":{\"@id\":\"https:\/\/najibmikou.com\/fr\/#website\"},\"primaryImageOfPage\":{\"@id\":\"https:\/\/najibmikou.com\/fr\/elections-legislatives-en-espagne-deux-scenarios-et-une-certitude\/#primaryimage\"},\"datePublished\":\"2023-07-24T13:24:49+00:00\",\"dateModified\":\"2023-07-24T13:39:51+00:00\",\"author\":{\"@id\":\"https:\/\/najibmikou.com\/fr\/#\/schema\/person\/ad833ab699d080f01dced99b1891ec1e\"},\"breadcrumb\":{\"@id\":\"https:\/\/najibmikou.com\/fr\/elections-legislatives-en-espagne-deux-scenarios-et-une-certitude\/#breadcrumb\"},\"inLanguage\":\"fr-FR\",\"potentialAction\":[{\"@type\":\"ReadAction\",\"target\":[\"https:\/\/najibmikou.com\/fr\/elections-legislatives-en-espagne-deux-scenarios-et-une-certitude\/\"]}]},{\"@type\":\"BreadcrumbList\",\"@id\":\"https:\/\/najibmikou.com\/fr\/elections-legislatives-en-espagne-deux-scenarios-et-une-certitude\/#breadcrumb\",\"itemListElement\":[{\"@type\":\"ListItem\",\"position\":1,\"item\":{\"@type\":\"WebPage\",\"@id\":\"https:\/\/najibmikou.com\/fr\/\",\"url\":\"https:\/\/najibmikou.com\/fr\/\",\"name\":\"Accueil\"}},{\"@type\":\"ListItem\",\"position\":2,\"item\":{\"@type\":\"WebPage\",\"@id\":\"https:\/\/najibmikou.com\/fr\/elections-legislatives-en-espagne-deux-scenarios-et-une-certitude\/\",\"url\":\"https:\/\/najibmikou.com\/fr\/elections-legislatives-en-espagne-deux-scenarios-et-une-certitude\/\",\"name\":\"\\u00c9lections l\\u00e9gislatives en Espagne : deux sc\\u00e9narios et une certitude\"}}]},{\"@type\":\"Person\",\"@id\":\"https:\/\/najibmikou.com\/fr\/#\/schema\/person\/ad833ab699d080f01dced99b1891ec1e\",\"name\":\"Najib Mikou\",\"image\":{\"@type\":\"ImageObject\",\"@id\":\"https:\/\/najibmikou.com\/fr\/#personlogo\",\"inLanguage\":\"fr-FR\",\"url\":\"https:\/\/secure.gravatar.com\/avatar\/6dfd4a9a9096131eea6d80fb3de585a0?s=96&d=mm&r=g\",\"caption\":\"Najib Mikou\"},\"sameAs\":[\"http:\/\/najibmikou.com\/fr\"]}]}<\/script>\n<!-- \/ Yoast SEO plugin. -->","_links":{"self":[{"href":"https:\/\/najibmikou.com\/fr\/wp-json\/wp\/v2\/posts\/3530"}],"collection":[{"href":"https:\/\/najibmikou.com\/fr\/wp-json\/wp\/v2\/posts"}],"about":[{"href":"https:\/\/najibmikou.com\/fr\/wp-json\/wp\/v2\/types\/post"}],"author":[{"embeddable":true,"href":"https:\/\/najibmikou.com\/fr\/wp-json\/wp\/v2\/users\/1"}],"replies":[{"embeddable":true,"href":"https:\/\/najibmikou.com\/fr\/wp-json\/wp\/v2\/comments?post=3530"}],"version-history":[{"count":2,"href":"https:\/\/najibmikou.com\/fr\/wp-json\/wp\/v2\/posts\/3530\/revisions"}],"predecessor-version":[{"id":3533,"href":"https:\/\/najibmikou.com\/fr\/wp-json\/wp\/v2\/posts\/3530\/revisions\/3533"}],"wp:featuredmedia":[{"embeddable":true,"href":"https:\/\/najibmikou.com\/fr\/wp-json\/wp\/v2\/media\/3531"}],"wp:attachment":[{"href":"https:\/\/najibmikou.com\/fr\/wp-json\/wp\/v2\/media?parent=3530"}],"wp:term":[{"taxonomy":"category","embeddable":true,"href":"https:\/\/najibmikou.com\/fr\/wp-json\/wp\/v2\/categories?post=3530"},{"taxonomy":"post_tag","embeddable":true,"href":"https:\/\/najibmikou.com\/fr\/wp-json\/wp\/v2\/tags?post=3530"}],"curies":[{"name":"wp","href":"https:\/\/api.w.org\/{rel}","templated":true}]}}