{"id":3481,"date":"2022-12-06T11:41:06","date_gmt":"2022-12-06T10:41:06","guid":{"rendered":"https:\/\/najibmikou.com\/fr\/?p=3481"},"modified":"2022-12-06T11:41:08","modified_gmt":"2022-12-06T10:41:08","slug":"de-linflation-importee-a-linflation-incivique","status":"publish","type":"post","link":"https:\/\/najibmikou.com\/fr\/de-linflation-importee-a-linflation-incivique\/","title":{"rendered":"De l&#8217;inflation import\u00e9e \u00e0 l&#8217;inflation incivique"},"content":{"rendered":"\n<p><strong>Najib Mikou<\/strong><\/p>\n\n\n\n<p>Malgr\u00e9 le climat \u00e9conomique mondial encore d\u00e9l\u00e9t\u00e8re, des indicateurs cr\u00e9dibles permettent de relever un l\u00e9ger recul d&#8217;une inflation r\u00e9cessioniste qui a presque tout d\u00e9vast\u00e9 sur son chemin.<\/p>\n\n\n\n<p>Aux \u00c9tats-Unis, en Espagne, en France et ailleurs, le taux jusque-l\u00e0 d\u00e9primant, d&#8217;une inflation parfois \u00e0 deux chiffres, commence \u00e0 d\u00e9visser.<\/p>\n\n\n\n<p>Il n&#8217;est pas du tout encore question de crier victoire ou de croire que les cures successives inject\u00e9es ici et l\u00e0 par les gouvernements et les Banques Centrales, soient parvenues \u00e0 juguler une inflation sans pr\u00e9c\u00e9dent.<\/p>\n\n\n\n<p>Il faut r\u00e9p\u00e9ter ici que les seuls moyens structurels de venir \u00e0 bout de cette inflation et de renouer avec la croissance et l&#8217;emploi, sont l&#8217;arr\u00eat de la guerre en Ukraine, la suspension des sanctions et la bonne gestion des flux que va enclencher la reprise \u00e9conomique.<\/p>\n\n\n\n<p>Tout le reste n&#8217;est que th\u00e9rapie superficielle, ponctuelle, excessivement co\u00fbteuse et r\u00e9cessioniste, qui permettrait certes, de temporiser une tendance, tel que c&#8217;est le cas depuis le mois d&#8217;ao\u00fbt dernier, mais sans jamais l&#8217;infl\u00e9chir v\u00e9ritablement.<\/p>\n\n\n\n<p>Chez nous, alors que le gouvernement et la Banque Centrale, s&#8217;activent et activent depuis des mois, tous les moyens possibles pour endiguer les effets collat\u00e9raux ravageurs sur les plans \u00e9conomique et social, d&#8217;une inflation quasi-int\u00e9gralement import\u00e9e, nous assistons depuis septembre dernier, au ph\u00e9nom\u00e8ne d&#8217;une inflation maintenue volontairement par des op\u00e9rateurs \u00e9conomiques.<\/p>\n\n\n\n<p>Des prix de mati\u00e8res premi\u00e8res, de produits alimentaires et du transport maritime, baissent depuis le mois d&#8217;ao\u00fbt dernier \u00e0 l&#8217;international. \u00c0 titre d&#8217;exemple, le transport maritime de marchandises, a confirm\u00e9 sa tendance baissi\u00e8re \u00e0 un rythme bien plus rapide que pr\u00e9vu, atteignant aujourd&#8217;hui jusqu&#8217;\u00e0 &#8211; 60% de ses niveaux du 1er trimestre 2022.<\/p>\n\n\n\n<p>Faut-il souligner ici que le co\u00fbt du transport international peut repr\u00e9senter \u00e0 lui seul parfois, 30 \u00e0 40% de la valeur de la marchandise import\u00e9e.<\/p>\n\n\n\n<p>Force est de constater que l&#8217;industriel tout comme le consommateur, ne profitent pas du tout de ces baisses factuelles qui devaient automatiquement g\u00e9n\u00e9rer des baisses significatives de co\u00fbts de revient et de prix \u00e0 la consommation.<\/p>\n\n\n\n<p>Les sp\u00e9culations et\/ou maintiens de prix par des pr\u00e9dateurs inv\u00e9t\u00e9r\u00e9s, provoquent des augmentations artificielles, injustifi\u00e9es des prix, alors que nous devrions assister plut\u00f4t, \u00e0 des baisses significatives des prix.<\/p>\n\n\n\n<p>Bien plus grave encore, de tels agissements nuisent \u00e0 l&#8217;effort public inlassable contre les effets de l&#8217;inflation.<\/p>\n\n\n\n<p>Il n&#8217;est absolument pas permis d&#8217;amplifier une inflation import\u00e9e qui nous ronge depuis le 1er trimestre 2022, par une inflation artificielle incivique.<\/p>\n\n\n\n<p>Une \u00c9conomie parce que lib\u00e9rale, ne peut pas tout permettre, tout laisser faire par des op\u00e9rateurs, quand bien m\u00eame soient-ils priv\u00e9s. Parce que le march\u00e9 n&#8217;est pas un \u00e9lectron libre, l&#8221;intervention publique contre les pr\u00e9dateurs, n&#8217;a jamais \u00e9t\u00e9 et ne doit jamais \u00eatre un gros mot ringard, amusant et r\u00e9volu. Les enjeux sociaux, \u00e9conomiques, industriels, financiers collectifs, l&#8217;emportent sur l&#8217;ensemble des autres.<\/p>\n","protected":false},"excerpt":{"rendered":"<p>Najib Mikou Malgr\u00e9 le climat \u00e9conomique mondial encore d\u00e9l\u00e9t\u00e8re, des indicateurs cr\u00e9dibles permettent de relever un l\u00e9ger recul d&#8217;une inflation r\u00e9cessioniste qui a presque tout d\u00e9vast\u00e9 sur son chemin. Aux \u00c9tats-Unis, en Espagne, en France et ailleurs, le taux jusque-l\u00e0 d\u00e9primant, d&#8217;une inflation parfois \u00e0 deux chiffres, commence \u00e0 d\u00e9visser. Il n&#8217;est pas du tout [&hellip;]<\/p>\n","protected":false},"author":1,"featured_media":3482,"comment_status":"open","ping_status":"open","sticky":false,"template":"","format":"standard","meta":{"pgc_sgb_lightbox_settings":""},"categories":[71,13,12,5,18,14],"tags":[],"yoast_head":"<!-- This site is optimized with the Yoast SEO plugin v15.9.2 - https:\/\/yoast.com\/wordpress\/plugins\/seo\/ -->\n<meta name=\"robots\" content=\"index, follow, max-snippet:-1, max-image-preview:large, max-video-preview:-1\" \/>\n<link rel=\"canonical\" href=\"https:\/\/najibmikou.com\/fr\/de-linflation-importee-a-linflation-incivique\/\" \/>\n<meta property=\"og:locale\" content=\"fr_FR\" \/>\n<meta property=\"og:type\" content=\"article\" \/>\n<meta property=\"og:title\" content=\"De l&#039;inflation import\u00e9e \u00e0 l&#039;inflation incivique - Najib MIKOU\" \/>\n<meta property=\"og:description\" content=\"Najib Mikou Malgr\u00e9 le climat \u00e9conomique mondial encore d\u00e9l\u00e9t\u00e8re, des indicateurs cr\u00e9dibles permettent de relever un l\u00e9ger recul d&#8217;une inflation r\u00e9cessioniste qui a presque tout d\u00e9vast\u00e9 sur son chemin. Aux \u00c9tats-Unis, en Espagne, en France et ailleurs, le taux jusque-l\u00e0 d\u00e9primant, d&#8217;une inflation parfois \u00e0 deux chiffres, commence \u00e0 d\u00e9visser. Il n&#8217;est pas du tout [&hellip;]\" \/>\n<meta property=\"og:url\" content=\"https:\/\/najibmikou.com\/fr\/de-linflation-importee-a-linflation-incivique\/\" \/>\n<meta property=\"og:site_name\" content=\"Najib MIKOU\" \/>\n<meta property=\"article:published_time\" content=\"2022-12-06T10:41:06+00:00\" \/>\n<meta property=\"article:modified_time\" content=\"2022-12-06T10:41:08+00:00\" \/>\n<meta property=\"og:image\" content=\"https:\/\/najibmikou.com\/fr\/wp-content\/uploads\/2022\/12\/6166e6f5debf2_web-inflation_20200727131234.jpg\" \/>\n\t<meta property=\"og:image:width\" content=\"1500\" \/>\n\t<meta property=\"og:image:height\" content=\"843\" \/>\n<meta name=\"twitter:card\" content=\"summary_large_image\" \/>\n<meta name=\"twitter:label1\" content=\"Dur\u00e9e de lecture est.\">\n\t<meta name=\"twitter:data1\" content=\"3 minutes\">\n<script type=\"application\/ld+json\" class=\"yoast-schema-graph\">{\"@context\":\"https:\/\/schema.org\",\"@graph\":[{\"@type\":\"WebSite\",\"@id\":\"https:\/\/najibmikou.com\/fr\/#website\",\"url\":\"https:\/\/najibmikou.com\/fr\/\",\"name\":\"Najib MIKOU\",\"description\":\"\\u00c9crire c&#039;est contribuer \\u00e0 ce que le temps collectif ne se trompe pas de chemin\",\"potentialAction\":[{\"@type\":\"SearchAction\",\"target\":\"https:\/\/najibmikou.com\/fr\/?s={search_term_string}\",\"query-input\":\"required name=search_term_string\"}],\"inLanguage\":\"fr-FR\"},{\"@type\":\"ImageObject\",\"@id\":\"https:\/\/najibmikou.com\/fr\/de-linflation-importee-a-linflation-incivique\/#primaryimage\",\"inLanguage\":\"fr-FR\",\"url\":\"https:\/\/najibmikou.com\/fr\/wp-content\/uploads\/2022\/12\/6166e6f5debf2_web-inflation_20200727131234.jpg\",\"width\":1500,\"height\":843},{\"@type\":\"WebPage\",\"@id\":\"https:\/\/najibmikou.com\/fr\/de-linflation-importee-a-linflation-incivique\/#webpage\",\"url\":\"https:\/\/najibmikou.com\/fr\/de-linflation-importee-a-linflation-incivique\/\",\"name\":\"De l'inflation import\\u00e9e \\u00e0 l'inflation incivique - Najib MIKOU\",\"isPartOf\":{\"@id\":\"https:\/\/najibmikou.com\/fr\/#website\"},\"primaryImageOfPage\":{\"@id\":\"https:\/\/najibmikou.com\/fr\/de-linflation-importee-a-linflation-incivique\/#primaryimage\"},\"datePublished\":\"2022-12-06T10:41:06+00:00\",\"dateModified\":\"2022-12-06T10:41:08+00:00\",\"author\":{\"@id\":\"https:\/\/najibmikou.com\/fr\/#\/schema\/person\/ad833ab699d080f01dced99b1891ec1e\"},\"breadcrumb\":{\"@id\":\"https:\/\/najibmikou.com\/fr\/de-linflation-importee-a-linflation-incivique\/#breadcrumb\"},\"inLanguage\":\"fr-FR\",\"potentialAction\":[{\"@type\":\"ReadAction\",\"target\":[\"https:\/\/najibmikou.com\/fr\/de-linflation-importee-a-linflation-incivique\/\"]}]},{\"@type\":\"BreadcrumbList\",\"@id\":\"https:\/\/najibmikou.com\/fr\/de-linflation-importee-a-linflation-incivique\/#breadcrumb\",\"itemListElement\":[{\"@type\":\"ListItem\",\"position\":1,\"item\":{\"@type\":\"WebPage\",\"@id\":\"https:\/\/najibmikou.com\/fr\/\",\"url\":\"https:\/\/najibmikou.com\/fr\/\",\"name\":\"Accueil\"}},{\"@type\":\"ListItem\",\"position\":2,\"item\":{\"@type\":\"WebPage\",\"@id\":\"https:\/\/najibmikou.com\/fr\/de-linflation-importee-a-linflation-incivique\/\",\"url\":\"https:\/\/najibmikou.com\/fr\/de-linflation-importee-a-linflation-incivique\/\",\"name\":\"De l&#8217;inflation import\\u00e9e \\u00e0 l&#8217;inflation incivique\"}}]},{\"@type\":\"Person\",\"@id\":\"https:\/\/najibmikou.com\/fr\/#\/schema\/person\/ad833ab699d080f01dced99b1891ec1e\",\"name\":\"Najib Mikou\",\"image\":{\"@type\":\"ImageObject\",\"@id\":\"https:\/\/najibmikou.com\/fr\/#personlogo\",\"inLanguage\":\"fr-FR\",\"url\":\"https:\/\/secure.gravatar.com\/avatar\/6dfd4a9a9096131eea6d80fb3de585a0?s=96&d=mm&r=g\",\"caption\":\"Najib Mikou\"},\"sameAs\":[\"http:\/\/najibmikou.com\/fr\"]}]}<\/script>\n<!-- \/ Yoast SEO plugin. -->","_links":{"self":[{"href":"https:\/\/najibmikou.com\/fr\/wp-json\/wp\/v2\/posts\/3481"}],"collection":[{"href":"https:\/\/najibmikou.com\/fr\/wp-json\/wp\/v2\/posts"}],"about":[{"href":"https:\/\/najibmikou.com\/fr\/wp-json\/wp\/v2\/types\/post"}],"author":[{"embeddable":true,"href":"https:\/\/najibmikou.com\/fr\/wp-json\/wp\/v2\/users\/1"}],"replies":[{"embeddable":true,"href":"https:\/\/najibmikou.com\/fr\/wp-json\/wp\/v2\/comments?post=3481"}],"version-history":[{"count":1,"href":"https:\/\/najibmikou.com\/fr\/wp-json\/wp\/v2\/posts\/3481\/revisions"}],"predecessor-version":[{"id":3483,"href":"https:\/\/najibmikou.com\/fr\/wp-json\/wp\/v2\/posts\/3481\/revisions\/3483"}],"wp:featuredmedia":[{"embeddable":true,"href":"https:\/\/najibmikou.com\/fr\/wp-json\/wp\/v2\/media\/3482"}],"wp:attachment":[{"href":"https:\/\/najibmikou.com\/fr\/wp-json\/wp\/v2\/media?parent=3481"}],"wp:term":[{"taxonomy":"category","embeddable":true,"href":"https:\/\/najibmikou.com\/fr\/wp-json\/wp\/v2\/categories?post=3481"},{"taxonomy":"post_tag","embeddable":true,"href":"https:\/\/najibmikou.com\/fr\/wp-json\/wp\/v2\/tags?post=3481"}],"curies":[{"name":"wp","href":"https:\/\/api.w.org\/{rel}","templated":true}]}}