{"id":3462,"date":"2022-09-13T12:56:31","date_gmt":"2022-09-13T10:56:31","guid":{"rendered":"https:\/\/najibmikou.com\/fr\/?p=3462"},"modified":"2022-09-13T12:56:33","modified_gmt":"2022-09-13T10:56:33","slug":"au-moins-une-bonne-nouvelle-pour-leconomie-mondiale-le-prix-du-transport-maritime-entame-discretement-sa-baisse","status":"publish","type":"post","link":"https:\/\/najibmikou.com\/fr\/au-moins-une-bonne-nouvelle-pour-leconomie-mondiale-le-prix-du-transport-maritime-entame-discretement-sa-baisse\/","title":{"rendered":"Au moins une bonne nouvelle pour l&#8217;\u00e9conomie mondiale : le prix du transport maritime entame discr\u00e8tement sa baisse"},"content":{"rendered":"\n<p><strong>Najib Mikou<\/strong><\/p>\n\n\n\n<p>Face \u00e0 l&#8217;amas d&#8217;informations, les unes plus catastrophiques que les autres, qui nous tombent dessus depuis 2021, et \u00e9touffent nos pens\u00e9es et nos espoirs, j&#8217;en soufflerai ce matin, au moins une de positive : le prix du transport international commence \u00e0 baisser structurellement.<\/p>\n\n\n\n<p>Les compagnies maritimes, ces n\u00e9glig\u00e9es parmi les causes importantes de l&#8217;inflation \u00e0 2 chiffres qui ravage l&#8217;\u00e9conomie mondiale, la menace de r\u00e9cession in\u00e9dite et sape le pouvoir d&#8217;achat, d\u00e9cident enfin de d\u00e9visser un gros ballon \u26bd\ufe0f qu&#8217;ils ont artificiellement gonfl\u00e9 pour jouer des \u00e9changes internationaux, de l&#8217;\u00e9conomie mondiale, du pouvoir d&#8217;achat, et \u2026 multiplier sans la moindre g\u00e8ne, leurs r\u00e9sultats financiers par 4 \u00e0 6 fois.<\/p>\n\n\n\n<p>Si ces prix ont \u00e9t\u00e9 augment\u00e9s 5, 6 jusqu&#8217;\u00e0 10 fois par rapport \u00e0 leur niveau de 2019 et 2020, on en est en ce mois de septembre, \u00e0 une baisse cumul\u00e9e qui oscille entre 7 et 15%. J&#8217;ose exercer ma modeste vocation de prospectiviste pour pr\u00e9voir que cette tendance baissi\u00e8re va continuer.<\/p>\n\n\n\n<p>Certes qu&#8217;on ne retrouvera pas de sit\u00f4t les prix de 2020, mais 2023 sera l&#8217;ann\u00e9e d&#8217;une baisse significative du prix du transport maritime, qui profitera substantiellement \u00e0 l&#8217;\u00e9conomie mondiale et aux prix \u00e0 la consommation.<\/p>\n","protected":false},"excerpt":{"rendered":"<p>Najib Mikou Face \u00e0 l&#8217;amas d&#8217;informations, les unes plus catastrophiques que les autres, qui nous tombent dessus depuis 2021, et \u00e9touffent nos pens\u00e9es et nos espoirs, j&#8217;en soufflerai ce matin, au moins une de positive : le prix du transport international commence \u00e0 baisser structurellement. Les compagnies maritimes, ces n\u00e9glig\u00e9es parmi les causes importantes de [&hellip;]<\/p>\n","protected":false},"author":1,"featured_media":3463,"comment_status":"open","ping_status":"open","sticky":false,"template":"","format":"standard","meta":{"pgc_sgb_lightbox_settings":""},"categories":[71,13,12,17,18],"tags":[],"yoast_head":"<!-- This site is optimized with the Yoast SEO plugin v15.9.2 - https:\/\/yoast.com\/wordpress\/plugins\/seo\/ -->\n<meta name=\"robots\" content=\"index, follow, max-snippet:-1, max-image-preview:large, max-video-preview:-1\" \/>\n<link rel=\"canonical\" href=\"https:\/\/najibmikou.com\/fr\/au-moins-une-bonne-nouvelle-pour-leconomie-mondiale-le-prix-du-transport-maritime-entame-discretement-sa-baisse\/\" \/>\n<meta property=\"og:locale\" content=\"fr_FR\" \/>\n<meta property=\"og:type\" content=\"article\" \/>\n<meta property=\"og:title\" content=\"Au moins une bonne nouvelle pour l&#039;\u00e9conomie mondiale : le prix du transport maritime entame discr\u00e8tement sa baisse - Najib MIKOU\" \/>\n<meta property=\"og:description\" content=\"Najib Mikou Face \u00e0 l&#8217;amas d&#8217;informations, les unes plus catastrophiques que les autres, qui nous tombent dessus depuis 2021, et \u00e9touffent nos pens\u00e9es et nos espoirs, j&#8217;en soufflerai ce matin, au moins une de positive : le prix du transport international commence \u00e0 baisser structurellement. Les compagnies maritimes, ces n\u00e9glig\u00e9es parmi les causes importantes de [&hellip;]\" \/>\n<meta property=\"og:url\" content=\"https:\/\/najibmikou.com\/fr\/au-moins-une-bonne-nouvelle-pour-leconomie-mondiale-le-prix-du-transport-maritime-entame-discretement-sa-baisse\/\" \/>\n<meta property=\"og:site_name\" content=\"Najib MIKOU\" \/>\n<meta property=\"article:published_time\" content=\"2022-09-13T10:56:31+00:00\" \/>\n<meta property=\"article:modified_time\" content=\"2022-09-13T10:56:33+00:00\" \/>\n<meta property=\"og:image\" content=\"https:\/\/najibmikou.com\/fr\/wp-content\/uploads\/2022\/09\/d03e6efd5e1637e871282bb3622e65ab.jpg\" \/>\n\t<meta property=\"og:image:width\" content=\"780\" \/>\n\t<meta property=\"og:image:height\" content=\"468\" \/>\n<meta name=\"twitter:card\" content=\"summary_large_image\" \/>\n<meta name=\"twitter:label1\" content=\"Dur\u00e9e de lecture est.\">\n\t<meta name=\"twitter:data1\" content=\"1 minute\">\n<script type=\"application\/ld+json\" class=\"yoast-schema-graph\">{\"@context\":\"https:\/\/schema.org\",\"@graph\":[{\"@type\":\"WebSite\",\"@id\":\"https:\/\/najibmikou.com\/fr\/#website\",\"url\":\"https:\/\/najibmikou.com\/fr\/\",\"name\":\"Najib MIKOU\",\"description\":\"\\u00c9crire c&#039;est contribuer \\u00e0 ce que le temps collectif ne se trompe pas de chemin\",\"potentialAction\":[{\"@type\":\"SearchAction\",\"target\":\"https:\/\/najibmikou.com\/fr\/?s={search_term_string}\",\"query-input\":\"required name=search_term_string\"}],\"inLanguage\":\"fr-FR\"},{\"@type\":\"ImageObject\",\"@id\":\"https:\/\/najibmikou.com\/fr\/au-moins-une-bonne-nouvelle-pour-leconomie-mondiale-le-prix-du-transport-maritime-entame-discretement-sa-baisse\/#primaryimage\",\"inLanguage\":\"fr-FR\",\"url\":\"https:\/\/najibmikou.com\/fr\/wp-content\/uploads\/2022\/09\/d03e6efd5e1637e871282bb3622e65ab.jpg\",\"width\":780,\"height\":468},{\"@type\":\"WebPage\",\"@id\":\"https:\/\/najibmikou.com\/fr\/au-moins-une-bonne-nouvelle-pour-leconomie-mondiale-le-prix-du-transport-maritime-entame-discretement-sa-baisse\/#webpage\",\"url\":\"https:\/\/najibmikou.com\/fr\/au-moins-une-bonne-nouvelle-pour-leconomie-mondiale-le-prix-du-transport-maritime-entame-discretement-sa-baisse\/\",\"name\":\"Au moins une bonne nouvelle pour l'\\u00e9conomie mondiale : le prix du transport maritime entame discr\\u00e8tement sa baisse - Najib MIKOU\",\"isPartOf\":{\"@id\":\"https:\/\/najibmikou.com\/fr\/#website\"},\"primaryImageOfPage\":{\"@id\":\"https:\/\/najibmikou.com\/fr\/au-moins-une-bonne-nouvelle-pour-leconomie-mondiale-le-prix-du-transport-maritime-entame-discretement-sa-baisse\/#primaryimage\"},\"datePublished\":\"2022-09-13T10:56:31+00:00\",\"dateModified\":\"2022-09-13T10:56:33+00:00\",\"author\":{\"@id\":\"https:\/\/najibmikou.com\/fr\/#\/schema\/person\/ad833ab699d080f01dced99b1891ec1e\"},\"breadcrumb\":{\"@id\":\"https:\/\/najibmikou.com\/fr\/au-moins-une-bonne-nouvelle-pour-leconomie-mondiale-le-prix-du-transport-maritime-entame-discretement-sa-baisse\/#breadcrumb\"},\"inLanguage\":\"fr-FR\",\"potentialAction\":[{\"@type\":\"ReadAction\",\"target\":[\"https:\/\/najibmikou.com\/fr\/au-moins-une-bonne-nouvelle-pour-leconomie-mondiale-le-prix-du-transport-maritime-entame-discretement-sa-baisse\/\"]}]},{\"@type\":\"BreadcrumbList\",\"@id\":\"https:\/\/najibmikou.com\/fr\/au-moins-une-bonne-nouvelle-pour-leconomie-mondiale-le-prix-du-transport-maritime-entame-discretement-sa-baisse\/#breadcrumb\",\"itemListElement\":[{\"@type\":\"ListItem\",\"position\":1,\"item\":{\"@type\":\"WebPage\",\"@id\":\"https:\/\/najibmikou.com\/fr\/\",\"url\":\"https:\/\/najibmikou.com\/fr\/\",\"name\":\"Accueil\"}},{\"@type\":\"ListItem\",\"position\":2,\"item\":{\"@type\":\"WebPage\",\"@id\":\"https:\/\/najibmikou.com\/fr\/au-moins-une-bonne-nouvelle-pour-leconomie-mondiale-le-prix-du-transport-maritime-entame-discretement-sa-baisse\/\",\"url\":\"https:\/\/najibmikou.com\/fr\/au-moins-une-bonne-nouvelle-pour-leconomie-mondiale-le-prix-du-transport-maritime-entame-discretement-sa-baisse\/\",\"name\":\"Au moins une bonne nouvelle pour l&#8217;\\u00e9conomie mondiale : le prix du transport maritime entame discr\\u00e8tement sa baisse\"}}]},{\"@type\":\"Person\",\"@id\":\"https:\/\/najibmikou.com\/fr\/#\/schema\/person\/ad833ab699d080f01dced99b1891ec1e\",\"name\":\"Najib Mikou\",\"image\":{\"@type\":\"ImageObject\",\"@id\":\"https:\/\/najibmikou.com\/fr\/#personlogo\",\"inLanguage\":\"fr-FR\",\"url\":\"https:\/\/secure.gravatar.com\/avatar\/6dfd4a9a9096131eea6d80fb3de585a0?s=96&d=mm&r=g\",\"caption\":\"Najib Mikou\"},\"sameAs\":[\"http:\/\/najibmikou.com\/fr\"]}]}<\/script>\n<!-- \/ Yoast SEO plugin. -->","_links":{"self":[{"href":"https:\/\/najibmikou.com\/fr\/wp-json\/wp\/v2\/posts\/3462"}],"collection":[{"href":"https:\/\/najibmikou.com\/fr\/wp-json\/wp\/v2\/posts"}],"about":[{"href":"https:\/\/najibmikou.com\/fr\/wp-json\/wp\/v2\/types\/post"}],"author":[{"embeddable":true,"href":"https:\/\/najibmikou.com\/fr\/wp-json\/wp\/v2\/users\/1"}],"replies":[{"embeddable":true,"href":"https:\/\/najibmikou.com\/fr\/wp-json\/wp\/v2\/comments?post=3462"}],"version-history":[{"count":1,"href":"https:\/\/najibmikou.com\/fr\/wp-json\/wp\/v2\/posts\/3462\/revisions"}],"predecessor-version":[{"id":3464,"href":"https:\/\/najibmikou.com\/fr\/wp-json\/wp\/v2\/posts\/3462\/revisions\/3464"}],"wp:featuredmedia":[{"embeddable":true,"href":"https:\/\/najibmikou.com\/fr\/wp-json\/wp\/v2\/media\/3463"}],"wp:attachment":[{"href":"https:\/\/najibmikou.com\/fr\/wp-json\/wp\/v2\/media?parent=3462"}],"wp:term":[{"taxonomy":"category","embeddable":true,"href":"https:\/\/najibmikou.com\/fr\/wp-json\/wp\/v2\/categories?post=3462"},{"taxonomy":"post_tag","embeddable":true,"href":"https:\/\/najibmikou.com\/fr\/wp-json\/wp\/v2\/tags?post=3462"}],"curies":[{"name":"wp","href":"https:\/\/api.w.org\/{rel}","templated":true}]}}