{"id":3459,"date":"2022-08-29T23:18:02","date_gmt":"2022-08-29T21:18:02","guid":{"rendered":"https:\/\/najibmikou.com\/fr\/?p=3459"},"modified":"2022-08-29T23:18:04","modified_gmt":"2022-08-29T21:18:04","slug":"president-de-tunisie-vous-avez-manque-detre-un-homme-detat","status":"publish","type":"post","link":"https:\/\/najibmikou.com\/fr\/president-de-tunisie-vous-avez-manque-detre-un-homme-detat\/","title":{"rendered":"Pr\u00e9sident de Tunisie, vous avez manqu\u00e9 d&#8217;\u00eatre un homme d&#8217;Etat"},"content":{"rendered":"\n<p><strong>Najib Mikou<\/strong><\/p>\n\n\n\n<p>Ce soir je suis un homme triste, malheureux, affect\u00e9 et d\u00e9\u00e7u au plus haut point.<\/p>\n\n\n\n<p>Alors m\u00eame que l&#8217;Espagne, ancien colonisateur de nos Provinces du Sud, s&#8217;est align\u00e9e \u00e0 la solution propos\u00e9e par notre pays, alors que pr\u00e8s de 90% des \u00c9tats que compte le monde \u00e0 travers les continents, s&#8217;alignent \u00e0 la solution marocaine, le Pr\u00e9sident de la ch\u00e8re Tunisie africaine, arabe, musulmane, voisine, surgit de nulle part, et re\u00e7oit en chef d&#8217;Etat, le chef d&#8217;une frange tr\u00e8s minoritaire et insignifiante, de nos populations sahraouis, entretenu \u00e0 Tindouf aux frais de leur ma\u00eetre commun.<\/p>\n\n\n\n<p>Apr\u00e8s des positions successives tr\u00e8s maladroitement et n\u00e9gativement &#8220;neutres&#8221;, le pr\u00e9sident tunisien a pris cette fois, son courage par les deux mains, pouss\u00e9 en cela par les deux pieds de son voisin et n\u00e9anmoins tuteur de l&#8217;ouest.<\/p>\n\n\n\n<p>C&#8217;est une v\u00e9ritable injure \u00e0 l&#8217;histoire et \u00e0 la m\u00e9moire de ce peuple tunisien connu et reconnu pour sa culture, ses valeurs et son attachement aux principes.<\/p>\n\n\n\n<p>C&#8217;est une v\u00e9ritable offense \u00e0 une Tunisie constamment attach\u00e9e \u00e0 sa singularit\u00e9 et son ind\u00e9pendance de vues et d&#8217;actes, qui se voit aujourd&#8217;hui humili\u00e9e par son propre chef d&#8217;Etat qui en a fait une annexe aux ordres des casernes et des bottes du voisin de l&#8217;ouest.<\/p>\n\n\n\n<p>Je suis certes triste, affect\u00e9, malheureux et d\u00e9\u00e7u que cette erreur ignoble, impardonnable, vienne de la Tunisie tant aim\u00e9e et respect\u00e9e chez nous, mais ce n&#8217;est pas plus qu&#8217;un coup d&#8217;\u00e9p\u00e9e dans \u2026 une eau trouble.<\/p>\n\n\n\n<p>Pr\u00e9sident tunisien, vous n&#8217;\u00eates certainement pas sans savoir que ces petites man\u0153uvres auront z\u00e9ro impact sur notre marche d\u00e9termin\u00e9e et soutenue \u00e0 travers le monde, vers la solution port\u00e9e par le Souverain.<\/p>\n\n\n\n<p>Pr\u00e9sident tunisien, vous avez manqu\u00e9 d&#8217;apprendre que l&#8217;arriv\u00e9e au Pouvoir ne suffit pas et ne suffira jamais pour faire d&#8217;un \u00e9lu, un homme d&#8217;Etat. Homme d&#8217;Etat on l&#8217;est en soi ou on ne le sera jamais. \u00c7a ne s&#8217;improvise pas, \u00e7a ne s&#8217;apprend pas.<\/p>\n\n\n\n<p>Vos actes, vos agissements, vos renoncements, les rabaissements et humiliations successifs que vous ass\u00e8nez \u00e0 la Tunisie et au peuple tunisien, t\u00e9moignent que vous n&#8217;avez pas la hauteur, la vision, le discernement, le recul, la sagesse, l&#8217;autonomie, les coud\u00e9es franches, la prospective et le patriotisme d&#8217;un homme d&#8217;Etat.<\/p>\n\n\n\n<p>L&#8217;\u00e9cole du Pouvoir vous apprendra, elle par contre, \u00e0 cet effet, que si vous \u00eates arriv\u00e9 au Pouvoir par la grande porte de cette Tunisie mill\u00e9naire, vous devez vous conformer aux seules valeurs de la patrie et aux seules volont\u00e9s des tunisiens, pour \u00e9viter de le quitter par une toute petite fen\u00eatre que vous ouvriront vos tuteurs de l&#8217;ouest pour s&#8217;en d\u00e9barrasser le moment venu.<\/p>\n\n\n\n<p>Pauvre Tunisie, pauvre Peuple tunisien !!!<br>Pr\u00e9sident tunisien, l&#8217;histoire et les m\u00e9moires n&#8217;oublient rien. Leur sanction est sans m\u00e9nagement, cruelle m\u00eame.<\/p>\n","protected":false},"excerpt":{"rendered":"<p>Najib Mikou Ce soir je suis un homme triste, malheureux, affect\u00e9 et d\u00e9\u00e7u au plus haut point. Alors m\u00eame que l&#8217;Espagne, ancien colonisateur de nos Provinces du Sud, s&#8217;est align\u00e9e \u00e0 la solution propos\u00e9e par notre pays, alors que pr\u00e8s de 90% des \u00c9tats que compte le monde \u00e0 travers les continents, s&#8217;alignent \u00e0 la [&hellip;]<\/p>\n","protected":false},"author":1,"featured_media":3460,"comment_status":"open","ping_status":"open","sticky":false,"template":"","format":"standard","meta":{"pgc_sgb_lightbox_settings":""},"categories":[71,17,18],"tags":[],"yoast_head":"<!-- This site is optimized with the Yoast SEO plugin v15.9.2 - https:\/\/yoast.com\/wordpress\/plugins\/seo\/ -->\n<meta name=\"robots\" content=\"index, follow, max-snippet:-1, max-image-preview:large, max-video-preview:-1\" \/>\n<link rel=\"canonical\" href=\"https:\/\/najibmikou.com\/fr\/president-de-tunisie-vous-avez-manque-detre-un-homme-detat\/\" \/>\n<meta property=\"og:locale\" content=\"fr_FR\" \/>\n<meta property=\"og:type\" content=\"article\" \/>\n<meta property=\"og:title\" content=\"Pr\u00e9sident de Tunisie, vous avez manqu\u00e9 d&#039;\u00eatre un homme d&#039;Etat - Najib MIKOU\" \/>\n<meta property=\"og:description\" content=\"Najib Mikou Ce soir je suis un homme triste, malheureux, affect\u00e9 et d\u00e9\u00e7u au plus haut point. Alors m\u00eame que l&#8217;Espagne, ancien colonisateur de nos Provinces du Sud, s&#8217;est align\u00e9e \u00e0 la solution propos\u00e9e par notre pays, alors que pr\u00e8s de 90% des \u00c9tats que compte le monde \u00e0 travers les continents, s&#8217;alignent \u00e0 la [&hellip;]\" \/>\n<meta property=\"og:url\" content=\"https:\/\/najibmikou.com\/fr\/president-de-tunisie-vous-avez-manque-detre-un-homme-detat\/\" \/>\n<meta property=\"og:site_name\" content=\"Najib MIKOU\" \/>\n<meta property=\"article:published_time\" content=\"2022-08-29T21:18:02+00:00\" \/>\n<meta property=\"article:modified_time\" content=\"2022-08-29T21:18:04+00:00\" \/>\n<meta property=\"og:image\" content=\"https:\/\/najibmikou.com\/fr\/wp-content\/uploads\/2022\/08\/kais.jpeg\" \/>\n\t<meta property=\"og:image:width\" content=\"852\" \/>\n\t<meta property=\"og:image:height\" content=\"486\" \/>\n<meta name=\"twitter:card\" content=\"summary_large_image\" \/>\n<meta name=\"twitter:label1\" content=\"Dur\u00e9e de lecture est.\">\n\t<meta name=\"twitter:data1\" content=\"2 minutes\">\n<script type=\"application\/ld+json\" class=\"yoast-schema-graph\">{\"@context\":\"https:\/\/schema.org\",\"@graph\":[{\"@type\":\"WebSite\",\"@id\":\"https:\/\/najibmikou.com\/fr\/#website\",\"url\":\"https:\/\/najibmikou.com\/fr\/\",\"name\":\"Najib MIKOU\",\"description\":\"\\u00c9crire c&#039;est contribuer \\u00e0 ce que le temps collectif ne se trompe pas de chemin\",\"potentialAction\":[{\"@type\":\"SearchAction\",\"target\":\"https:\/\/najibmikou.com\/fr\/?s={search_term_string}\",\"query-input\":\"required name=search_term_string\"}],\"inLanguage\":\"fr-FR\"},{\"@type\":\"ImageObject\",\"@id\":\"https:\/\/najibmikou.com\/fr\/president-de-tunisie-vous-avez-manque-detre-un-homme-detat\/#primaryimage\",\"inLanguage\":\"fr-FR\",\"url\":\"https:\/\/najibmikou.com\/fr\/wp-content\/uploads\/2022\/08\/kais.jpeg\",\"width\":852,\"height\":486},{\"@type\":\"WebPage\",\"@id\":\"https:\/\/najibmikou.com\/fr\/president-de-tunisie-vous-avez-manque-detre-un-homme-detat\/#webpage\",\"url\":\"https:\/\/najibmikou.com\/fr\/president-de-tunisie-vous-avez-manque-detre-un-homme-detat\/\",\"name\":\"Pr\\u00e9sident de Tunisie, vous avez manqu\\u00e9 d'\\u00eatre un homme d'Etat - Najib MIKOU\",\"isPartOf\":{\"@id\":\"https:\/\/najibmikou.com\/fr\/#website\"},\"primaryImageOfPage\":{\"@id\":\"https:\/\/najibmikou.com\/fr\/president-de-tunisie-vous-avez-manque-detre-un-homme-detat\/#primaryimage\"},\"datePublished\":\"2022-08-29T21:18:02+00:00\",\"dateModified\":\"2022-08-29T21:18:04+00:00\",\"author\":{\"@id\":\"https:\/\/najibmikou.com\/fr\/#\/schema\/person\/ad833ab699d080f01dced99b1891ec1e\"},\"breadcrumb\":{\"@id\":\"https:\/\/najibmikou.com\/fr\/president-de-tunisie-vous-avez-manque-detre-un-homme-detat\/#breadcrumb\"},\"inLanguage\":\"fr-FR\",\"potentialAction\":[{\"@type\":\"ReadAction\",\"target\":[\"https:\/\/najibmikou.com\/fr\/president-de-tunisie-vous-avez-manque-detre-un-homme-detat\/\"]}]},{\"@type\":\"BreadcrumbList\",\"@id\":\"https:\/\/najibmikou.com\/fr\/president-de-tunisie-vous-avez-manque-detre-un-homme-detat\/#breadcrumb\",\"itemListElement\":[{\"@type\":\"ListItem\",\"position\":1,\"item\":{\"@type\":\"WebPage\",\"@id\":\"https:\/\/najibmikou.com\/fr\/\",\"url\":\"https:\/\/najibmikou.com\/fr\/\",\"name\":\"Accueil\"}},{\"@type\":\"ListItem\",\"position\":2,\"item\":{\"@type\":\"WebPage\",\"@id\":\"https:\/\/najibmikou.com\/fr\/president-de-tunisie-vous-avez-manque-detre-un-homme-detat\/\",\"url\":\"https:\/\/najibmikou.com\/fr\/president-de-tunisie-vous-avez-manque-detre-un-homme-detat\/\",\"name\":\"Pr\\u00e9sident de Tunisie, vous avez manqu\\u00e9 d&#8217;\\u00eatre un homme d&#8217;Etat\"}}]},{\"@type\":\"Person\",\"@id\":\"https:\/\/najibmikou.com\/fr\/#\/schema\/person\/ad833ab699d080f01dced99b1891ec1e\",\"name\":\"Najib Mikou\",\"image\":{\"@type\":\"ImageObject\",\"@id\":\"https:\/\/najibmikou.com\/fr\/#personlogo\",\"inLanguage\":\"fr-FR\",\"url\":\"https:\/\/secure.gravatar.com\/avatar\/6dfd4a9a9096131eea6d80fb3de585a0?s=96&d=mm&r=g\",\"caption\":\"Najib Mikou\"},\"sameAs\":[\"http:\/\/najibmikou.com\/fr\"]}]}<\/script>\n<!-- \/ Yoast SEO plugin. -->","_links":{"self":[{"href":"https:\/\/najibmikou.com\/fr\/wp-json\/wp\/v2\/posts\/3459"}],"collection":[{"href":"https:\/\/najibmikou.com\/fr\/wp-json\/wp\/v2\/posts"}],"about":[{"href":"https:\/\/najibmikou.com\/fr\/wp-json\/wp\/v2\/types\/post"}],"author":[{"embeddable":true,"href":"https:\/\/najibmikou.com\/fr\/wp-json\/wp\/v2\/users\/1"}],"replies":[{"embeddable":true,"href":"https:\/\/najibmikou.com\/fr\/wp-json\/wp\/v2\/comments?post=3459"}],"version-history":[{"count":1,"href":"https:\/\/najibmikou.com\/fr\/wp-json\/wp\/v2\/posts\/3459\/revisions"}],"predecessor-version":[{"id":3461,"href":"https:\/\/najibmikou.com\/fr\/wp-json\/wp\/v2\/posts\/3459\/revisions\/3461"}],"wp:featuredmedia":[{"embeddable":true,"href":"https:\/\/najibmikou.com\/fr\/wp-json\/wp\/v2\/media\/3460"}],"wp:attachment":[{"href":"https:\/\/najibmikou.com\/fr\/wp-json\/wp\/v2\/media?parent=3459"}],"wp:term":[{"taxonomy":"category","embeddable":true,"href":"https:\/\/najibmikou.com\/fr\/wp-json\/wp\/v2\/categories?post=3459"},{"taxonomy":"post_tag","embeddable":true,"href":"https:\/\/najibmikou.com\/fr\/wp-json\/wp\/v2\/tags?post=3459"}],"curies":[{"name":"wp","href":"https:\/\/api.w.org\/{rel}","templated":true}]}}