{"id":3456,"date":"2022-08-27T13:44:39","date_gmt":"2022-08-27T11:44:39","guid":{"rendered":"https:\/\/najibmikou.com\/fr\/?p=3456"},"modified":"2022-08-27T13:47:31","modified_gmt":"2022-08-27T11:47:31","slug":"le-president-macron-a-alger-un-moment-de-verite-face-a-la-memoire-et-aux-valeurs-de-la-france","status":"publish","type":"post","link":"https:\/\/najibmikou.com\/fr\/le-president-macron-a-alger-un-moment-de-verite-face-a-la-memoire-et-aux-valeurs-de-la-france\/","title":{"rendered":"Le Pr\u00e9sident Macron \u00e0 Alger : un moment de v\u00e9rit\u00e9 face \u00e0 la m\u00e9moire et aux valeurs de la France"},"content":{"rendered":"\n<p><strong>Najib Mikou<\/strong><\/p>\n\n\n\n<p>Il para\u00eet que le Pr\u00e9sident fran\u00e7ais en visite actuellement \u00e0 Alger, a appel\u00e9 depuis cette Capitale, \u00e0 faire front contre la Russie et demand\u00e9 un soutien massif pour l&#8217;Ukraine.<\/p>\n\n\n\n<p>C&#8217;\u00e9tait au mot \u00e0 mot, ce qu&#8217;a dit derni\u00e8rement, Monsieur Blinken, Secr\u00e9taire d&#8217;Etat am\u00e9ricain, \u00e0 Alger, mais \u00e7a n&#8217;a pas dissuad\u00e9 le Ministre des Affaires \u00c9trang\u00e8res alg\u00e9rien de faire le d\u00e9placement \u00e0 Moscou quelques heures apr\u00e8s la visite de Monsieur Blinken, pour rassurer.<\/p>\n\n\n\n<p>Ce comportement ne doit pas \u00eatre pris comme un d\u00e9fi de la part d&#8217;Alger. Il s&#8217;agit juste d&#8217;une man\u0153uvre consistant \u00e0 jouer sur son rapprochement historique avec Moscou pour le monnayer trop cher aupr\u00e8s de l&#8217;Occident, dont une demande persistante d&#8217;une position hostile \u00e0 l&#8217;int\u00e9grit\u00e9 territoriale de notre pays.<\/p>\n\n\n\n<p>La guerre en Ukraine ne fait pas que des morts, des d\u00e9g\u00e2ts civilisationnels et une inflation galopante et d\u00e9vastatrice. Elle r\u00e9anime et repositionne les oubli\u00e9s du pr\u00e9sent, les manchots et les chanteurs &#8211; arnaqueurs.<\/p>\n\n\n\n<p>M\u00eame ZELENSKYY, &#8220;acteur&#8221; principal dans cette guerre de trop, donne \u00e0 penser qu&#8217;il fait 3 choses \u00e0 la fois :<\/p>\n\n\n\n<p>1- un chantage manifeste aux Occidentaux,<br>2- de l&#8217;arnaque,<br>3- et parce que \u00e7a lui rapporte trop gros, d&#8217;aucuns s&#8217;accordent qu&#8217;il fait \u00e9chouer toute n\u00e9gociation avec la Russie pour faire durer cette guerre contre son propre pays et son propre peuple, devenue une v\u00e9ritable vache \u00e0 lait.<\/p>\n\n\n\n<p>Il a en tout cas, bien saisi, combien c&#8217;est important pour les Occidentaux que l&#8217;Ukraine ne tombe pas, et il en profite au maximum.<\/p>\n\n\n\n<p>L&#8217;accouchement ou non, d&#8217;un Nouvel Ordre Mondial se joue sur son terrain. Et &#8220;acteur&#8221; fut\u00e9 comme il est, il l&#8217;a bien saisi et il en tire le plus grand profit.<\/p>\n\n\n\n<p>Alger s&#8217;en inspire et l&#8217;applique \u00e0 ses propres enjeux. Mais tout comme Monsieur Blinken, le Pr\u00e9sident fran\u00e7ais ne peut \u00eatre dupe.<\/p>\n\n\n\n<p>En dehors des dossiers bilat\u00e9raux entre Paris et Alger, qui ne regardent que les deux Chefs d&#8217;Etats, le Pr\u00e9sident fran\u00e7ais est le Grand T\u00e9moin et le d\u00e9tenteur insoup\u00e7onn\u00e9, de preuves d&#8217;une histoire commune ind\u00e9l\u00e9bile, que non seulement les Provinces du Sud, sont marocaines, mais \u00e9galement toutes les profondeurs de nos territoires de l&#8217;Est, que son pays a offert ind\u00fbment \u00e0 l&#8217;Alg\u00e9rie.<\/p>\n\n\n\n<p>L&#8217;histoire, l&#8217;\u00e9thique et les grandes valeurs auxquelles Monsieur Macron s&#8217;identifie, lui exigent de profiter de sa visite d&#8217;Etat \u00e0 Alger pour lib\u00e9rer sa conscience, rendre justice \u00e0 l&#8217;histoire et \u00e0 la m\u00e9moire de la France en persuadant Alger de reconna\u00eetre la marocanit\u00e9 de nos Provinces du Sud et de restituer au Maroc tous ses territoires de l&#8217;ouest alg\u00e9rien.<\/p>\n\n\n\n<p>Ceci dit, cette sale guerre en Ukraine, doit cesser au plus vite, pour le grand bien de la paix dans le monde et de l&#8217;\u00e9conomie mondiale, et pour que cessent avec elle les man\u0153uvres sordides, cyniques, abjectes, reproduites d&#8217;une guerre froide appartenant \u00e0 un monde d\u00e9pass\u00e9, \u00e0 un temps r\u00e9volu.<\/p>\n","protected":false},"excerpt":{"rendered":"<p>Najib Mikou Il para\u00eet que le Pr\u00e9sident fran\u00e7ais en visite actuellement \u00e0 Alger, a appel\u00e9 depuis cette Capitale, \u00e0 faire front contre la Russie et demand\u00e9 un soutien massif pour l&#8217;Ukraine. C&#8217;\u00e9tait au mot \u00e0 mot, ce qu&#8217;a dit derni\u00e8rement, Monsieur Blinken, Secr\u00e9taire d&#8217;Etat am\u00e9ricain, \u00e0 Alger, mais \u00e7a n&#8217;a pas dissuad\u00e9 le Ministre des [&hellip;]<\/p>\n","protected":false},"author":1,"featured_media":3457,"comment_status":"open","ping_status":"open","sticky":false,"template":"","format":"standard","meta":{"pgc_sgb_lightbox_settings":""},"categories":[71,17,18],"tags":[],"yoast_head":"<!-- This site is optimized with the Yoast SEO plugin v15.9.2 - https:\/\/yoast.com\/wordpress\/plugins\/seo\/ -->\n<meta name=\"robots\" content=\"index, follow, max-snippet:-1, max-image-preview:large, max-video-preview:-1\" \/>\n<link rel=\"canonical\" href=\"https:\/\/najibmikou.com\/fr\/le-president-macron-a-alger-un-moment-de-verite-face-a-la-memoire-et-aux-valeurs-de-la-france\/\" \/>\n<meta property=\"og:locale\" content=\"fr_FR\" \/>\n<meta property=\"og:type\" content=\"article\" \/>\n<meta property=\"og:title\" content=\"Le Pr\u00e9sident Macron \u00e0 Alger : un moment de v\u00e9rit\u00e9 face \u00e0 la m\u00e9moire et aux valeurs de la France - Najib MIKOU\" \/>\n<meta property=\"og:description\" content=\"Najib Mikou Il para\u00eet que le Pr\u00e9sident fran\u00e7ais en visite actuellement \u00e0 Alger, a appel\u00e9 depuis cette Capitale, \u00e0 faire front contre la Russie et demand\u00e9 un soutien massif pour l&#8217;Ukraine. C&#8217;\u00e9tait au mot \u00e0 mot, ce qu&#8217;a dit derni\u00e8rement, Monsieur Blinken, Secr\u00e9taire d&#8217;Etat am\u00e9ricain, \u00e0 Alger, mais \u00e7a n&#8217;a pas dissuad\u00e9 le Ministre des [&hellip;]\" \/>\n<meta property=\"og:url\" content=\"https:\/\/najibmikou.com\/fr\/le-president-macron-a-alger-un-moment-de-verite-face-a-la-memoire-et-aux-valeurs-de-la-france\/\" \/>\n<meta property=\"og:site_name\" content=\"Najib MIKOU\" \/>\n<meta property=\"article:published_time\" content=\"2022-08-27T11:44:39+00:00\" \/>\n<meta property=\"article:modified_time\" content=\"2022-08-27T11:47:31+00:00\" \/>\n<meta property=\"og:image\" content=\"https:\/\/najibmikou.com\/fr\/wp-content\/uploads\/2022\/08\/macron-alger.jpeg\" \/>\n\t<meta property=\"og:image:width\" content=\"1280\" \/>\n\t<meta property=\"og:image:height\" content=\"854\" \/>\n<meta name=\"twitter:card\" content=\"summary_large_image\" \/>\n<meta name=\"twitter:label1\" content=\"Dur\u00e9e de lecture est.\">\n\t<meta name=\"twitter:data1\" content=\"3 minutes\">\n<script type=\"application\/ld+json\" class=\"yoast-schema-graph\">{\"@context\":\"https:\/\/schema.org\",\"@graph\":[{\"@type\":\"WebSite\",\"@id\":\"https:\/\/najibmikou.com\/fr\/#website\",\"url\":\"https:\/\/najibmikou.com\/fr\/\",\"name\":\"Najib MIKOU\",\"description\":\"\\u00c9crire c&#039;est contribuer \\u00e0 ce que le temps collectif ne se trompe pas de chemin\",\"potentialAction\":[{\"@type\":\"SearchAction\",\"target\":\"https:\/\/najibmikou.com\/fr\/?s={search_term_string}\",\"query-input\":\"required name=search_term_string\"}],\"inLanguage\":\"fr-FR\"},{\"@type\":\"ImageObject\",\"@id\":\"https:\/\/najibmikou.com\/fr\/le-president-macron-a-alger-un-moment-de-verite-face-a-la-memoire-et-aux-valeurs-de-la-france\/#primaryimage\",\"inLanguage\":\"fr-FR\",\"url\":\"https:\/\/najibmikou.com\/fr\/wp-content\/uploads\/2022\/08\/macron-alger.jpeg\",\"width\":1280,\"height\":854,\"caption\":\"Le pr\\u00e9sident fran\\u00e7ais Emmanuel Macron (\\u00e0 gauche) et le pr\\u00e9sident alg\\u00e9rien Abdelmadjid Tebboune\"},{\"@type\":\"WebPage\",\"@id\":\"https:\/\/najibmikou.com\/fr\/le-president-macron-a-alger-un-moment-de-verite-face-a-la-memoire-et-aux-valeurs-de-la-france\/#webpage\",\"url\":\"https:\/\/najibmikou.com\/fr\/le-president-macron-a-alger-un-moment-de-verite-face-a-la-memoire-et-aux-valeurs-de-la-france\/\",\"name\":\"Le Pr\\u00e9sident Macron \\u00e0 Alger : un moment de v\\u00e9rit\\u00e9 face \\u00e0 la m\\u00e9moire et aux valeurs de la France - Najib MIKOU\",\"isPartOf\":{\"@id\":\"https:\/\/najibmikou.com\/fr\/#website\"},\"primaryImageOfPage\":{\"@id\":\"https:\/\/najibmikou.com\/fr\/le-president-macron-a-alger-un-moment-de-verite-face-a-la-memoire-et-aux-valeurs-de-la-france\/#primaryimage\"},\"datePublished\":\"2022-08-27T11:44:39+00:00\",\"dateModified\":\"2022-08-27T11:47:31+00:00\",\"author\":{\"@id\":\"https:\/\/najibmikou.com\/fr\/#\/schema\/person\/ad833ab699d080f01dced99b1891ec1e\"},\"breadcrumb\":{\"@id\":\"https:\/\/najibmikou.com\/fr\/le-president-macron-a-alger-un-moment-de-verite-face-a-la-memoire-et-aux-valeurs-de-la-france\/#breadcrumb\"},\"inLanguage\":\"fr-FR\",\"potentialAction\":[{\"@type\":\"ReadAction\",\"target\":[\"https:\/\/najibmikou.com\/fr\/le-president-macron-a-alger-un-moment-de-verite-face-a-la-memoire-et-aux-valeurs-de-la-france\/\"]}]},{\"@type\":\"BreadcrumbList\",\"@id\":\"https:\/\/najibmikou.com\/fr\/le-president-macron-a-alger-un-moment-de-verite-face-a-la-memoire-et-aux-valeurs-de-la-france\/#breadcrumb\",\"itemListElement\":[{\"@type\":\"ListItem\",\"position\":1,\"item\":{\"@type\":\"WebPage\",\"@id\":\"https:\/\/najibmikou.com\/fr\/\",\"url\":\"https:\/\/najibmikou.com\/fr\/\",\"name\":\"Accueil\"}},{\"@type\":\"ListItem\",\"position\":2,\"item\":{\"@type\":\"WebPage\",\"@id\":\"https:\/\/najibmikou.com\/fr\/le-president-macron-a-alger-un-moment-de-verite-face-a-la-memoire-et-aux-valeurs-de-la-france\/\",\"url\":\"https:\/\/najibmikou.com\/fr\/le-president-macron-a-alger-un-moment-de-verite-face-a-la-memoire-et-aux-valeurs-de-la-france\/\",\"name\":\"Le Pr\\u00e9sident Macron \\u00e0 Alger : un moment de v\\u00e9rit\\u00e9 face \\u00e0 la m\\u00e9moire et aux valeurs de la France\"}}]},{\"@type\":\"Person\",\"@id\":\"https:\/\/najibmikou.com\/fr\/#\/schema\/person\/ad833ab699d080f01dced99b1891ec1e\",\"name\":\"Najib Mikou\",\"image\":{\"@type\":\"ImageObject\",\"@id\":\"https:\/\/najibmikou.com\/fr\/#personlogo\",\"inLanguage\":\"fr-FR\",\"url\":\"https:\/\/secure.gravatar.com\/avatar\/6dfd4a9a9096131eea6d80fb3de585a0?s=96&d=mm&r=g\",\"caption\":\"Najib Mikou\"},\"sameAs\":[\"http:\/\/najibmikou.com\/fr\"]}]}<\/script>\n<!-- \/ Yoast SEO plugin. -->","_links":{"self":[{"href":"https:\/\/najibmikou.com\/fr\/wp-json\/wp\/v2\/posts\/3456"}],"collection":[{"href":"https:\/\/najibmikou.com\/fr\/wp-json\/wp\/v2\/posts"}],"about":[{"href":"https:\/\/najibmikou.com\/fr\/wp-json\/wp\/v2\/types\/post"}],"author":[{"embeddable":true,"href":"https:\/\/najibmikou.com\/fr\/wp-json\/wp\/v2\/users\/1"}],"replies":[{"embeddable":true,"href":"https:\/\/najibmikou.com\/fr\/wp-json\/wp\/v2\/comments?post=3456"}],"version-history":[{"count":1,"href":"https:\/\/najibmikou.com\/fr\/wp-json\/wp\/v2\/posts\/3456\/revisions"}],"predecessor-version":[{"id":3458,"href":"https:\/\/najibmikou.com\/fr\/wp-json\/wp\/v2\/posts\/3456\/revisions\/3458"}],"wp:featuredmedia":[{"embeddable":true,"href":"https:\/\/najibmikou.com\/fr\/wp-json\/wp\/v2\/media\/3457"}],"wp:attachment":[{"href":"https:\/\/najibmikou.com\/fr\/wp-json\/wp\/v2\/media?parent=3456"}],"wp:term":[{"taxonomy":"category","embeddable":true,"href":"https:\/\/najibmikou.com\/fr\/wp-json\/wp\/v2\/categories?post=3456"},{"taxonomy":"post_tag","embeddable":true,"href":"https:\/\/najibmikou.com\/fr\/wp-json\/wp\/v2\/tags?post=3456"}],"curies":[{"name":"wp","href":"https:\/\/api.w.org\/{rel}","templated":true}]}}