{"id":3421,"date":"2022-07-27T12:37:38","date_gmt":"2022-07-27T10:37:38","guid":{"rendered":"https:\/\/najibmikou.com\/fr\/?p=3421"},"modified":"2022-07-28T13:26:07","modified_gmt":"2022-07-28T11:26:07","slug":"ce-prix-du-carburant-qui-nen-finit-pas-dempoisonner-notre-climat-social-et-politique","status":"publish","type":"post","link":"https:\/\/najibmikou.com\/fr\/ce-prix-du-carburant-qui-nen-finit-pas-dempoisonner-notre-climat-social-et-politique\/","title":{"rendered":"Ce prix du carburant qui n&#8217;en finit pas d&#8217;empoisonner notre climat social et &#8230; politique"},"content":{"rendered":"\n<p><strong>Najib Mikou<\/strong><\/p>\n\n\n\n<p>Le dossier combien probl\u00e9matique, des hydrocarbures a presque totalement quitt\u00e9 la sph\u00e8re de la r\u00e9flexion pour basculer vers la fixation. La flamb\u00e9 des prix ayant atteint dans le vif, le pouvoir d&#8217;achat de tr\u00e8s larges franges de notre soci\u00e9t\u00e9, et la position du gouvernement sur le sujet, en sont pour beaucoup dans ce regrettable basculement.<\/p>\n\n\n\n<p>Pour ma part, je pense modestement que le terrain de la r\u00e9flexion n&#8217;a pas \u00e9t\u00e9 totalement explor\u00e9 et que de grands espaces de rapprochement entre les deux th\u00e8ses, existent bien encore, afin de faire baisser une pression r\u00e9elle sur le citoyen, et de permettre dans le m\u00eame temps, au gouvernement d&#8217;avancer dans son travail, loin de toute crispation pour le moins, inappropri\u00e9e.<\/p>\n\n\n\n<p>Ma proposition sur le tr\u00e8s court terme, consiste \u00e0 ne pas mettre en cause la libert\u00e9 du march\u00e9 parce que notre pays ne pourra pas faire marche arri\u00e8re sur ce choix pour des raisons de cr\u00e9dibilit\u00e9, d&#8217;image et d&#8217;ambitions l\u00e9gitimes, mais \u00e0 agir sur 3 choses :<\/p>\n\n\n\n<p>1- veiller sur une concurrence pure et parfaite entre les distributeurs, comme condition sine qua non d&#8217;un march\u00e9 voulu libre. Aucune \u00e9ventuelle entente sur les prix ne doit \u00eatre ni permise ni encore moins tol\u00e9r\u00e9e,<\/p>\n\n\n\n<p>2- appeler les distributeurs \u00e0 contribuer \u00e0 un &#8220;fond de soutien citoyen&#8221; et exceptionnel, au prix du carburant,<\/p>\n\n\n\n<p>3- restituer \u00e0 tout citoyen qui se pr\u00e9sente \u00e0 une station de carburant(motos, camions, autocars, v\u00e9hicules jusqu&#8217;\u00e0 9 CV), 3 dh par litre achet\u00e9. L\u2019\u00c9tat prend en charge ces 3 dh\/litre qu&#8217;il finance \u00e0 partir dudit fond qui sera aliment\u00e9 \u00e9galement par des recettes additionnelles de la TIC et TVA, encaiss\u00e9es au-del\u00e0 d&#8217;un prix du carburant \u00e0 10 dh l&#8217;essence et 9 dh le diesel.<\/p>\n\n\n\n<p>Nous parviendrons ainsi, \u00e0 cocher toutes les cases qui permettront \u00e0 notre pays de renforcer sa coh\u00e9sion sociale et sa s\u00e9r\u00e9nit\u00e9 globale, dans un climat international extr\u00eamement tendu qui nous exporte une toxicit\u00e9 fortement nuisible, dont l&#8217;inflation galopante et d\u00e9vastatrice, n&#8217;est que la partie apparente d&#8217;une m\u00e9lasse puante et hors de tout contr\u00f4le.<\/p>\n","protected":false},"excerpt":{"rendered":"<p>Najib Mikou Le dossier combien probl\u00e9matique, des hydrocarbures a presque totalement quitt\u00e9 la sph\u00e8re de la r\u00e9flexion pour basculer vers la fixation. La flamb\u00e9 des prix ayant atteint dans le vif, le pouvoir d&#8217;achat de tr\u00e8s larges franges de notre soci\u00e9t\u00e9, et la position du gouvernement sur le sujet, en sont pour beaucoup dans ce [&hellip;]<\/p>\n","protected":false},"author":1,"featured_media":3422,"comment_status":"open","ping_status":"open","sticky":false,"template":"","format":"standard","meta":{"pgc_sgb_lightbox_settings":""},"categories":[71,13,12,5,18,14],"tags":[],"yoast_head":"<!-- This site is optimized with the Yoast SEO plugin v15.9.2 - https:\/\/yoast.com\/wordpress\/plugins\/seo\/ -->\n<meta name=\"robots\" content=\"index, follow, max-snippet:-1, max-image-preview:large, max-video-preview:-1\" \/>\n<link rel=\"canonical\" href=\"https:\/\/najibmikou.com\/fr\/ce-prix-du-carburant-qui-nen-finit-pas-dempoisonner-notre-climat-social-et-politique\/\" \/>\n<meta property=\"og:locale\" content=\"fr_FR\" \/>\n<meta property=\"og:type\" content=\"article\" \/>\n<meta property=\"og:title\" content=\"Ce prix du carburant qui n&#039;en finit pas d&#039;empoisonner notre climat social et ... politique - Najib MIKOU\" \/>\n<meta property=\"og:description\" content=\"Najib Mikou Le dossier combien probl\u00e9matique, des hydrocarbures a presque totalement quitt\u00e9 la sph\u00e8re de la r\u00e9flexion pour basculer vers la fixation. La flamb\u00e9 des prix ayant atteint dans le vif, le pouvoir d&#8217;achat de tr\u00e8s larges franges de notre soci\u00e9t\u00e9, et la position du gouvernement sur le sujet, en sont pour beaucoup dans ce [&hellip;]\" \/>\n<meta property=\"og:url\" content=\"https:\/\/najibmikou.com\/fr\/ce-prix-du-carburant-qui-nen-finit-pas-dempoisonner-notre-climat-social-et-politique\/\" \/>\n<meta property=\"og:site_name\" content=\"Najib MIKOU\" \/>\n<meta property=\"article:published_time\" content=\"2022-07-27T10:37:38+00:00\" \/>\n<meta property=\"article:modified_time\" content=\"2022-07-28T11:26:07+00:00\" \/>\n<meta property=\"og:image\" content=\"https:\/\/najibmikou.com\/fr\/wp-content\/uploads\/2022\/07\/FRwLbo5VcAAeR4M.jpg\" \/>\n\t<meta property=\"og:image:width\" content=\"830\" \/>\n\t<meta property=\"og:image:height\" content=\"466\" \/>\n<meta name=\"twitter:card\" content=\"summary_large_image\" \/>\n<meta name=\"twitter:label1\" content=\"Dur\u00e9e de lecture est.\">\n\t<meta name=\"twitter:data1\" content=\"2 minutes\">\n<script type=\"application\/ld+json\" class=\"yoast-schema-graph\">{\"@context\":\"https:\/\/schema.org\",\"@graph\":[{\"@type\":\"WebSite\",\"@id\":\"https:\/\/najibmikou.com\/fr\/#website\",\"url\":\"https:\/\/najibmikou.com\/fr\/\",\"name\":\"Najib MIKOU\",\"description\":\"\\u00c9crire c&#039;est contribuer \\u00e0 ce que le temps collectif ne se trompe pas de chemin\",\"potentialAction\":[{\"@type\":\"SearchAction\",\"target\":\"https:\/\/najibmikou.com\/fr\/?s={search_term_string}\",\"query-input\":\"required name=search_term_string\"}],\"inLanguage\":\"fr-FR\"},{\"@type\":\"ImageObject\",\"@id\":\"https:\/\/najibmikou.com\/fr\/ce-prix-du-carburant-qui-nen-finit-pas-dempoisonner-notre-climat-social-et-politique\/#primaryimage\",\"inLanguage\":\"fr-FR\",\"url\":\"https:\/\/najibmikou.com\/fr\/wp-content\/uploads\/2022\/07\/FRwLbo5VcAAeR4M.jpg\",\"width\":830,\"height\":466},{\"@type\":\"WebPage\",\"@id\":\"https:\/\/najibmikou.com\/fr\/ce-prix-du-carburant-qui-nen-finit-pas-dempoisonner-notre-climat-social-et-politique\/#webpage\",\"url\":\"https:\/\/najibmikou.com\/fr\/ce-prix-du-carburant-qui-nen-finit-pas-dempoisonner-notre-climat-social-et-politique\/\",\"name\":\"Ce prix du carburant qui n'en finit pas d'empoisonner notre climat social et ... politique - Najib MIKOU\",\"isPartOf\":{\"@id\":\"https:\/\/najibmikou.com\/fr\/#website\"},\"primaryImageOfPage\":{\"@id\":\"https:\/\/najibmikou.com\/fr\/ce-prix-du-carburant-qui-nen-finit-pas-dempoisonner-notre-climat-social-et-politique\/#primaryimage\"},\"datePublished\":\"2022-07-27T10:37:38+00:00\",\"dateModified\":\"2022-07-28T11:26:07+00:00\",\"author\":{\"@id\":\"https:\/\/najibmikou.com\/fr\/#\/schema\/person\/ad833ab699d080f01dced99b1891ec1e\"},\"breadcrumb\":{\"@id\":\"https:\/\/najibmikou.com\/fr\/ce-prix-du-carburant-qui-nen-finit-pas-dempoisonner-notre-climat-social-et-politique\/#breadcrumb\"},\"inLanguage\":\"fr-FR\",\"potentialAction\":[{\"@type\":\"ReadAction\",\"target\":[\"https:\/\/najibmikou.com\/fr\/ce-prix-du-carburant-qui-nen-finit-pas-dempoisonner-notre-climat-social-et-politique\/\"]}]},{\"@type\":\"BreadcrumbList\",\"@id\":\"https:\/\/najibmikou.com\/fr\/ce-prix-du-carburant-qui-nen-finit-pas-dempoisonner-notre-climat-social-et-politique\/#breadcrumb\",\"itemListElement\":[{\"@type\":\"ListItem\",\"position\":1,\"item\":{\"@type\":\"WebPage\",\"@id\":\"https:\/\/najibmikou.com\/fr\/\",\"url\":\"https:\/\/najibmikou.com\/fr\/\",\"name\":\"Accueil\"}},{\"@type\":\"ListItem\",\"position\":2,\"item\":{\"@type\":\"WebPage\",\"@id\":\"https:\/\/najibmikou.com\/fr\/ce-prix-du-carburant-qui-nen-finit-pas-dempoisonner-notre-climat-social-et-politique\/\",\"url\":\"https:\/\/najibmikou.com\/fr\/ce-prix-du-carburant-qui-nen-finit-pas-dempoisonner-notre-climat-social-et-politique\/\",\"name\":\"Ce prix du carburant qui n&#8217;en finit pas d&#8217;empoisonner notre climat social et &#8230; politique\"}}]},{\"@type\":\"Person\",\"@id\":\"https:\/\/najibmikou.com\/fr\/#\/schema\/person\/ad833ab699d080f01dced99b1891ec1e\",\"name\":\"Najib Mikou\",\"image\":{\"@type\":\"ImageObject\",\"@id\":\"https:\/\/najibmikou.com\/fr\/#personlogo\",\"inLanguage\":\"fr-FR\",\"url\":\"https:\/\/secure.gravatar.com\/avatar\/6dfd4a9a9096131eea6d80fb3de585a0?s=96&d=mm&r=g\",\"caption\":\"Najib Mikou\"},\"sameAs\":[\"http:\/\/najibmikou.com\/fr\"]}]}<\/script>\n<!-- \/ Yoast SEO plugin. -->","_links":{"self":[{"href":"https:\/\/najibmikou.com\/fr\/wp-json\/wp\/v2\/posts\/3421"}],"collection":[{"href":"https:\/\/najibmikou.com\/fr\/wp-json\/wp\/v2\/posts"}],"about":[{"href":"https:\/\/najibmikou.com\/fr\/wp-json\/wp\/v2\/types\/post"}],"author":[{"embeddable":true,"href":"https:\/\/najibmikou.com\/fr\/wp-json\/wp\/v2\/users\/1"}],"replies":[{"embeddable":true,"href":"https:\/\/najibmikou.com\/fr\/wp-json\/wp\/v2\/comments?post=3421"}],"version-history":[{"count":5,"href":"https:\/\/najibmikou.com\/fr\/wp-json\/wp\/v2\/posts\/3421\/revisions"}],"predecessor-version":[{"id":3436,"href":"https:\/\/najibmikou.com\/fr\/wp-json\/wp\/v2\/posts\/3421\/revisions\/3436"}],"wp:featuredmedia":[{"embeddable":true,"href":"https:\/\/najibmikou.com\/fr\/wp-json\/wp\/v2\/media\/3422"}],"wp:attachment":[{"href":"https:\/\/najibmikou.com\/fr\/wp-json\/wp\/v2\/media?parent=3421"}],"wp:term":[{"taxonomy":"category","embeddable":true,"href":"https:\/\/najibmikou.com\/fr\/wp-json\/wp\/v2\/categories?post=3421"},{"taxonomy":"post_tag","embeddable":true,"href":"https:\/\/najibmikou.com\/fr\/wp-json\/wp\/v2\/tags?post=3421"}],"curies":[{"name":"wp","href":"https:\/\/api.w.org\/{rel}","templated":true}]}}