{"id":3417,"date":"2022-07-27T12:25:18","date_gmt":"2022-07-27T10:25:18","guid":{"rendered":"https:\/\/najibmikou.com\/fr\/?p=3417"},"modified":"2022-07-27T15:17:28","modified_gmt":"2022-07-27T13:17:28","slug":"le-projet-de-charte-dinvestissement-remis-au-parlement-lheure-de-verite-sonne-resonne","status":"publish","type":"post","link":"https:\/\/najibmikou.com\/fr\/le-projet-de-charte-dinvestissement-remis-au-parlement-lheure-de-verite-sonne-resonne\/","title":{"rendered":"Le projet de Charte d&#8217;Investissement remis au Parlement : l&#8217;heure de v\u00e9rit\u00e9 sonne, r\u00e9sonne."},"content":{"rendered":"\n<p><strong>Najib Mikou<\/strong><\/p>\n\n\n\n<p>Tant attendu, le projet de Charte d\u2019Investissement a \u00e9t\u00e9 adopt\u00e9 par le dernier Conseil des Ministres, pr\u00e9sid\u00e9 par SM Le Roi et remis tambour battant, hier, au Parlement comme \u00e9tape d\u00e9cisive de son approbation par les \u00e9lus de la Nation, et de sa mise en \u0153uvre.<\/p>\n\n\n\n<p>R\u00e9sultat de Hautes Directives et de Supervision Directe du Souverain, il t\u00e9moigne du r\u00f4le nodal que lui conf\u00e8re SM Le Roi pour insuffler l\u2019impulsion n\u00e9cessaire \u00e0 notre \u00c9conomie.<\/p>\n\n\n\n<p>Outre les objectifs globaux de cr\u00e9ation massive d\u2019emplois, de d\u00e9veloppement territorial \u00e9quitable, et de priorisation de secteurs porteurs pour notre pays, la nouvelle Charte est appel\u00e9e \u00e0 \u00eatre un v\u00e9ritable moteur \u00e0 lib\u00e9rer les \u00e9nergies, toutes les \u00e9nergies, tant qu\u2019elle favorisera et encouragera \u00e0 tout prix, l\u2019initiative priv\u00e9e.<\/p>\n\n\n\n<p>Elle est \u00e9galement appel\u00e9e \u00e0 \u00eatre l\u2019un des propulseurs privil\u00e9gi\u00e9s d\u2019une croissance forte et durable, combien n\u00e9cessaire pour notre \u00c9conomie et pour nos aspirations sociales.<\/p>\n\n\n\n<p>Elle est de m\u00eame, appel\u00e9e \u00e0 \u00eatre l\u2019une des machines inclusives de toutes les potentialit\u00e9s, en ce sens qu\u2019elle appuiera des choix et des voies d\u2019opportunit\u00e9s pour la tr\u00e8s petite initiative quelle qu\u2019en soit sa taille.<\/p>\n\n\n\n<p>Elle est enfin, appel\u00e9e \u00e0 insuffler la dose in\u00e9luctable de transparence, aussi bien en mati\u00e8re de neutralit\u00e9 des Services de l\u2019\u00c9tat face aux op\u00e9rateurs \u00e9conomiques, qu\u2019en mati\u00e8re d\u2019acc\u00e8s aux avantages qu\u2019elle leur apporte. La digitalisation de l\u2019acc\u00e8s \u00e0 l\u2019information et de son traitement, y contribuera significativement.<\/p>\n\n\n\n<p>Il faut souligner ici que le fait que le gouvernement se soit dot\u00e9 d\u2019un Minist\u00e8re aupr\u00e8s du Chef du Gouvernement, d\u00e9di\u00e9 \u00e0 \u201cl\u2019Investissement, la Convergence et l\u2019\u00c9valuation des Politiques Publiques\u201d, est en lui-m\u00eame, un atout important pour la mise en symbiose de l\u2019intervention publique dans ce domaine crucial, ainsi que pour l\u2019atteinte de ces attentes l\u00e9gitimes.<\/p>\n\n\n\n<p>Ceci dit, si tout autorise \u00e0 croire que la Charte d\u2019Investissement attendue, devra assumer tous ses r\u00f4les et permettre d\u2019atteindre tous les objectifs \u00e9conomiques fix\u00e9s, il serait injuste de penser qu\u2019elle puisse le faire \u00e0 elle seule.<\/p>\n\n\n\n<p>L\u2019acte d\u2019investir est complexe et multidimensionnel, et par cons\u00e9quent, la Charte d\u2019Investissement devrait \u00eatre accompagn\u00e9e d\u2019une fa\u00e7on concomitante :<\/p>\n\n\n\n<p>\u2022 d\u2019une Charte fiscale pour assurer stabilit\u00e9, simplicit\u00e9 et visibilit\u00e9 aux op\u00e9rateurs \u00e9conomiques, pour favoriser des initiatives novatrices visant \u00e0 am\u00e9liorer la comp\u00e9titivit\u00e9 de nos entreprises, pour soutenir nos exportations face \u00e0 une comp\u00e9tition internationale in\u00e9gale, et pour contribuer \u00e0 la juste redistribution des fruits de la forte croissance vis\u00e9e, entre l\u2019ensemble des compartiments de la soci\u00e9t\u00e9 ;<\/p>\n\n\n\n<p>\u2022 d\u2019une charte sociale pour permettre le transfert de la juste part du Capital vers le Travail, et pour que l\u2019entreprise soit un cadre de cr\u00e9ativit\u00e9, d\u2019engagement, de formation, d\u2019\u00e9panouissement, de coh\u00e9sion et de comp\u00e9titivit\u00e9 ;<\/p>\n\n\n\n<p>\u2022 d\u2019un syst\u00e8me d\u2019accompagnement financier, foncier et d\u2019ing\u00e9nierie, au profit des op\u00e9rateurs priv\u00e9s, afin de forcer le succ\u00e8s de toute initiative d\u2019entreprendre et \u00e9viter les mortalit\u00e9s importantes et d\u00e9motivantes d\u2019entreprises, que nous essuyons r\u00e9guli\u00e8rement, particuli\u00e8rement dans les rangs des TPME ;<\/p>\n\n\n\n<p>\u2022 et de corps centraux, r\u00e9gionaux et locaux de l&#8217;Administration, fortement mobilis\u00e9s, en tant que v\u00e9ritables soldats \u00e9conomiques au service d&#8217;une mise en \u0153uvre optimale de cette Charte.<\/p>\n\n\n\n<p>Notre Administration en a donn\u00e9 la meilleure preuve pendant les deux ann\u00e9es tragiques de la pand\u00e9mie du Covid o\u00f9 elle a forc\u00e9 le respect et l&#8217;admiration par sa comp\u00e9tence, son d\u00e9vouement et son engagement inlassable.<\/p>\n\n\n\n<p>L\u2019int\u00e9r\u00eat n\u2019est pas tant la cr\u00e9ation de dizaines de milliers d\u2019entreprises par an, mais \u00e9galement l\u2019activation de tous les leviers possibles pour les maintenir en vie et les faire grandir notamment, par l\u2019accompagnement cibl\u00e9 et efficace.<\/p>\n\n\n\n<p>Tout ceci peut \u00eatre r\u00e9sum\u00e9 en 3 mots magiques : &#8220;climat des affaires&#8221;.<\/p>\n\n\n\n<p>C\u2019est sur l\u2019efficacit\u00e9 et la performance de notre climat des affaires que la d\u00e9cision d\u2019investir est prise par l\u2019op\u00e9rateur priv\u00e9. Car au-del\u00e0 de tout patriotisme \u00e9conomique n\u00e9cessaire ou de tout int\u00e9r\u00eat que nous puissions susciter chez un investisseur \u00e9tranger, le monde des affaires et de l\u2019entreprise, reste un monde de l\u2019argent et du b\u00e9n\u00e9fice. Et ces propos et intentions ne sont ni n\u00e9gatifs ni encore moins p\u00e9joratifs.<\/p>\n\n\n\n<p>Il n\u2019est donc, nul besoin de rappeler ici que la Charte d\u2019Investissement, a \u00e9t\u00e9 profond\u00e9ment repens\u00e9e plusieurs ann\u00e9es durant, pour que le secteur priv\u00e9 y trouve des autoroutes d\u2019opportunit\u00e9s, les emprunte avec enthousiasme, et assume pleinement le r\u00f4le qui doit \u00eatre le sien dans le domaine \u00e9conomique.<\/p>\n\n\n\n<p>Il est par cons\u00e9quent, vis\u00e9 que l\u2019on parvienne gr\u00e2ce \u00e0 la nouvelle Charte d\u2019Investissement, \u00e0 relever le d\u00e9fi majeur de r\u00e9concilier notre choix \u00e9conomique lib\u00e9ral avec notre r\u00e9alit\u00e9 \u00e9conomique effective.<\/p>\n\n\n\n<p>Il n\u2019est pas admissible, il n\u2019est pas viable, que dans une \u00c9conomie lib\u00e9rale, l\u2019Etat soit de tr\u00e8s loin, l\u2019investisseur principal par rapport au priv\u00e9.<\/p>\n\n\n\n<p>D\u2019o\u00f9 l\u2019objectif assign\u00e9 \u00e0 la nouvelle Charte d\u2019Investissement, \u00e0 l\u2019horizon 2035, d\u2019inverser les parts de l\u2019Etat et du priv\u00e9 dans l\u2019Investissement global.<\/p>\n\n\n\n<p>La logique pr\u00e9conis\u00e9e veut que le priv\u00e9 y atteigne 75% alors qu\u2019il oscille aujourd\u2019hui entre 25 et 30%.<\/p>\n\n\n\n<p>C\u2019est \u00e0 ce titre que le priv\u00e9 est fortement attendu, pour qu\u2019avec l\u2019Etat, ils rel\u00e8vent ensemble, chacun dans son r\u00f4le, les d\u00e9fis de l\u2019industrialisation du pays, de la cr\u00e9ation d\u2019une forte valeur ajout\u00e9e localement, de l\u2019atteinte d\u2019une n\u00e9cessaire croissance de 6 \u00e0 7%, de la cr\u00e9ation d\u2019emplois massifs et de d\u00e9veloppement cons\u00e9quent des exportations.<\/p>\n\n\n\n<p>L\u2019enjeu majeur c\u2019est une \u00c9conomie nationale v\u00e9ritablement inclusive et un Maroc puissance \u00e9mergente \u00e0 l\u2019\u00e9chelle r\u00e9gionale et internationale.<\/p>\n","protected":false},"excerpt":{"rendered":"<p>Najib Mikou Tant attendu, le projet de Charte d\u2019Investissement a \u00e9t\u00e9 adopt\u00e9 par le dernier Conseil des Ministres, pr\u00e9sid\u00e9 par SM Le Roi et remis tambour battant, hier, au Parlement comme \u00e9tape d\u00e9cisive de son approbation par les \u00e9lus de la Nation, et de sa mise en \u0153uvre. R\u00e9sultat de Hautes Directives et de Supervision [&hellip;]<\/p>\n","protected":false},"author":1,"featured_media":3418,"comment_status":"open","ping_status":"open","sticky":false,"template":"","format":"standard","meta":{"pgc_sgb_lightbox_settings":""},"categories":[71,13,12,5,18,14],"tags":[],"yoast_head":"<!-- This site is optimized with the Yoast SEO plugin v15.9.2 - https:\/\/yoast.com\/wordpress\/plugins\/seo\/ -->\n<meta name=\"robots\" content=\"index, follow, max-snippet:-1, max-image-preview:large, max-video-preview:-1\" \/>\n<link rel=\"canonical\" href=\"https:\/\/najibmikou.com\/fr\/le-projet-de-charte-dinvestissement-remis-au-parlement-lheure-de-verite-sonne-resonne\/\" \/>\n<meta property=\"og:locale\" content=\"fr_FR\" \/>\n<meta property=\"og:type\" content=\"article\" \/>\n<meta property=\"og:title\" content=\"Le projet de Charte d&#039;Investissement remis au Parlement : l&#039;heure de v\u00e9rit\u00e9 sonne, r\u00e9sonne. - Najib MIKOU\" \/>\n<meta property=\"og:description\" content=\"Najib Mikou Tant attendu, le projet de Charte d\u2019Investissement a \u00e9t\u00e9 adopt\u00e9 par le dernier Conseil des Ministres, pr\u00e9sid\u00e9 par SM Le Roi et remis tambour battant, hier, au Parlement comme \u00e9tape d\u00e9cisive de son approbation par les \u00e9lus de la Nation, et de sa mise en \u0153uvre. R\u00e9sultat de Hautes Directives et de Supervision [&hellip;]\" \/>\n<meta property=\"og:url\" content=\"https:\/\/najibmikou.com\/fr\/le-projet-de-charte-dinvestissement-remis-au-parlement-lheure-de-verite-sonne-resonne\/\" \/>\n<meta property=\"og:site_name\" content=\"Najib MIKOU\" \/>\n<meta property=\"article:published_time\" content=\"2022-07-27T10:25:18+00:00\" \/>\n<meta property=\"article:modified_time\" content=\"2022-07-27T13:17:28+00:00\" \/>\n<meta property=\"og:image\" content=\"https:\/\/najibmikou.com\/fr\/wp-content\/uploads\/2022\/07\/video-cumul-des-mandats-au-parlement-la-valse-des-sieges-de-deputes_61af4bb5952c6.jpeg\" \/>\n\t<meta property=\"og:image:width\" content=\"1280\" \/>\n\t<meta property=\"og:image:height\" content=\"720\" \/>\n<meta name=\"twitter:card\" content=\"summary_large_image\" \/>\n<meta name=\"twitter:label1\" content=\"Dur\u00e9e de lecture est.\">\n\t<meta name=\"twitter:data1\" content=\"4 minutes\">\n<script type=\"application\/ld+json\" class=\"yoast-schema-graph\">{\"@context\":\"https:\/\/schema.org\",\"@graph\":[{\"@type\":\"WebSite\",\"@id\":\"https:\/\/najibmikou.com\/fr\/#website\",\"url\":\"https:\/\/najibmikou.com\/fr\/\",\"name\":\"Najib MIKOU\",\"description\":\"\\u00c9crire c&#039;est contribuer \\u00e0 ce que le temps collectif ne se trompe pas de chemin\",\"potentialAction\":[{\"@type\":\"SearchAction\",\"target\":\"https:\/\/najibmikou.com\/fr\/?s={search_term_string}\",\"query-input\":\"required name=search_term_string\"}],\"inLanguage\":\"fr-FR\"},{\"@type\":\"ImageObject\",\"@id\":\"https:\/\/najibmikou.com\/fr\/le-projet-de-charte-dinvestissement-remis-au-parlement-lheure-de-verite-sonne-resonne\/#primaryimage\",\"inLanguage\":\"fr-FR\",\"url\":\"https:\/\/najibmikou.com\/fr\/wp-content\/uploads\/2022\/07\/video-cumul-des-mandats-au-parlement-la-valse-des-sieges-de-deputes_61af4bb5952c6.jpeg\",\"width\":1280,\"height\":720},{\"@type\":\"WebPage\",\"@id\":\"https:\/\/najibmikou.com\/fr\/le-projet-de-charte-dinvestissement-remis-au-parlement-lheure-de-verite-sonne-resonne\/#webpage\",\"url\":\"https:\/\/najibmikou.com\/fr\/le-projet-de-charte-dinvestissement-remis-au-parlement-lheure-de-verite-sonne-resonne\/\",\"name\":\"Le projet de Charte d'Investissement remis au Parlement : l'heure de v\\u00e9rit\\u00e9 sonne, r\\u00e9sonne. - Najib MIKOU\",\"isPartOf\":{\"@id\":\"https:\/\/najibmikou.com\/fr\/#website\"},\"primaryImageOfPage\":{\"@id\":\"https:\/\/najibmikou.com\/fr\/le-projet-de-charte-dinvestissement-remis-au-parlement-lheure-de-verite-sonne-resonne\/#primaryimage\"},\"datePublished\":\"2022-07-27T10:25:18+00:00\",\"dateModified\":\"2022-07-27T13:17:28+00:00\",\"author\":{\"@id\":\"https:\/\/najibmikou.com\/fr\/#\/schema\/person\/ad833ab699d080f01dced99b1891ec1e\"},\"breadcrumb\":{\"@id\":\"https:\/\/najibmikou.com\/fr\/le-projet-de-charte-dinvestissement-remis-au-parlement-lheure-de-verite-sonne-resonne\/#breadcrumb\"},\"inLanguage\":\"fr-FR\",\"potentialAction\":[{\"@type\":\"ReadAction\",\"target\":[\"https:\/\/najibmikou.com\/fr\/le-projet-de-charte-dinvestissement-remis-au-parlement-lheure-de-verite-sonne-resonne\/\"]}]},{\"@type\":\"BreadcrumbList\",\"@id\":\"https:\/\/najibmikou.com\/fr\/le-projet-de-charte-dinvestissement-remis-au-parlement-lheure-de-verite-sonne-resonne\/#breadcrumb\",\"itemListElement\":[{\"@type\":\"ListItem\",\"position\":1,\"item\":{\"@type\":\"WebPage\",\"@id\":\"https:\/\/najibmikou.com\/fr\/\",\"url\":\"https:\/\/najibmikou.com\/fr\/\",\"name\":\"Accueil\"}},{\"@type\":\"ListItem\",\"position\":2,\"item\":{\"@type\":\"WebPage\",\"@id\":\"https:\/\/najibmikou.com\/fr\/le-projet-de-charte-dinvestissement-remis-au-parlement-lheure-de-verite-sonne-resonne\/\",\"url\":\"https:\/\/najibmikou.com\/fr\/le-projet-de-charte-dinvestissement-remis-au-parlement-lheure-de-verite-sonne-resonne\/\",\"name\":\"Le projet de Charte d&#8217;Investissement remis au Parlement : l&#8217;heure de v\\u00e9rit\\u00e9 sonne, r\\u00e9sonne.\"}}]},{\"@type\":\"Person\",\"@id\":\"https:\/\/najibmikou.com\/fr\/#\/schema\/person\/ad833ab699d080f01dced99b1891ec1e\",\"name\":\"Najib Mikou\",\"image\":{\"@type\":\"ImageObject\",\"@id\":\"https:\/\/najibmikou.com\/fr\/#personlogo\",\"inLanguage\":\"fr-FR\",\"url\":\"https:\/\/secure.gravatar.com\/avatar\/6dfd4a9a9096131eea6d80fb3de585a0?s=96&d=mm&r=g\",\"caption\":\"Najib Mikou\"},\"sameAs\":[\"http:\/\/najibmikou.com\/fr\"]}]}<\/script>\n<!-- \/ Yoast SEO plugin. -->","_links":{"self":[{"href":"https:\/\/najibmikou.com\/fr\/wp-json\/wp\/v2\/posts\/3417"}],"collection":[{"href":"https:\/\/najibmikou.com\/fr\/wp-json\/wp\/v2\/posts"}],"about":[{"href":"https:\/\/najibmikou.com\/fr\/wp-json\/wp\/v2\/types\/post"}],"author":[{"embeddable":true,"href":"https:\/\/najibmikou.com\/fr\/wp-json\/wp\/v2\/users\/1"}],"replies":[{"embeddable":true,"href":"https:\/\/najibmikou.com\/fr\/wp-json\/wp\/v2\/comments?post=3417"}],"version-history":[{"count":4,"href":"https:\/\/najibmikou.com\/fr\/wp-json\/wp\/v2\/posts\/3417\/revisions"}],"predecessor-version":[{"id":3431,"href":"https:\/\/najibmikou.com\/fr\/wp-json\/wp\/v2\/posts\/3417\/revisions\/3431"}],"wp:featuredmedia":[{"embeddable":true,"href":"https:\/\/najibmikou.com\/fr\/wp-json\/wp\/v2\/media\/3418"}],"wp:attachment":[{"href":"https:\/\/najibmikou.com\/fr\/wp-json\/wp\/v2\/media?parent=3417"}],"wp:term":[{"taxonomy":"category","embeddable":true,"href":"https:\/\/najibmikou.com\/fr\/wp-json\/wp\/v2\/categories?post=3417"},{"taxonomy":"post_tag","embeddable":true,"href":"https:\/\/najibmikou.com\/fr\/wp-json\/wp\/v2\/tags?post=3417"}],"curies":[{"name":"wp","href":"https:\/\/api.w.org\/{rel}","templated":true}]}}