{"id":3388,"date":"2022-06-22T13:21:30","date_gmt":"2022-06-22T11:21:30","guid":{"rendered":"https:\/\/najibmikou.com\/fr\/?p=3388"},"modified":"2022-07-13T16:02:15","modified_gmt":"2022-07-13T14:02:15","slug":"un-chemin-trace-vers-le-nouveau-monde-du-teletravail-du-detravail","status":"publish","type":"post","link":"https:\/\/najibmikou.com\/fr\/un-chemin-trace-vers-le-nouveau-monde-du-teletravail-du-detravail\/","title":{"rendered":"Un chemin trac\u00e9 vers le Nouveau Monde du t\u00e9l\u00e9travail, du &#8230; d\u00e9travail !!"},"content":{"rendered":"\n<p><strong>Najib Mikou<\/strong><\/p>\n\n\n\n<p>La valeur &#8220;Travail&#8221; a rim\u00e9 depuis la nuit des temps, avec source de revenu, cr\u00e9ation de richesse, \u00e9mancipation, ascension sociale, accomplissement, dignit\u00e9, libert\u00e9\u2026 etc.<\/p>\n\n\n\n<p>Quatre facteurs majeurs sont venus relativiser, nuancer, m\u00e9tamorphoser m\u00eame, ces qualificatifs qui oscillent entre nature et culture, entre rationnel et \u00e9motionnel.<\/p>\n\n\n\n<p>1- le facteur &#8220;R\u00e9volution Technologique&#8221; qui a structurellement chang\u00e9 le fondement m\u00eame du travail en termes de performance, de rendement, de niveau de p\u00e9nibilit\u00e9 et de diversit\u00e9.<br>Des m\u00e9tiers ont disparu, d&#8217;autres ont \u00e9t\u00e9 totalement ou partiellement d\u00e9l\u00e9gu\u00e9s \u00e0 la machine, d&#8217;autres ont \u00e9t\u00e9 mieux ma\u00eetris\u00e9s, et bien d&#8217;autres ont \u00e9t\u00e9 cr\u00e9\u00e9s.<\/p>\n\n\n\n<p>2- le facteur &#8220;Valeurs Universelles&#8221;, qui a structurellement m\u00e9tamorphos\u00e9 la conception, la perception et le rapport m\u00eame au travail en termes de libert\u00e9s, de droits, de r\u00e9mun\u00e9ration et de rapports \u00e9conomiques et sociaux.<br>L&#8217;esclavagisme, l&#8217;exploitation et la semaine de 84 heures, ont de plus en plus c\u00e9d\u00e9 la place, au prix de luttes sociales, \u00e0 de nouveaux rapports entre le Capital et le Travail.<\/p>\n\n\n\n<p>3- le facteur &#8220;R\u00e9seaux Sociaux&#8221; qui a structurellement chang\u00e9 outre les rapports sociaux, la consistance du travail.<br>Ils se sont vite \u00e9rig\u00e9s en machine virtuelle infernale \u00e0 faire \u00e9merger de nouveaux m\u00e9tiers, de nouveaux acteurs, de nouveaux espaces et moyens de travail, de nouvelles valeurs m\u00eame.<\/p>\n\n\n\n<p>4- le facteur &#8220;Pand\u00e9mie du Coronavirus&#8221; qui a structurellement relativis\u00e9 en l&#8217;espace de deux ann\u00e9es de confinement, la notion m\u00eame de la vie et l&#8217;a ouvert aussi bien au sc\u00e9nario du pire imm\u00e9diat, qu&#8217;\u00e0 une soif br\u00fblante chez les humains, \u00e0 vivre pleinement ici et maintenant.<\/p>\n\n\n\n<p>Si le Coronavirus a rendu la mort tragiquement plus famili\u00e8re, son corollaire oblig\u00e9, le t\u00e9l\u00e9travail, a domestiqu\u00e9 le travail, l&#8217;a d\u00e9sacralis\u00e9, l&#8217;a lib\u00e9r\u00e9, et ouvert les esprits et les\u2026 yeux sur des perspectives et des horizons porteurs de plus d&#8217;\u00e9mancipation.<\/p>\n\n\n\n<p>Ces quatre facteurs ont radicalement et d\u00e9finitivement chang\u00e9 en tr\u00e8s peu de temps, la vie humaine, les rapports humains, la notion, la perception, l&#8217;exercice et le lieu m\u00eame du travail.<\/p>\n\n\n\n<p>Le travail \u00e0 domicile ou dans la nature, la semaine de quatre jours, la journ\u00e9e de 6h, le travail individuel, le recours \u00e0 une intelligence artificielle lib\u00e9ratrice, sont incontestablement le pr\u00e9lude d&#8217;un Nouveau Monde que les \u00e9lites de tous bords, doivent vite int\u00e9grer et dig\u00e9rer pour nous pr\u00e9parer \u00e0 sa meilleure appropriation.<\/p>\n\n\n\n<p>Rien ou presque en tout cas, ne sera plus comme avant. Ni le Travail, ni l&#8217;Enseignement, ni l&#8217;esp\u00e9rance de vie, ni la retraite, ni les divertissements, ni les rapports sociaux, familiaux, de couple, interg\u00e9n\u00e9rationnels.<\/p>\n\n\n\n<p>Bref, l&#8217;humanit\u00e9 n\u2019avance jamais \u00e0 reculons. Elle le fait par accumulations progressives et non par d\u00e9constructions compulsives. C\u2019est juste le temps du futur qui changera selon la vitesse d&#8217;arrimage de chaque soci\u00e9t\u00e9 \u00e0 ce destin nouveau, in\u00e9luctable.<\/p>\n\n\n\n<p>Qui vivra verra !!<\/p>\n","protected":false},"excerpt":{"rendered":"<p>Najib Mikou La valeur &#8220;Travail&#8221; a rim\u00e9 depuis la nuit des temps, avec source de revenu, cr\u00e9ation de richesse, \u00e9mancipation, ascension sociale, accomplissement, dignit\u00e9, libert\u00e9\u2026 etc. Quatre facteurs majeurs sont venus relativiser, nuancer, m\u00e9tamorphoser m\u00eame, ces qualificatifs qui oscillent entre nature et culture, entre rationnel et \u00e9motionnel. 1- le facteur &#8220;R\u00e9volution Technologique&#8221; qui a structurellement [&hellip;]<\/p>\n","protected":false},"author":1,"featured_media":3414,"comment_status":"open","ping_status":"open","sticky":false,"template":"","format":"standard","meta":{"pgc_sgb_lightbox_settings":""},"categories":[13,5,18,14],"tags":[],"yoast_head":"<!-- This site is optimized with the Yoast SEO plugin v15.9.2 - https:\/\/yoast.com\/wordpress\/plugins\/seo\/ -->\n<meta name=\"robots\" content=\"index, follow, max-snippet:-1, max-image-preview:large, max-video-preview:-1\" \/>\n<link rel=\"canonical\" href=\"https:\/\/najibmikou.com\/fr\/un-chemin-trace-vers-le-nouveau-monde-du-teletravail-du-detravail\/\" \/>\n<meta property=\"og:locale\" content=\"fr_FR\" \/>\n<meta property=\"og:type\" content=\"article\" \/>\n<meta property=\"og:title\" content=\"Un chemin trac\u00e9 vers le Nouveau Monde du t\u00e9l\u00e9travail, du ... d\u00e9travail !! - Najib MIKOU\" \/>\n<meta property=\"og:description\" content=\"Najib Mikou La valeur &#8220;Travail&#8221; a rim\u00e9 depuis la nuit des temps, avec source de revenu, cr\u00e9ation de richesse, \u00e9mancipation, ascension sociale, accomplissement, dignit\u00e9, libert\u00e9\u2026 etc. Quatre facteurs majeurs sont venus relativiser, nuancer, m\u00e9tamorphoser m\u00eame, ces qualificatifs qui oscillent entre nature et culture, entre rationnel et \u00e9motionnel. 1- le facteur &#8220;R\u00e9volution Technologique&#8221; qui a structurellement [&hellip;]\" \/>\n<meta property=\"og:url\" content=\"https:\/\/najibmikou.com\/fr\/un-chemin-trace-vers-le-nouveau-monde-du-teletravail-du-detravail\/\" \/>\n<meta property=\"og:site_name\" content=\"Najib MIKOU\" \/>\n<meta property=\"article:published_time\" content=\"2022-06-22T11:21:30+00:00\" \/>\n<meta property=\"article:modified_time\" content=\"2022-07-13T14:02:15+00:00\" \/>\n<meta property=\"og:image\" content=\"https:\/\/najibmikou.com\/fr\/wp-content\/uploads\/2022\/06\/wcms_544195.jpg\" \/>\n\t<meta property=\"og:image:width\" content=\"767\" \/>\n\t<meta property=\"og:image:height\" content=\"431\" \/>\n<meta name=\"twitter:card\" content=\"summary_large_image\" \/>\n<meta name=\"twitter:label1\" content=\"Dur\u00e9e de lecture est.\">\n\t<meta name=\"twitter:data1\" content=\"2 minutes\">\n<script type=\"application\/ld+json\" class=\"yoast-schema-graph\">{\"@context\":\"https:\/\/schema.org\",\"@graph\":[{\"@type\":\"WebSite\",\"@id\":\"https:\/\/najibmikou.com\/fr\/#website\",\"url\":\"https:\/\/najibmikou.com\/fr\/\",\"name\":\"Najib MIKOU\",\"description\":\"\\u00c9crire c&#039;est contribuer \\u00e0 ce que le temps collectif ne se trompe pas de chemin\",\"potentialAction\":[{\"@type\":\"SearchAction\",\"target\":\"https:\/\/najibmikou.com\/fr\/?s={search_term_string}\",\"query-input\":\"required name=search_term_string\"}],\"inLanguage\":\"fr-FR\"},{\"@type\":\"ImageObject\",\"@id\":\"https:\/\/najibmikou.com\/fr\/un-chemin-trace-vers-le-nouveau-monde-du-teletravail-du-detravail\/#primaryimage\",\"inLanguage\":\"fr-FR\",\"url\":\"https:\/\/najibmikou.com\/fr\/wp-content\/uploads\/2022\/06\/wcms_544195.jpg\",\"width\":767,\"height\":431},{\"@type\":\"WebPage\",\"@id\":\"https:\/\/najibmikou.com\/fr\/un-chemin-trace-vers-le-nouveau-monde-du-teletravail-du-detravail\/#webpage\",\"url\":\"https:\/\/najibmikou.com\/fr\/un-chemin-trace-vers-le-nouveau-monde-du-teletravail-du-detravail\/\",\"name\":\"Un chemin trac\\u00e9 vers le Nouveau Monde du t\\u00e9l\\u00e9travail, du ... d\\u00e9travail !! - Najib MIKOU\",\"isPartOf\":{\"@id\":\"https:\/\/najibmikou.com\/fr\/#website\"},\"primaryImageOfPage\":{\"@id\":\"https:\/\/najibmikou.com\/fr\/un-chemin-trace-vers-le-nouveau-monde-du-teletravail-du-detravail\/#primaryimage\"},\"datePublished\":\"2022-06-22T11:21:30+00:00\",\"dateModified\":\"2022-07-13T14:02:15+00:00\",\"author\":{\"@id\":\"https:\/\/najibmikou.com\/fr\/#\/schema\/person\/ad833ab699d080f01dced99b1891ec1e\"},\"breadcrumb\":{\"@id\":\"https:\/\/najibmikou.com\/fr\/un-chemin-trace-vers-le-nouveau-monde-du-teletravail-du-detravail\/#breadcrumb\"},\"inLanguage\":\"fr-FR\",\"potentialAction\":[{\"@type\":\"ReadAction\",\"target\":[\"https:\/\/najibmikou.com\/fr\/un-chemin-trace-vers-le-nouveau-monde-du-teletravail-du-detravail\/\"]}]},{\"@type\":\"BreadcrumbList\",\"@id\":\"https:\/\/najibmikou.com\/fr\/un-chemin-trace-vers-le-nouveau-monde-du-teletravail-du-detravail\/#breadcrumb\",\"itemListElement\":[{\"@type\":\"ListItem\",\"position\":1,\"item\":{\"@type\":\"WebPage\",\"@id\":\"https:\/\/najibmikou.com\/fr\/\",\"url\":\"https:\/\/najibmikou.com\/fr\/\",\"name\":\"Accueil\"}},{\"@type\":\"ListItem\",\"position\":2,\"item\":{\"@type\":\"WebPage\",\"@id\":\"https:\/\/najibmikou.com\/fr\/un-chemin-trace-vers-le-nouveau-monde-du-teletravail-du-detravail\/\",\"url\":\"https:\/\/najibmikou.com\/fr\/un-chemin-trace-vers-le-nouveau-monde-du-teletravail-du-detravail\/\",\"name\":\"Un chemin trac\\u00e9 vers le Nouveau Monde du t\\u00e9l\\u00e9travail, du &#8230; d\\u00e9travail !!\"}}]},{\"@type\":\"Person\",\"@id\":\"https:\/\/najibmikou.com\/fr\/#\/schema\/person\/ad833ab699d080f01dced99b1891ec1e\",\"name\":\"Najib Mikou\",\"image\":{\"@type\":\"ImageObject\",\"@id\":\"https:\/\/najibmikou.com\/fr\/#personlogo\",\"inLanguage\":\"fr-FR\",\"url\":\"https:\/\/secure.gravatar.com\/avatar\/6dfd4a9a9096131eea6d80fb3de585a0?s=96&d=mm&r=g\",\"caption\":\"Najib Mikou\"},\"sameAs\":[\"http:\/\/najibmikou.com\/fr\"]}]}<\/script>\n<!-- \/ Yoast SEO plugin. -->","_links":{"self":[{"href":"https:\/\/najibmikou.com\/fr\/wp-json\/wp\/v2\/posts\/3388"}],"collection":[{"href":"https:\/\/najibmikou.com\/fr\/wp-json\/wp\/v2\/posts"}],"about":[{"href":"https:\/\/najibmikou.com\/fr\/wp-json\/wp\/v2\/types\/post"}],"author":[{"embeddable":true,"href":"https:\/\/najibmikou.com\/fr\/wp-json\/wp\/v2\/users\/1"}],"replies":[{"embeddable":true,"href":"https:\/\/najibmikou.com\/fr\/wp-json\/wp\/v2\/comments?post=3388"}],"version-history":[{"count":1,"href":"https:\/\/najibmikou.com\/fr\/wp-json\/wp\/v2\/posts\/3388\/revisions"}],"predecessor-version":[{"id":3389,"href":"https:\/\/najibmikou.com\/fr\/wp-json\/wp\/v2\/posts\/3388\/revisions\/3389"}],"wp:featuredmedia":[{"embeddable":true,"href":"https:\/\/najibmikou.com\/fr\/wp-json\/wp\/v2\/media\/3414"}],"wp:attachment":[{"href":"https:\/\/najibmikou.com\/fr\/wp-json\/wp\/v2\/media?parent=3388"}],"wp:term":[{"taxonomy":"category","embeddable":true,"href":"https:\/\/najibmikou.com\/fr\/wp-json\/wp\/v2\/categories?post=3388"},{"taxonomy":"post_tag","embeddable":true,"href":"https:\/\/najibmikou.com\/fr\/wp-json\/wp\/v2\/tags?post=3388"}],"curies":[{"name":"wp","href":"https:\/\/api.w.org\/{rel}","templated":true}]}}