{"id":3195,"date":"2022-03-17T21:00:40","date_gmt":"2022-03-17T20:00:40","guid":{"rendered":"https:\/\/najibmikou.com\/fr\/?p=3195"},"modified":"2022-03-17T21:17:37","modified_gmt":"2022-03-17T20:17:37","slug":"de-lobligation-collective-de-proteger-le-pouvoir-dachat-en-ces-temps-difficiles","status":"publish","type":"post","link":"https:\/\/najibmikou.com\/fr\/de-lobligation-collective-de-proteger-le-pouvoir-dachat-en-ces-temps-difficiles\/","title":{"rendered":"De l&#8217;obligation collective de prot\u00e9ger le pouvoir d&#8217;achat en ces temps difficiles"},"content":{"rendered":"\n<p><strong>Najib Mikou<br><\/strong>Consultant en Prospective et Etudes Strat\u00e9giques<\/p>\n\n\n\n<p>En ce m\u00eame mois de mars de l&#8217;an 2020, le gouvernement avait d\u00e9cr\u00e9t\u00e9 l&#8217;\u00e9tat d&#8217;urgence sanitaire pour faire face \u00e0 la pand\u00e9mie du Coronavirus.<\/p>\n\n\n\n<p>Au regard de l&#8217;am\u00e9lioration substantielle de la situation sanitaire dans notre pays, et sauf retournement de situation, qu&#8217;\u00e0 Dieu ne plaise, il est \u00e0 souhaiter que la page du Coronavirus soit en passe d&#8217;\u00eatre tourn\u00e9e, du moins en tant que pand\u00e9mie.<\/p>\n\n\n\n<p>Une page malheureuse qui restera dans les annales universelles noires, o\u00f9 le Maroc et le monde, ont affront\u00e9 un virus-cam\u00e9l\u00e9on qui a provoqu\u00e9 des drames humains, \u00e9conomiques et sociaux.<\/p>\n\n\n\n<p>On en retiendra n\u00e9anmoins, cinq mots forts qui marqueront \u00e0 jamais, notre m\u00e9moire collective : <strong>CLAIRVOYANCE<\/strong> de Sa Majest\u00e9 Le Roi, <strong>SUCC\u00c8S<\/strong> des choix et d\u00e9marches anticipatives du Souverain, <strong>COH\u00c9SION<\/strong> de notre soci\u00e9t\u00e9, <strong>COMP\u00c9TENCE<\/strong> de tous nos corps d&#8217;Etat et <strong>PATRIOTISME<\/strong> de l&#8217;ensemble de notre peuple.<\/p>\n\n\n\n<p>Ceci dit, notre pays affronte aujourd&#8217;hui encore, malheureusement, deux nouveaux d\u00e9fis majeurs non moins inqui\u00e9tants :<\/p>\n\n\n\n<ul><li>une <strong>s\u00e9cheresse<\/strong> sans pr\u00e9c\u00e9dent par sa dimension, le spectre et l&#8217;ampleur de son impact,<\/li><li>une <strong>guerre<\/strong> entre superpuissances, au mauvais moment et au mauvais endroit, dont l&#8217;effet boomerang d\u00e9passe l&#8217;entendement. <\/li><\/ul>\n\n\n\n<p class=\"has-text-align-center\"><p style=\"text-align:center\">\u0627\u0644\u062d\u0645\u062f \u0644\u0644\u0647 \u0627\u0644\u0630\u064a \u0644\u0627 \u064a\u062d\u0645\u062f \u0639\u0644\u0649 \u0645\u0643\u0631\u0648\u0647 \u0633\u0648\u0627\u0647<\/p><\/p>\n\n\n\n<p>Les effets de la s\u00e9cheresse ont atteint dans le vif, notre stress hydrique, notre agriculture, notre cheptel, et le pouvoir d&#8217;achat de larges franges de nos populations.<\/p>\n\n\n\n<p>Ceux de la guerre, se font \u00e9galement, lourdement sentir chez nous, sur les prix des mati\u00e8res premi\u00e8res et intrants import\u00e9s, impactant fortement l\u00e0 encore, le pouvoir d&#8217;achat de nos populations et notre \u00c9conomie \u00e0 peine convalescente d&#8217;un Coronavirus d\u00e9vastateur.<\/p>\n\n\n\n<p>Il est un fait certain que l&#8217;Etat a pris des mesures cons\u00e9quentes et on\u00e9reuses, pour att\u00e9nuer les effets de l&#8217;un et de l&#8217;autre. Mais, l&#8217;\u00e9tat des lieux, en appelle d&#8217;autres, que l&#8217;Etat ne manquera et ne tardera certainement pas, \u00e0 actionner, dont un dispositif fiscal cibl\u00e9 et ponctuel.<\/p>\n\n\n\n<p>Ceci dit, les citoyens devraient s&#8217;y mettre eux aussi en ces temps difficiles, \u00e0 travers au moins quatre mesures urgentes :<\/p>\n\n\n\n<p>1- nos industries et commerces, qui doivent appliquer &#8220;<strong>Z\u00e9ro marge<\/strong>&#8221; et &#8220;<strong>Z\u00e9ro sp\u00e9culation<\/strong>&#8221; sur les principaux produits alimentaires de base.<\/p>\n\n\n\n<p>De m\u00eame que nos exportateurs de l\u00e9gumes de base, qui doivent quant \u00e0 eux, s&#8217;accorder de toute urgence, sur une <strong>quote-part cons\u00e9quente<\/strong> , par produit pour le march\u00e9 int\u00e9rieur. Ce qui leur permettra d&#8217;approvisionner dans le m\u00eame temps, notre march\u00e9 au prorata de ses besoins, et leurs march\u00e9s d&#8217;exportation.<\/p>\n\n\n\n<p>2- nos m\u00e9nages qui doivent appliquer &#8220;<strong>Z\u00e9ro gaspillage<\/strong>&#8221; et &#8220;<strong>Z\u00e9ro stockage<\/strong>&#8221; en se contentant du strict besoin alimentaire qu&#8217;ils vont effectivement consommer.<\/p>\n\n\n\n<p>Ces deux mesures vont nous faire \u00e9viter une raret\u00e9 et un rencherissement artificiels, injustifi\u00e9s, inacceptables.<\/p>\n\n\n\n<p>3- nos concitoyens ais\u00e9s, qui doivent lancer le &#8220;<strong>Partageons<\/strong>&#8221; en distribuant la Zakat avant m\u00eame le mois sacr\u00e9 du Ramadan, et en distribuant les produits alimentaires de base \u00e0 prix \u00e9lev\u00e9, dans toutes nos zones de vuln\u00e9rabilit\u00e9.<\/p>\n\n\n\n<p>4- nos entreprises de secteurs hautement rentables (hydrocarbures, p\u00eache hauturi\u00e8re, exploitation mini\u00e8re, plus-values et dividendes boursiers \u2026etc) qui doivent faire des <strong>dons substantiels<\/strong> \u00e0 un Fonds ponctuel, d\u00e9di\u00e9 au soutien du pouvoir d&#8217;achat.<\/p>\n\n\n\n<p>Les temps que nous traversons sont difficiles. Notre r\u00e9silience face \u00e0 eux se construira au quotidien par la convergence entre les obligations de l&#8217;Etat et l&#8217;action des citoyens pour la protection principalement, du pouvoir d&#8217;achat. Et \u00e7a on ne sait que trop bien le faire. Les drames du Coronavirus viennent de passer par l\u00e0.<\/p>\n","protected":false},"excerpt":{"rendered":"<p>Najib MikouConsultant en Prospective et Etudes Strat\u00e9giques En ce m\u00eame mois de mars de l&#8217;an 2020, le gouvernement avait d\u00e9cr\u00e9t\u00e9 l&#8217;\u00e9tat d&#8217;urgence sanitaire pour faire face \u00e0 la pand\u00e9mie du Coronavirus. Au regard de l&#8217;am\u00e9lioration substantielle de la situation sanitaire dans notre pays, et sauf retournement de situation, qu&#8217;\u00e0 Dieu ne plaise, il est \u00e0 [&hellip;]<\/p>\n","protected":false},"author":1,"featured_media":3196,"comment_status":"open","ping_status":"open","sticky":false,"template":"","format":"standard","meta":{"pgc_sgb_lightbox_settings":""},"categories":[71,13,14],"tags":[],"yoast_head":"<!-- This site is optimized with the Yoast SEO plugin v15.9.2 - https:\/\/yoast.com\/wordpress\/plugins\/seo\/ -->\n<meta name=\"robots\" content=\"index, follow, max-snippet:-1, max-image-preview:large, max-video-preview:-1\" \/>\n<link rel=\"canonical\" href=\"https:\/\/najibmikou.com\/fr\/de-lobligation-collective-de-proteger-le-pouvoir-dachat-en-ces-temps-difficiles\/\" \/>\n<meta property=\"og:locale\" content=\"fr_FR\" \/>\n<meta property=\"og:type\" content=\"article\" \/>\n<meta property=\"og:title\" content=\"De l&#039;obligation collective de prot\u00e9ger le pouvoir d&#039;achat en ces temps difficiles - Najib MIKOU\" \/>\n<meta property=\"og:description\" content=\"Najib MikouConsultant en Prospective et Etudes Strat\u00e9giques En ce m\u00eame mois de mars de l&#8217;an 2020, le gouvernement avait d\u00e9cr\u00e9t\u00e9 l&#8217;\u00e9tat d&#8217;urgence sanitaire pour faire face \u00e0 la pand\u00e9mie du Coronavirus. Au regard de l&#8217;am\u00e9lioration substantielle de la situation sanitaire dans notre pays, et sauf retournement de situation, qu&#8217;\u00e0 Dieu ne plaise, il est \u00e0 [&hellip;]\" \/>\n<meta property=\"og:url\" content=\"https:\/\/najibmikou.com\/fr\/de-lobligation-collective-de-proteger-le-pouvoir-dachat-en-ces-temps-difficiles\/\" \/>\n<meta property=\"og:site_name\" content=\"Najib MIKOU\" \/>\n<meta property=\"article:published_time\" content=\"2022-03-17T20:00:40+00:00\" \/>\n<meta property=\"article:modified_time\" content=\"2022-03-17T20:17:37+00:00\" \/>\n<meta property=\"og:image\" content=\"https:\/\/najibmikou.com\/fr\/wp-content\/uploads\/2022\/03\/evolution_pouvoir_achat.png\" \/>\n\t<meta property=\"og:image:width\" content=\"460\" \/>\n\t<meta property=\"og:image:height\" content=\"260\" \/>\n<meta name=\"twitter:card\" content=\"summary_large_image\" \/>\n<meta name=\"twitter:label1\" content=\"Dur\u00e9e de lecture est.\">\n\t<meta name=\"twitter:data1\" content=\"3 minutes\">\n<script type=\"application\/ld+json\" class=\"yoast-schema-graph\">{\"@context\":\"https:\/\/schema.org\",\"@graph\":[{\"@type\":\"WebSite\",\"@id\":\"https:\/\/najibmikou.com\/fr\/#website\",\"url\":\"https:\/\/najibmikou.com\/fr\/\",\"name\":\"Najib MIKOU\",\"description\":\"\\u00c9crire c&#039;est contribuer \\u00e0 ce que le temps collectif ne se trompe pas de chemin\",\"potentialAction\":[{\"@type\":\"SearchAction\",\"target\":\"https:\/\/najibmikou.com\/fr\/?s={search_term_string}\",\"query-input\":\"required name=search_term_string\"}],\"inLanguage\":\"fr-FR\"},{\"@type\":\"ImageObject\",\"@id\":\"https:\/\/najibmikou.com\/fr\/de-lobligation-collective-de-proteger-le-pouvoir-dachat-en-ces-temps-difficiles\/#primaryimage\",\"inLanguage\":\"fr-FR\",\"url\":\"https:\/\/najibmikou.com\/fr\/wp-content\/uploads\/2022\/03\/evolution_pouvoir_achat.png\",\"width\":460,\"height\":260},{\"@type\":\"WebPage\",\"@id\":\"https:\/\/najibmikou.com\/fr\/de-lobligation-collective-de-proteger-le-pouvoir-dachat-en-ces-temps-difficiles\/#webpage\",\"url\":\"https:\/\/najibmikou.com\/fr\/de-lobligation-collective-de-proteger-le-pouvoir-dachat-en-ces-temps-difficiles\/\",\"name\":\"De l'obligation collective de prot\\u00e9ger le pouvoir d'achat en ces temps difficiles - Najib MIKOU\",\"isPartOf\":{\"@id\":\"https:\/\/najibmikou.com\/fr\/#website\"},\"primaryImageOfPage\":{\"@id\":\"https:\/\/najibmikou.com\/fr\/de-lobligation-collective-de-proteger-le-pouvoir-dachat-en-ces-temps-difficiles\/#primaryimage\"},\"datePublished\":\"2022-03-17T20:00:40+00:00\",\"dateModified\":\"2022-03-17T20:17:37+00:00\",\"author\":{\"@id\":\"https:\/\/najibmikou.com\/fr\/#\/schema\/person\/ad833ab699d080f01dced99b1891ec1e\"},\"breadcrumb\":{\"@id\":\"https:\/\/najibmikou.com\/fr\/de-lobligation-collective-de-proteger-le-pouvoir-dachat-en-ces-temps-difficiles\/#breadcrumb\"},\"inLanguage\":\"fr-FR\",\"potentialAction\":[{\"@type\":\"ReadAction\",\"target\":[\"https:\/\/najibmikou.com\/fr\/de-lobligation-collective-de-proteger-le-pouvoir-dachat-en-ces-temps-difficiles\/\"]}]},{\"@type\":\"BreadcrumbList\",\"@id\":\"https:\/\/najibmikou.com\/fr\/de-lobligation-collective-de-proteger-le-pouvoir-dachat-en-ces-temps-difficiles\/#breadcrumb\",\"itemListElement\":[{\"@type\":\"ListItem\",\"position\":1,\"item\":{\"@type\":\"WebPage\",\"@id\":\"https:\/\/najibmikou.com\/fr\/\",\"url\":\"https:\/\/najibmikou.com\/fr\/\",\"name\":\"Accueil\"}},{\"@type\":\"ListItem\",\"position\":2,\"item\":{\"@type\":\"WebPage\",\"@id\":\"https:\/\/najibmikou.com\/fr\/de-lobligation-collective-de-proteger-le-pouvoir-dachat-en-ces-temps-difficiles\/\",\"url\":\"https:\/\/najibmikou.com\/fr\/de-lobligation-collective-de-proteger-le-pouvoir-dachat-en-ces-temps-difficiles\/\",\"name\":\"De l&#8217;obligation collective de prot\\u00e9ger le pouvoir d&#8217;achat en ces temps difficiles\"}}]},{\"@type\":\"Person\",\"@id\":\"https:\/\/najibmikou.com\/fr\/#\/schema\/person\/ad833ab699d080f01dced99b1891ec1e\",\"name\":\"Najib Mikou\",\"image\":{\"@type\":\"ImageObject\",\"@id\":\"https:\/\/najibmikou.com\/fr\/#personlogo\",\"inLanguage\":\"fr-FR\",\"url\":\"https:\/\/secure.gravatar.com\/avatar\/6dfd4a9a9096131eea6d80fb3de585a0?s=96&d=mm&r=g\",\"caption\":\"Najib Mikou\"},\"sameAs\":[\"http:\/\/najibmikou.com\/fr\"]}]}<\/script>\n<!-- \/ Yoast SEO plugin. -->","_links":{"self":[{"href":"https:\/\/najibmikou.com\/fr\/wp-json\/wp\/v2\/posts\/3195"}],"collection":[{"href":"https:\/\/najibmikou.com\/fr\/wp-json\/wp\/v2\/posts"}],"about":[{"href":"https:\/\/najibmikou.com\/fr\/wp-json\/wp\/v2\/types\/post"}],"author":[{"embeddable":true,"href":"https:\/\/najibmikou.com\/fr\/wp-json\/wp\/v2\/users\/1"}],"replies":[{"embeddable":true,"href":"https:\/\/najibmikou.com\/fr\/wp-json\/wp\/v2\/comments?post=3195"}],"version-history":[{"count":8,"href":"https:\/\/najibmikou.com\/fr\/wp-json\/wp\/v2\/posts\/3195\/revisions"}],"predecessor-version":[{"id":3207,"href":"https:\/\/najibmikou.com\/fr\/wp-json\/wp\/v2\/posts\/3195\/revisions\/3207"}],"wp:featuredmedia":[{"embeddable":true,"href":"https:\/\/najibmikou.com\/fr\/wp-json\/wp\/v2\/media\/3196"}],"wp:attachment":[{"href":"https:\/\/najibmikou.com\/fr\/wp-json\/wp\/v2\/media?parent=3195"}],"wp:term":[{"taxonomy":"category","embeddable":true,"href":"https:\/\/najibmikou.com\/fr\/wp-json\/wp\/v2\/categories?post=3195"},{"taxonomy":"post_tag","embeddable":true,"href":"https:\/\/najibmikou.com\/fr\/wp-json\/wp\/v2\/tags?post=3195"}],"curies":[{"name":"wp","href":"https:\/\/api.w.org\/{rel}","templated":true}]}}