{"id":3138,"date":"2022-01-24T21:36:41","date_gmt":"2022-01-24T20:36:41","guid":{"rendered":"https:\/\/najibmikou.com\/fr\/?p=3138"},"modified":"2022-01-24T21:36:43","modified_gmt":"2022-01-24T20:36:43","slug":"alain-caille-la-convivance-cest-lart-de-sopposer-sans-se-massacrer","status":"publish","type":"post","link":"https:\/\/najibmikou.com\/fr\/alain-caille-la-convivance-cest-lart-de-sopposer-sans-se-massacrer\/","title":{"rendered":"Alain Caill\u00e9 : \u201cLa convivance, c\u2019est l\u2019art de s\u2019opposer sans se massacrer\u201d"},"content":{"rendered":"\n<p>Auteur d\u2019un nouveau texte, Si j\u2019\u00e9tais candidat\u2026 Pour une politique convivialiste (Le Pommier, 2022), Alain Caill\u00e9, professeur \u00e9m\u00e9rite de sociologie \u00e0 l\u2019universit\u00e9 Paris-Ouest Nanterre, fondateur de La Revue du M.A.U.S.S. (Mouvement anti-utilitariste dans les sciences sociales) et porte-parole de l\u2019Association convivialiste internationale, pr\u00f4ne des mesures \u00ab basculantes \u00bb, permettant \u00e0 la soci\u00e9t\u00e9 de surmonter ses blocages. Un horizon qui se veut moins une apologie de la convivialit\u00e9 que, plus profond\u00e9ment, un appel \u00e0 la \u00ab convivance \u00bb. Rencontre.<\/p>\n\n\n\n<p><a href=\"https:\/\/www.philomag.com\/articles\/alain-caille-la-convivance-cest-lart-de-sopposer-sans-se-massacrer\" target=\"_blank\" rel=\"noreferrer noopener\">Suite&#8230;<\/a><\/p>\n","protected":false},"excerpt":{"rendered":"<p>Auteur d\u2019un nouveau texte, Si j\u2019\u00e9tais candidat\u2026 Pour une politique convivialiste (Le Pommier, 2022), Alain Caill\u00e9, professeur \u00e9m\u00e9rite de sociologie \u00e0 l\u2019universit\u00e9 Paris-Ouest Nanterre, fondateur de La Revue du M.A.U.S.S. (Mouvement anti-utilitariste dans les sciences sociales) et porte-parole de l\u2019Association convivialiste internationale, pr\u00f4ne des mesures \u00ab basculantes \u00bb, permettant \u00e0 la soci\u00e9t\u00e9 de surmonter ses [&hellip;]<\/p>\n","protected":false},"author":1,"featured_media":3139,"comment_status":"open","ping_status":"open","sticky":false,"template":"","format":"standard","meta":{"pgc_sgb_lightbox_settings":""},"categories":[67],"tags":[],"yoast_head":"<!-- This site is optimized with the Yoast SEO plugin v15.9.2 - https:\/\/yoast.com\/wordpress\/plugins\/seo\/ -->\n<meta name=\"robots\" content=\"index, follow, max-snippet:-1, max-image-preview:large, max-video-preview:-1\" \/>\n<link rel=\"canonical\" href=\"https:\/\/najibmikou.com\/fr\/alain-caille-la-convivance-cest-lart-de-sopposer-sans-se-massacrer\/\" \/>\n<meta property=\"og:locale\" content=\"fr_FR\" \/>\n<meta property=\"og:type\" content=\"article\" \/>\n<meta property=\"og:title\" content=\"Alain Caill\u00e9 : \u201cLa convivance, c\u2019est l\u2019art de s\u2019opposer sans se massacrer\u201d - Najib MIKOU\" \/>\n<meta property=\"og:description\" content=\"Auteur d\u2019un nouveau texte, Si j\u2019\u00e9tais candidat\u2026 Pour une politique convivialiste (Le Pommier, 2022), Alain Caill\u00e9, professeur \u00e9m\u00e9rite de sociologie \u00e0 l\u2019universit\u00e9 Paris-Ouest Nanterre, fondateur de La Revue du M.A.U.S.S. (Mouvement anti-utilitariste dans les sciences sociales) et porte-parole de l\u2019Association convivialiste internationale, pr\u00f4ne des mesures \u00ab basculantes \u00bb, permettant \u00e0 la soci\u00e9t\u00e9 de surmonter ses [&hellip;]\" \/>\n<meta property=\"og:url\" content=\"https:\/\/najibmikou.com\/fr\/alain-caille-la-convivance-cest-lart-de-sopposer-sans-se-massacrer\/\" \/>\n<meta property=\"og:site_name\" content=\"Najib MIKOU\" \/>\n<meta property=\"article:published_time\" content=\"2022-01-24T20:36:41+00:00\" \/>\n<meta property=\"article:modified_time\" content=\"2022-01-24T20:36:43+00:00\" \/>\n<meta property=\"og:image\" content=\"https:\/\/najibmikou.com\/fr\/wp-content\/uploads\/2022\/01\/web-alain-caille.jpeg\" \/>\n\t<meta property=\"og:image:width\" content=\"1360\" \/>\n\t<meta property=\"og:image:height\" content=\"800\" \/>\n<meta name=\"twitter:card\" content=\"summary_large_image\" \/>\n<meta name=\"twitter:label1\" content=\"Dur\u00e9e de lecture est.\">\n\t<meta name=\"twitter:data1\" content=\"1 minute\">\n<script type=\"application\/ld+json\" class=\"yoast-schema-graph\">{\"@context\":\"https:\/\/schema.org\",\"@graph\":[{\"@type\":\"WebSite\",\"@id\":\"https:\/\/najibmikou.com\/fr\/#website\",\"url\":\"https:\/\/najibmikou.com\/fr\/\",\"name\":\"Najib MIKOU\",\"description\":\"\\u00c9crire c&#039;est contribuer \\u00e0 ce que le temps collectif ne se trompe pas de chemin\",\"potentialAction\":[{\"@type\":\"SearchAction\",\"target\":\"https:\/\/najibmikou.com\/fr\/?s={search_term_string}\",\"query-input\":\"required name=search_term_string\"}],\"inLanguage\":\"fr-FR\"},{\"@type\":\"ImageObject\",\"@id\":\"https:\/\/najibmikou.com\/fr\/alain-caille-la-convivance-cest-lart-de-sopposer-sans-se-massacrer\/#primaryimage\",\"inLanguage\":\"fr-FR\",\"url\":\"https:\/\/najibmikou.com\/fr\/wp-content\/uploads\/2022\/01\/web-alain-caille.jpeg\",\"width\":1360,\"height\":800},{\"@type\":\"WebPage\",\"@id\":\"https:\/\/najibmikou.com\/fr\/alain-caille-la-convivance-cest-lart-de-sopposer-sans-se-massacrer\/#webpage\",\"url\":\"https:\/\/najibmikou.com\/fr\/alain-caille-la-convivance-cest-lart-de-sopposer-sans-se-massacrer\/\",\"name\":\"Alain Caill\\u00e9 : \\u201cLa convivance, c\\u2019est l\\u2019art de s\\u2019opposer sans se massacrer\\u201d - Najib MIKOU\",\"isPartOf\":{\"@id\":\"https:\/\/najibmikou.com\/fr\/#website\"},\"primaryImageOfPage\":{\"@id\":\"https:\/\/najibmikou.com\/fr\/alain-caille-la-convivance-cest-lart-de-sopposer-sans-se-massacrer\/#primaryimage\"},\"datePublished\":\"2022-01-24T20:36:41+00:00\",\"dateModified\":\"2022-01-24T20:36:43+00:00\",\"author\":{\"@id\":\"https:\/\/najibmikou.com\/fr\/#\/schema\/person\/ad833ab699d080f01dced99b1891ec1e\"},\"breadcrumb\":{\"@id\":\"https:\/\/najibmikou.com\/fr\/alain-caille-la-convivance-cest-lart-de-sopposer-sans-se-massacrer\/#breadcrumb\"},\"inLanguage\":\"fr-FR\",\"potentialAction\":[{\"@type\":\"ReadAction\",\"target\":[\"https:\/\/najibmikou.com\/fr\/alain-caille-la-convivance-cest-lart-de-sopposer-sans-se-massacrer\/\"]}]},{\"@type\":\"BreadcrumbList\",\"@id\":\"https:\/\/najibmikou.com\/fr\/alain-caille-la-convivance-cest-lart-de-sopposer-sans-se-massacrer\/#breadcrumb\",\"itemListElement\":[{\"@type\":\"ListItem\",\"position\":1,\"item\":{\"@type\":\"WebPage\",\"@id\":\"https:\/\/najibmikou.com\/fr\/\",\"url\":\"https:\/\/najibmikou.com\/fr\/\",\"name\":\"Accueil\"}},{\"@type\":\"ListItem\",\"position\":2,\"item\":{\"@type\":\"WebPage\",\"@id\":\"https:\/\/najibmikou.com\/fr\/alain-caille-la-convivance-cest-lart-de-sopposer-sans-se-massacrer\/\",\"url\":\"https:\/\/najibmikou.com\/fr\/alain-caille-la-convivance-cest-lart-de-sopposer-sans-se-massacrer\/\",\"name\":\"Alain Caill\\u00e9 : \\u201cLa convivance, c\\u2019est l\\u2019art de s\\u2019opposer sans se massacrer\\u201d\"}}]},{\"@type\":\"Person\",\"@id\":\"https:\/\/najibmikou.com\/fr\/#\/schema\/person\/ad833ab699d080f01dced99b1891ec1e\",\"name\":\"Najib Mikou\",\"image\":{\"@type\":\"ImageObject\",\"@id\":\"https:\/\/najibmikou.com\/fr\/#personlogo\",\"inLanguage\":\"fr-FR\",\"url\":\"https:\/\/secure.gravatar.com\/avatar\/6dfd4a9a9096131eea6d80fb3de585a0?s=96&d=mm&r=g\",\"caption\":\"Najib Mikou\"},\"sameAs\":[\"http:\/\/najibmikou.com\/fr\"]}]}<\/script>\n<!-- \/ Yoast SEO plugin. -->","_links":{"self":[{"href":"https:\/\/najibmikou.com\/fr\/wp-json\/wp\/v2\/posts\/3138"}],"collection":[{"href":"https:\/\/najibmikou.com\/fr\/wp-json\/wp\/v2\/posts"}],"about":[{"href":"https:\/\/najibmikou.com\/fr\/wp-json\/wp\/v2\/types\/post"}],"author":[{"embeddable":true,"href":"https:\/\/najibmikou.com\/fr\/wp-json\/wp\/v2\/users\/1"}],"replies":[{"embeddable":true,"href":"https:\/\/najibmikou.com\/fr\/wp-json\/wp\/v2\/comments?post=3138"}],"version-history":[{"count":1,"href":"https:\/\/najibmikou.com\/fr\/wp-json\/wp\/v2\/posts\/3138\/revisions"}],"predecessor-version":[{"id":3140,"href":"https:\/\/najibmikou.com\/fr\/wp-json\/wp\/v2\/posts\/3138\/revisions\/3140"}],"wp:featuredmedia":[{"embeddable":true,"href":"https:\/\/najibmikou.com\/fr\/wp-json\/wp\/v2\/media\/3139"}],"wp:attachment":[{"href":"https:\/\/najibmikou.com\/fr\/wp-json\/wp\/v2\/media?parent=3138"}],"wp:term":[{"taxonomy":"category","embeddable":true,"href":"https:\/\/najibmikou.com\/fr\/wp-json\/wp\/v2\/categories?post=3138"},{"taxonomy":"post_tag","embeddable":true,"href":"https:\/\/najibmikou.com\/fr\/wp-json\/wp\/v2\/tags?post=3138"}],"curies":[{"name":"wp","href":"https:\/\/api.w.org\/{rel}","templated":true}]}}