{"id":2910,"date":"2021-12-26T19:12:04","date_gmt":"2021-12-26T18:12:04","guid":{"rendered":"https:\/\/najibmikou.com\/fr\/?p=2910"},"modified":"2021-12-26T19:13:53","modified_gmt":"2021-12-26T18:13:53","slug":"etienne-klein-lidee-de-dieu-renvoie-necessairement-au-mystere","status":"publish","type":"post","link":"https:\/\/najibmikou.com\/fr\/etienne-klein-lidee-de-dieu-renvoie-necessairement-au-mystere\/","title":{"rendered":"Etienne Klein : &#8220;L&#8217;id\u00e9e de Dieu renvoie n\u00e9cessairement au myst\u00e8re&#8221;"},"content":{"rendered":"\n<p>Le philosophe des sciences r\u00e9pond au best-seller &#8220;Dieu, la science, les preuves&#8221;, et explique pourquoi, aux yeux des scientifiques, le big bang n&#8217;est pas synonyme de cr\u00e9ation.<\/p>\n\n\n\n<p>Dans<em>&nbsp;Dieu, la science, les preuves<\/em>, best-seller de cette fin d&#8217;ann\u00e9e (70 000 exemplaires d\u00e9j\u00e0 vendus), Michel-Yves Bollor\u00e9 et Olivier Bonnassies pr\u00e9tendent &#8220;r\u00e9v\u00e9ler les preuves modernes de l&#8217;existence de Dieu&#8221;. Fervents catholiques, les auteurs s&#8217;appuient notamment sur le big bang, qui \u00e0 leurs yeux renvoie \u00e0 l&#8217;id\u00e9e de cr\u00e9ation, comme sur le principe anthropique et le &#8220;r\u00e9glage fin&#8221; de l&#8217;univers, qui supposeraient selon eux que notre univers \u00e9tait destin\u00e9 \u00e0 accueillir la vie.&nbsp;<\/p>\n\n\n\n<p>Philosophe des sciences et physicien, Etienne Klein estime que &#8220;pr\u00e9tendre prouver scientifiquement l&#8217;existence de Dieu&#8221; rel\u00e8ve d&#8217;une d\u00e9marche na\u00efve. Il explique pourquoi, au vu de l&#8217;\u00e9tat actuel des recherches, le big bang n&#8217;est en rien synonyme d&#8217;origine, mais aussi pourquoi l&#8217;id\u00e9e d&#8217;un dieu ajustant des constantes cosmologiques le priverait d&#8217;une bonne partie de sa gloire et de son prestige. Entretien.&nbsp;<\/p>\n\n\n\n<p><strong>L&#8217;Express : Dans &#8220;Dieu, la science, les preuves&#8221;, Michel-Yves Bollor\u00e9 et Olivier Bonnassies affirment que les derni\u00e8res grandes d\u00e9couvertes en cosmologie donnent du cr\u00e9dit \u00e0 l&#8217;existence de Dieu. Qu&#8217;en pensez-vous ?\u00a0<\/strong><\/p>\n\n\n\n<p><strong>Etienne Klein :\u00a0<\/strong><a href=\"https:\/\/www.lexpress.fr\/actualite\/idees-et-debats\/dieu-la-science-les-preuves-ce-best-seller-catholique-qui-met-la-science-a-l-epreuve_2164708.html\">Je n&#8217;ai pas lu ce livre<\/a>, dont le succ\u00e8s m\u00e9diatique interpelle. \u00c0 vrai dire, je ne pensais pas qu&#8217;on en \u00e9tait encore l\u00e0, car\u00a0<a href=\"https:\/\/www.lexpress.fr\/\">pr\u00e9tendre prouver scientifiquement l&#8217;existence de Dieu<\/a>, c&#8217;est faire preuve d&#8217;une certaine na\u00efvet\u00e9. D&#8217;abord \u00e0 l&#8217;\u00e9gard de l&#8217;id\u00e9e de Dieu, car si celui-ci devenait l&#8217;aboutissement d&#8217;une d\u00e9marche scientifique, c&#8217;est-\u00e0-dire s&#8217;il \u00e9tait le r\u00e9sultat positif d&#8217;une enqu\u00eate rationnelle men\u00e9e par la communaut\u00e9 des chercheurs, son prestige se verrait s\u00e9rieusement rabougri : il n&#8217;aurait plus que le statut d&#8217;une connaissance. Cette chute ontologique serait, sinon la mort de Dieu, du moins celle de la religion, ou de la foi! Et, par effet r\u00e9troactif, il faudrait alors consid\u00e9rer qu&#8217;avant ces soi-disant &#8220;d\u00e9couvertes&#8221;, Dieu n&#8217;avait \u00e9t\u00e9 qu&#8217;un &#8220;bouche-trou cognitif&#8221;, seulement invoqu\u00e9 pour combler le vide qui s\u00e9pare nos connaissances des questions sans r\u00e9ponses.<\/p>\n\n\n\n<p>Pr\u00e9tendre prouver scientifiquement l&#8217;existence de Dieu s<a href=\"https:\/\/www.lexpress.fr\/actualite\/idees-et-debats\/la-science-a-l-epreuve-de-dieu_2164719.html\">erait \u00e9galement faire preuve de na\u00efvet\u00e9<\/a>&nbsp;\u00e0 l&#8217;\u00e9gard de la science. Car si la science devenait capable de d\u00e9livrer une conclusion aussi d\u00e9finitive \u00e0 propos de ce qui est hors de ses champs d&#8217;action et d&#8217;investigation, cela impliquerait qu&#8217;elle aurait compl\u00e8tement termin\u00e9 sa propre construction, au point de pouvoir trancher toutes les questions qui se posent \u00e0 nous, y compris celles qui ne sont pas scientifiques. Or, comme vous le savez, la physique, pour ne citer qu&#8217;elle, n&#8217;est pas du tout achev\u00e9e. Elle bute notamment sur la contradiction qui existe entre ses deux th\u00e9ories fondamentales, la relativit\u00e9 g\u00e9n\u00e9rale et la m\u00e9canique quantique, au point que nul ne sait aujourd&#8217;hui si l&#8217;univers a eu une origine ou non&#8230;&nbsp;<\/p>\n\n\n\n<p><strong>Le big bang ne serait pas synonyme de cr\u00e9ation ?&nbsp;<\/strong>&nbsp;<\/p>\n\n\n\n<p>On r\u00e9p\u00e8te souvent qu'&#8221;il a fallu attendre le XXe si\u00e8cle pour comprendre que l&#8217;univers a une histoire&#8221;. En r\u00e9alit\u00e9, toutes les cosmogonies ancestrales racontaient d\u00e9j\u00e0 une histoire du monde. Il s&#8217;agit donc un th\u00e8me tr\u00e8s ancien, y compris dans l&#8217;esprit des physiciens : au XIXe si\u00e8cle,&nbsp;<a href=\"https:\/\/www.lexpress.fr\/informations\/le-siecle-de-la-physique-quantique_640935.html\">les principes de la thermodynamique<\/a>&nbsp;\u00e9taient d\u00e9j\u00e0 invoqu\u00e9s par certains d&#8217;entre eux pour pr\u00e9dire la &#8220;mort thermique&#8221; de l&#8217;Univers. Mais dans leur bouche, la phrase &#8220;l&#8217;univers a une histoire&#8221; avait un sens radicalement diff\u00e9rent de celui qu&#8217;elle a d\u00e9sormais : elle signifiait seulement que les objets que l&#8217;univers contient &#8211; \u00e9toiles et plan\u00e8tes &#8211; avaient eux-m\u00eames une histoire, alors qu&#8217;aujourd&#8217;hui, elle signifie que c&#8217;est&nbsp;<em>l&#8217;espace-temps lui-m\u00eame qui \u00e9volue<\/em>. D\u00e8s lors que nous savons que l&#8217;espace-temps a eu et continue d&#8217;avoir une histoire, nous avons tendance \u00e0 consid\u00e9rer que cette histoire a n\u00e9cessairement eu un commencement &#8211; le big bang &#8211; et c&#8217;est autour de lui que plusieurs types de discours viennent s&#8217;entrechoquer, \u00e0 tort ou \u00e0 raison.&nbsp;<\/p>\n\n\n\n<p><strong>Ce qui montre tout de m\u00eame que la question de l&#8217;origine s&#8217;impose&#8230;<\/strong>&nbsp;<\/p>\n\n\n\n<p>Oui, mais en fait non. En toute rigueur, le big bang d\u00e9signe l&#8217;\u00e9poque tr\u00e8s dense et tr\u00e8s chaude que l&#8217;univers a connue il y a 13,8 milliards d&#8217;ann\u00e9es. Mais on utilise ce mot dans un sens diff\u00e9rent : pour d\u00e9signer l&#8217;explosion originelle qui aurait cr\u00e9\u00e9 tout ce qui existe, autrement dit l&#8217;instant z\u00e9ro marquant le surgissement simultan\u00e9 de l&#8217;espace, du temps,&nbsp;<a href=\"https:\/\/www.lexpress.fr\/actualite\/sciences\/boson-de-higgs-nous-sommes-sur-le-point-de-comprendre-l-origine-de-la-matiere_1134355.html\">de la mati\u00e8re<\/a>&nbsp;et de l&#8217;\u00e9nergie. Dans le langage courant, il en est donc venu \u00e0 d\u00e9signer la cr\u00e9ation m\u00eame du monde. A priori, il ne s&#8217;agit pas d&#8217;un contresens : si l&#8217;on regarde ce que fut l&#8217;univers dans un pass\u00e9 de plus en plus lointain, on observe que sa taille ne cesse de diminuer et qu&#8217;il finit en effet par se r\u00e9duire &#8212; si l&#8217;on en croit les \u00e9quations de la relativit\u00e9 g\u00e9n\u00e9rale<em>&nbsp;&#8212;&nbsp;<\/em>\u00e0 un univers ponctuel, c&#8217;est-\u00e0-dire de volume nul. Autrement dit, si on d\u00e9roule le temps \u00e0 l&#8217;envers, les calculs font bien surgir un instant z\u00e9ro qui serait apparu il y a 13,8 milliards d&#8217;ann\u00e9es, et&nbsp;<a href=\"https:\/\/www.lexpress.fr\/actualite\/sciences\/au-dela-du-big-bang_496986.html\" target=\"_blank\" rel=\"noreferrer noopener\">qui se trouve directement associ\u00e9 \u00e0 ce qu&#8217;on appelle une &#8220;singularit\u00e9 initiale&#8221;<\/a>&nbsp;: une situation dans laquelle la temp\u00e9rature et la densit\u00e9 deviennent infinies. Qu&#8217;est-ce qui emp\u00eache d&#8217;assimiler cette singularit\u00e9 initiale \u00e0 l&#8217;origine effective de l&#8217;univers ? \u00c0 vue de nez, rien, mais si l&#8217;on y regarde de plus pr\u00e8s, on constate qu&#8217;il faut au contraire se l&#8217;interdire&#8230;&nbsp;<\/p>\n\n\n\n<p><strong>Parce que la th\u00e9orie de la relativit\u00e9 g\u00e9n\u00e9rale ne d\u00e9crit que la gravitation ?<\/strong>&nbsp;<\/p>\n\n\n\n<p>Oui. Quand on remonte le cours du temps, la mati\u00e8re finit par rencontrer des conditions physiques tr\u00e8s sp\u00e9ciales que la relativit\u00e9 g\u00e9n\u00e9rale est incapable de d\u00e9crire seule, car d&#8217;autres interactions que la gravitation entrent en jeu, \u00e0 savoir les forces \u00e9lectromagn\u00e9tiques et nucl\u00e9aires qui, elles, sont d\u00e9crites par la physique quantique. La relativit\u00e9 g\u00e9n\u00e9rale ne prenant pas en compte ces forces, les physiciens ont compris que ses \u00e9quations perdent toute validit\u00e9 quand les particules pr\u00e9sentes dans l&#8217;univers, dot\u00e9es d&#8217;\u00e9nergies gigantesques, subissent les autres interactions en plus de la gravitation. Pour affronter les conditions de l&#8217;univers primo-primordial et pouvoir en parler, il faudrait pouvoir franchir le &#8220;mur de Planck&#8221;, ce moment particulier de l&#8217;histoire de l&#8217;univers dont la physique actuelle est impuissante \u00e0 d\u00e9crire ce qui s&#8217;est pass\u00e9 en son amont.<\/p>\n\n\n\n<p>Mais le point&nbsp;<em>crucial e<\/em>st que toutes les pistes aujourd&#8217;hui explor\u00e9es pour construire une th\u00e9orie capable d&#8217;embrasser la physique quantique et la relativit\u00e9 g\u00e9n\u00e9rale, lorsqu&#8217;on les applique&nbsp;<a href=\"https:\/\/www.lexpress.fr\/culture\/livre\/klein-bouleverse-les-idees-recues-sur-la-cosmologie_954199.html\">&#8220;\u00e0 l&#8217;avant&#8221; du mur du Planck,<\/a>&nbsp;volatilisent l&#8217;instant z\u00e9ro qui apparaissait dans les premiers mod\u00e8les de big bang. En clair, nous n&#8217;avons pas la preuve que l&#8217;univers a eu une origine (entendue comme une transition entre l&#8217;absence de toute chose et le surgissement d&#8217;au moins une chose) et nous n&#8217;avons pas non plus la preuve qu&#8217;il n&#8217;en a pas eu&#8230;. Inutile, donc, de mettre en la mati\u00e8re la charrue de la conclusion avant les boeufs de la recherche.&nbsp;<\/p>\n\n\n\n<p><strong>Pourtant, les scientifiques sont parvenus \u00e0 identifier l&#8217;origine de beaucoup de choses, les atomes, les \u00e9toiles, etc. ?<\/strong>&nbsp;<\/p>\n\n\n\n<p>Vous avez raison, et c&#8217;est pour cela qu&#8217;il faut distinguer\u00a0<a href=\"https:\/\/www.lexpress.fr\/actualite\/sciences\/les-univers-paralleles-a-l-origine-du-mystere-du-trou-geant-de-l-univers_1902955.html\">origine absolue (celle de l&#8217;univers) et origine relative (celle des \u00e9l\u00e9ments qu&#8217;il contient)<\/a>. Notez d&#8217;abord que les r\u00e9cits ancestraux de la naissance de l&#8217;Univers \u00e9vitaient d\u00e9j\u00e0 de tomber dans le pi\u00e8ge de la cr\u00e9ation\u00a0<em>ex nihilo<\/em>\u00a0(comment le n\u00e9ant pourrait-il \u00eatre le sujet d&#8217;un verbe d&#8217;action?) en affirmant d&#8217;embl\u00e9e qu&#8217;au tout d\u00e9but il y avait\u00a0<em>ceci<\/em>\u00a0ou bien\u00a0<em>cela<\/em>. Ils imaginaient le monde originaire d\u00e9j\u00e0 empli de quelque entit\u00e9 pr\u00e9alable. Et ils avaient l&#8217;embarras du choix : divinit\u00e9, oc\u00e9an plus ou moins tumultueux, mati\u00e8re informe, chaos originel, oeuf authentique ou symbolique, tohu-bohu o\u00f9 titubent d\u00e9j\u00e0 la mati\u00e8re, l&#8217;espace et le temps&#8230; Mais un d\u00e9but qui fait suite \u00e0 quelque chose m\u00e9rite-t-il vraiment son nom ? \u00c0 l&#8217;examen, non. Car de deux choses l&#8217;une : ou bien cette chose qui existait d\u00e9j\u00e0 a toujours \u00e9t\u00e9 pr\u00e9sente, donc n&#8217;a pas eu de commencement, et l&#8217;univers n&#8217;a pas eu d&#8217;origine proprement dite ; ou bien elle est elle-m\u00eame la suite ou la cons\u00e9quence d&#8217;une autre chose qui l&#8217;a pr\u00e9c\u00e9d\u00e9e, et alors elle n&#8217;est pas&#8230; l&#8217;origine! Ainsi, le seul fait de d\u00e9signer l&#8217;origine de l&#8217;univers contredit l&#8217;id\u00e9e qu&#8217;il puisse y en avoir eu une : la nommer la supprime !<\/p>\n\n\n\n<p>Il en va de m\u00eame&nbsp;<a href=\"https:\/\/www.lexpress.fr\/actualite\/sciences\/deux-autres-nobel-americains_460450.html\" target=\"_blank\" rel=\"noreferrer noopener\">pour les scientifiques<\/a>&nbsp;: \u00e0 les \u00e9couter disserter, on d\u00e9couvre qu&#8217;ils parlent toujours et seulement de g\u00e9n\u00e9alogies, de m\u00e9tamorphoses, de structurations de constituants \u00e9l\u00e9mentaires en syst\u00e8mes plus complexes, jamais de cr\u00e9ation&nbsp;<em>ex nihilo<\/em>. En d&#8217;autres termes, s&#8217;ils disent chercher l&#8217;origine, ils n&#8217;en r\u00e9v\u00e8lent jamais que les sous-produits, des transitions d&#8217;un \u00e9tat \u00e0 un autre, des processus permettant de comprendre l&#8217;apparition au cours de l&#8217;histoire d&#8217;un nouvel objet. Les origines qu&#8217;ils entrevoient ainsi ne sont jamais que secondaires, commencements relatifs eux-m\u00eames pr\u00e9c\u00e9d\u00e9s d&#8217;autres commencements. Elles ne constituent pas l&#8217;amont premier. Elles&nbsp;<em>ach\u00e8vent<\/em>&nbsp;une \u00e9tape de l&#8217;histoire. Commencer est toujours une fa\u00e7on d&#8217;en finir. D\u00e8s lors, d\u00e9crire scientifiquement l&#8217;origine de l&#8217;univers devrait consister \u00e0 raconter l&#8217;histoire qui l&#8217;a pr\u00e9c\u00e9d\u00e9e et donc elle serait la conclusion. Ce qui reviendrait l\u00e0 encore \u00e0 dire que ce que nous appelons l&#8217;origine de l&#8217;univers n&#8217;en est pas une, seulement une \u00e9tape de son histoire. En d\u00e9finitive, si les mots ont un sens, l&#8217;origine de l&#8217;univers (si tant est qu&#8217;elle a eu lieu) a d\u00fb correspondre \u00e0 une transition entre le non-\u00eatre et l&#8217;\u00eatre. Est-ce vraiment \u00e0 la port\u00e9e de notre intellect? Et comment savoir si un tel \u00e9v\u00e9nement a effectivement eu lieu? &nbsp;<\/p>\n\n\n\n<p><strong>Certains physiciens, notamment depuis le succ\u00e8s du principe anthropique ne participent-ils pas \u00e0 cette confusion entre science et religion ?<\/strong>&nbsp;<\/p>\n\n\n\n<p>Sans doute. Nous avons pris acte en effet que notre univers est bien plus complexe que la plupart des univers qui poss\u00e9deraient les m\u00eames lois physiques que lui, mais avec des constantes fondamentales ayant des valeurs diff\u00e9rentes. Mais y a-t-il eu ajustement de ces constantes ? Ou heureux hasard ? Certains cosmologistes voient dans ces co\u00efncidences favorables un indice de l&#8217;existence d&#8217;une pluralit\u00e9 d&#8217;univers ayant des param\u00e8tres physiques aux valeurs diff\u00e9rentes : les d\u00e9s auraient \u00e9t\u00e9 jet\u00e9s un tr\u00e8s grand nombre de fois de sorte que tous les univers possibles seraient r\u00e9alis\u00e9s quelque part, et que nous aurions eu la chance de tomber dans un univers localement vivable.<\/p>\n\n\n\n<p>D&#8217;autres, jugeant l&#8217;hypoth\u00e8se trop sp\u00e9culative, pr\u00e9f\u00e8rent voir en amont de cet ajustement la main d&#8217;un \u00eatre transcendant qui aurait fix\u00e9 la valeur pr\u00e9cise des param\u00e8tres de l&#8217;univers pour que l&#8217;homme puisse ou doive y appara\u00eetre. On parle alors de &#8220;principe anthropique&#8221;, en effet:&nbsp;<a href=\"https:\/\/www.lexpress.fr\/actualite\/societe\/religion\/7-raisons-de-croire-en-dieu_1145235.html\">Dieu serait en somme un &#8220;sacr\u00e9 bricoleur&#8221;,&nbsp;<\/a>pour parler comme Boris Vian. Notez au passage qu&#8217;un tel dieu ajusteur de constantes universelles ne serait qu&#8217;un demi-dieu, priv\u00e9 de beaucoup de son prestige et de sa gloire. Il faut en effet l&#8217;imaginer demandant \u00e0 l&#8217;un de ses adjoints : &#8220;Eh, Paulo, passe-moi le tournevis, tu veux bien ? Les \u00e9toiles d\u00e9connent sacr\u00e9ment, elles ne fabriquent pas de carbone. Faut que j&#8217;augmente d&#8217;un chou\u00efa la vitesse de la lumi\u00e8re&#8221;&#8230; D&#8217;autres encore consid\u00e8rent que ces questions n&#8217;ont pas \u00e0 \u00eatre pos\u00e9es : les choses sont ce qu&#8217;elles sont et nous n&#8217;avons pas \u00e0 justifier leur pourquoi. Enfin, les plus prudents (dont je fais partie), jugent que toutes les r\u00e9ponses qu&#8217;on peut apporter \u00e0 la question des constantes fondamentales sont pr\u00e9matur\u00e9es, voire vaines, car nous ne savons pas \u00e0 partir de quelle th\u00e9orie nous pourrions les discuter.&nbsp;<\/p>\n\n\n\n<p><strong>\u00ca<\/strong>t<strong>re scientifique pousse-t-il \u00e0 l&#8217;ath\u00e9isme ?&nbsp;<\/strong>&nbsp;<\/p>\n\n\n\n<p>Permettez-moi un premier constat : il y a des physiciens, il y a des catholiques, il y a des physiciens catholiques, mais il n&#8217;y a pas de physique catholique. Durant ma carri\u00e8re, je n&#8217;ai jamais vu un coll\u00e8gue devenir croyant gr\u00e2ce \u00e0 la physique, ni un seul perdre sa foi \u00e0 cause de la physique. Au demeurant, pour pouvoir dire que Dieu n&#8217;existe pas, il faudrait en avoir une connaissance absolument parfaite, savoir tr\u00e8s pr\u00e9cis\u00e9ment quelles sont sa nature et ses propri\u00e9t\u00e9s, ce qui est difficile&#8230; s&#8217;il n&#8217;existe pas ! Idem pour dire que nous avons la preuve qu&#8217;il existe. \u00c0 cause de ces deux paradoxes, l&#8217;id\u00e9e de Dieu renvoie n\u00e9cessairement au myst\u00e8re.<\/p>\n\n\n\n<p><strong>L&#8217;id\u00e9e de concordisme, \u00e0 savoir que les textes religieux et la science seraient parfaitement compl\u00e9mentaires, semble en plein renouveau depuis une vingtaine d&#8217;ann\u00e9es. Cela vous inqui\u00e8te-t-il ?&nbsp;<\/strong>&nbsp;<\/p>\n\n\n\n<p>Quand j&#8217;\u00e9tais \u00e9tudiant, dans les ann\u00e9es 1980,\u00a0<a href=\"https:\/\/www.lexpress.fr\/actualite\/idees-et-debats\/michel-yves-bollore-si-l-opus-dei-etait-une-societe-secrete-nous-serions-tres-mauvais_2164732.html\">les diff\u00e9rents monoth\u00e9ismes se parlaient intens\u00e9ment.<\/a>\u00a0Le pape \u00e9changeait avec des repr\u00e9sentants juifs, orthodoxes, musulmans, de sorte que je n&#8217;\u00e9tais pas seul \u00e0 penser que, s&#8217;accordant sur le fait qu&#8217;il existe un Dieu unique, ils allaient relativiser leurs diff\u00e9rences en les mettant sur le compte de l&#8217;histoire ou de la culture, et qu&#8217;ils n&#8217;allaient plus chercher \u00e0 contredire ou au contraire \u00e0 r\u00e9cup\u00e9rer les r\u00e9sultats de la science. Parall\u00e8lement, je pensais que les sciences, dont les succ\u00e8s \u00e9taient spectaculaires, feraient &#8220;autorit\u00e9&#8221;, au sens o\u00f9 nul ne pourrait contester la valeur de v\u00e9rit\u00e9 de leurs r\u00e9sultats en arguant seulement de son bon sens ou de son &#8220;ressenti&#8221;. Vous noterez que je me suis (au moins) deux fois lourdement tromp\u00e9&#8230;\u00a0<a href=\"https:\/\/www.lexpress.fr\/actualite\/sciences\/etienne-klein-l-idee-de-dieu-renvoie-necessairement-au-mystere_2164770.html?utm_medium=Social&amp;utm_source=LinkedIn#Echobox=1640337988-2\" target=\"_blank\" rel=\"noreferrer noopener\">la suite<\/a><\/p>\n","protected":false},"excerpt":{"rendered":"<p>Le philosophe des sciences r\u00e9pond au best-seller &#8220;Dieu, la science, les preuves&#8221;, et explique pourquoi, aux yeux des scientifiques, le big bang n&#8217;est pas synonyme de cr\u00e9ation. Dans&nbsp;Dieu, la science, les preuves, best-seller de cette fin d&#8217;ann\u00e9e (70 000 exemplaires d\u00e9j\u00e0 vendus), Michel-Yves Bollor\u00e9 et Olivier Bonnassies pr\u00e9tendent &#8220;r\u00e9v\u00e9ler les preuves modernes de l&#8217;existence de [&hellip;]<\/p>\n","protected":false},"author":1,"featured_media":2911,"comment_status":"open","ping_status":"open","sticky":false,"template":"","format":"standard","meta":{"pgc_sgb_lightbox_settings":""},"categories":[67],"tags":[],"yoast_head":"<!-- This site is optimized with the Yoast SEO plugin v15.9.2 - https:\/\/yoast.com\/wordpress\/plugins\/seo\/ -->\n<meta name=\"robots\" content=\"index, follow, max-snippet:-1, max-image-preview:large, max-video-preview:-1\" \/>\n<link rel=\"canonical\" href=\"https:\/\/najibmikou.com\/fr\/etienne-klein-lidee-de-dieu-renvoie-necessairement-au-mystere\/\" \/>\n<meta property=\"og:locale\" content=\"fr_FR\" \/>\n<meta property=\"og:type\" content=\"article\" \/>\n<meta property=\"og:title\" content=\"Etienne Klein : &quot;L&#039;id\u00e9e de Dieu renvoie n\u00e9cessairement au myst\u00e8re&quot; - Najib MIKOU\" \/>\n<meta property=\"og:description\" content=\"Le philosophe des sciences r\u00e9pond au best-seller &#8220;Dieu, la science, les preuves&#8221;, et explique pourquoi, aux yeux des scientifiques, le big bang n&#8217;est pas synonyme de cr\u00e9ation. Dans&nbsp;Dieu, la science, les preuves, best-seller de cette fin d&#8217;ann\u00e9e (70 000 exemplaires d\u00e9j\u00e0 vendus), Michel-Yves Bollor\u00e9 et Olivier Bonnassies pr\u00e9tendent &#8220;r\u00e9v\u00e9ler les preuves modernes de l&#8217;existence de [&hellip;]\" \/>\n<meta property=\"og:url\" content=\"https:\/\/najibmikou.com\/fr\/etienne-klein-lidee-de-dieu-renvoie-necessairement-au-mystere\/\" \/>\n<meta property=\"og:site_name\" content=\"Najib MIKOU\" \/>\n<meta property=\"article:published_time\" content=\"2021-12-26T18:12:04+00:00\" \/>\n<meta property=\"article:modified_time\" content=\"2021-12-26T18:13:53+00:00\" \/>\n<meta property=\"og:image\" content=\"https:\/\/najibmikou.com\/fr\/wp-content\/uploads\/2021\/12\/etienne-klein.jpeg\" \/>\n\t<meta property=\"og:image:width\" content=\"968\" \/>\n\t<meta property=\"og:image:height\" content=\"545\" \/>\n<meta name=\"twitter:card\" content=\"summary_large_image\" \/>\n<meta name=\"twitter:label1\" content=\"Dur\u00e9e de lecture est.\">\n\t<meta name=\"twitter:data1\" content=\"10 minutes\">\n<script type=\"application\/ld+json\" class=\"yoast-schema-graph\">{\"@context\":\"https:\/\/schema.org\",\"@graph\":[{\"@type\":\"WebSite\",\"@id\":\"https:\/\/najibmikou.com\/fr\/#website\",\"url\":\"https:\/\/najibmikou.com\/fr\/\",\"name\":\"Najib MIKOU\",\"description\":\"\\u00c9crire c&#039;est contribuer \\u00e0 ce que le temps collectif ne se trompe pas de chemin\",\"potentialAction\":[{\"@type\":\"SearchAction\",\"target\":\"https:\/\/najibmikou.com\/fr\/?s={search_term_string}\",\"query-input\":\"required name=search_term_string\"}],\"inLanguage\":\"fr-FR\"},{\"@type\":\"ImageObject\",\"@id\":\"https:\/\/najibmikou.com\/fr\/etienne-klein-lidee-de-dieu-renvoie-necessairement-au-mystere\/#primaryimage\",\"inLanguage\":\"fr-FR\",\"url\":\"https:\/\/najibmikou.com\/fr\/wp-content\/uploads\/2021\/12\/etienne-klein.jpeg\",\"width\":968,\"height\":545},{\"@type\":\"WebPage\",\"@id\":\"https:\/\/najibmikou.com\/fr\/etienne-klein-lidee-de-dieu-renvoie-necessairement-au-mystere\/#webpage\",\"url\":\"https:\/\/najibmikou.com\/fr\/etienne-klein-lidee-de-dieu-renvoie-necessairement-au-mystere\/\",\"name\":\"Etienne Klein : \\\"L'id\\u00e9e de Dieu renvoie n\\u00e9cessairement au myst\\u00e8re\\\" - Najib MIKOU\",\"isPartOf\":{\"@id\":\"https:\/\/najibmikou.com\/fr\/#website\"},\"primaryImageOfPage\":{\"@id\":\"https:\/\/najibmikou.com\/fr\/etienne-klein-lidee-de-dieu-renvoie-necessairement-au-mystere\/#primaryimage\"},\"datePublished\":\"2021-12-26T18:12:04+00:00\",\"dateModified\":\"2021-12-26T18:13:53+00:00\",\"author\":{\"@id\":\"https:\/\/najibmikou.com\/fr\/#\/schema\/person\/ad833ab699d080f01dced99b1891ec1e\"},\"breadcrumb\":{\"@id\":\"https:\/\/najibmikou.com\/fr\/etienne-klein-lidee-de-dieu-renvoie-necessairement-au-mystere\/#breadcrumb\"},\"inLanguage\":\"fr-FR\",\"potentialAction\":[{\"@type\":\"ReadAction\",\"target\":[\"https:\/\/najibmikou.com\/fr\/etienne-klein-lidee-de-dieu-renvoie-necessairement-au-mystere\/\"]}]},{\"@type\":\"BreadcrumbList\",\"@id\":\"https:\/\/najibmikou.com\/fr\/etienne-klein-lidee-de-dieu-renvoie-necessairement-au-mystere\/#breadcrumb\",\"itemListElement\":[{\"@type\":\"ListItem\",\"position\":1,\"item\":{\"@type\":\"WebPage\",\"@id\":\"https:\/\/najibmikou.com\/fr\/\",\"url\":\"https:\/\/najibmikou.com\/fr\/\",\"name\":\"Accueil\"}},{\"@type\":\"ListItem\",\"position\":2,\"item\":{\"@type\":\"WebPage\",\"@id\":\"https:\/\/najibmikou.com\/fr\/etienne-klein-lidee-de-dieu-renvoie-necessairement-au-mystere\/\",\"url\":\"https:\/\/najibmikou.com\/fr\/etienne-klein-lidee-de-dieu-renvoie-necessairement-au-mystere\/\",\"name\":\"Etienne Klein : &#8220;L&#8217;id\\u00e9e de Dieu renvoie n\\u00e9cessairement au myst\\u00e8re&#8221;\"}}]},{\"@type\":\"Person\",\"@id\":\"https:\/\/najibmikou.com\/fr\/#\/schema\/person\/ad833ab699d080f01dced99b1891ec1e\",\"name\":\"Najib Mikou\",\"image\":{\"@type\":\"ImageObject\",\"@id\":\"https:\/\/najibmikou.com\/fr\/#personlogo\",\"inLanguage\":\"fr-FR\",\"url\":\"https:\/\/secure.gravatar.com\/avatar\/6dfd4a9a9096131eea6d80fb3de585a0?s=96&d=mm&r=g\",\"caption\":\"Najib Mikou\"},\"sameAs\":[\"http:\/\/najibmikou.com\/fr\"]}]}<\/script>\n<!-- \/ Yoast SEO plugin. -->","_links":{"self":[{"href":"https:\/\/najibmikou.com\/fr\/wp-json\/wp\/v2\/posts\/2910"}],"collection":[{"href":"https:\/\/najibmikou.com\/fr\/wp-json\/wp\/v2\/posts"}],"about":[{"href":"https:\/\/najibmikou.com\/fr\/wp-json\/wp\/v2\/types\/post"}],"author":[{"embeddable":true,"href":"https:\/\/najibmikou.com\/fr\/wp-json\/wp\/v2\/users\/1"}],"replies":[{"embeddable":true,"href":"https:\/\/najibmikou.com\/fr\/wp-json\/wp\/v2\/comments?post=2910"}],"version-history":[{"count":2,"href":"https:\/\/najibmikou.com\/fr\/wp-json\/wp\/v2\/posts\/2910\/revisions"}],"predecessor-version":[{"id":2913,"href":"https:\/\/najibmikou.com\/fr\/wp-json\/wp\/v2\/posts\/2910\/revisions\/2913"}],"wp:featuredmedia":[{"embeddable":true,"href":"https:\/\/najibmikou.com\/fr\/wp-json\/wp\/v2\/media\/2911"}],"wp:attachment":[{"href":"https:\/\/najibmikou.com\/fr\/wp-json\/wp\/v2\/media?parent=2910"}],"wp:term":[{"taxonomy":"category","embeddable":true,"href":"https:\/\/najibmikou.com\/fr\/wp-json\/wp\/v2\/categories?post=2910"},{"taxonomy":"post_tag","embeddable":true,"href":"https:\/\/najibmikou.com\/fr\/wp-json\/wp\/v2\/tags?post=2910"}],"curies":[{"name":"wp","href":"https:\/\/api.w.org\/{rel}","templated":true}]}}