{"id":2879,"date":"2021-12-23T19:58:39","date_gmt":"2021-12-23T18:58:39","guid":{"rendered":"https:\/\/najibmikou.com\/fr\/?p=2879"},"modified":"2021-12-23T19:58:42","modified_gmt":"2021-12-23T18:58:42","slug":"2022-lannee-de-limpuissance-ou-de-la-souverainete","status":"publish","type":"post","link":"https:\/\/najibmikou.com\/fr\/2022-lannee-de-limpuissance-ou-de-la-souverainete\/","title":{"rendered":"2022 : l\u2019ann\u00e9e de l\u2019impuissance ou de la souverainet\u00e9 ?"},"content":{"rendered":"\n<p>Puisque le calendrier nous y invite, risquons-nous \u00e0 des pronostics pour les douze mois \u00e0 venir.<\/p>\n\n\n\n<p>A priori, 2022 devrait \u00eatre une ann\u00e9e tr\u00e8s difficile. En le sachant, en l\u2019anticipant, on peut \u00e9viter qu\u2019elle le soit.&nbsp;&nbsp;<\/p>\n\n\n\n<p>Il est assez ais\u00e9 d\u2019\u00e9tablir un scenario du pire&nbsp;: une pand\u00e9mie qui \u00e9chappe aux vaccins, un effondrement des march\u00e9s financiers, des foyers de guerre jusqu\u2019aux fronti\u00e8res de l\u2019Europe, de grands pays comme l\u2019Ethiopie qui se disloquent, des attentats, des mouvements extr\u00e9mistes contradictoires, r\u00e9clamant les uns qu\u2019on efface toute trace &nbsp;des valeurs&nbsp;pass\u00e9es de l\u2019Occident dans la &nbsp;m\u00e9moire du monde, et les autres au contraire &nbsp;qu\u2019on &nbsp;y refuse toute influence &nbsp;\u00e9trang\u00e8re. Tout cela est possible. Tout cela aura lieu.<\/p>\n\n\n\n<p>&nbsp;Face \u00e0 cela, le &nbsp;principal risque pour cette ann\u00e9e, partout dans le monde, est une perte de contr\u00f4le des gouvernements, des entreprises, de chacun de nous, et plus g\u00e9n\u00e9ralement de l\u2019humanit\u00e9, sur le cours des choses. Avec des cons\u00e9quences \u00e9videmment terrifiantes.<\/p>\n\n\n\n<p>En France, on peut craindre l\u2019\u00e9lection d\u2019un ou d\u2019une pr\u00e9sident(e) qui se r\u00e9v\u00e8lerait sans pouvoir, sans majorit\u00e9, incapable de tenir les innombrables et in\u00e9vitables promesses \u00e9lectorales. Un pays perdu face \u00e0 une Allemagne de nouveau s\u00fbre d\u2019elle-m\u00eame, une Italie en plein renouveau et un monde en pleine recomposition. Ce serait alors encore une ann\u00e9e de d\u00e9sillusion et de col\u00e8re, o\u00f9 &nbsp;le pays se perdrait de plus en plus dans des disputes sur son identit\u00e9, ce qui a toujours \u00e9t\u00e9, dans l\u2019Histoire des peuples, le signe annonciateur du d\u00e9clin.<\/p>\n\n\n\n<p>En Europe, on peut craindre de voir une Union de plus en plus d\u00e9pendante des Etats-Unis pour sa d\u00e9fense, de la Russie pour ses importations et de la Chine pour ses exportations, avoir \u00e0 affronter une \u00e9ventuelle agression de la Russie en Ukraine, de la Turquie dans les Balkans, une vague &nbsp;migratoire venue d\u2019Afrique, une \u00e9crasante domination technologique, financi\u00e8re et juridique am\u00e9ricaine et l\u2019entr\u00e9e en force de la Chine sur la sc\u00e8ne g\u00e9opolitique. Sans pour autant avoir les moyens d\u2019y r\u00e9pondre, ballot\u00e9e par des int\u00e9r\u00eats nationaux contradictoires.<\/p>\n\n\n\n<p>&nbsp;Plus g\u00e9n\u00e9ralement, on pourrait craindre que le monde soit impuissant face \u00e0 une pand\u00e9mie dont on n\u2019aurait pas r\u00e9ussi \u00e0 contr\u00f4ler les mille et une ruses, face au d\u00e9r\u00e8glement climatique, au d\u00e9rapage&nbsp;de l\u2019inflation, \u00e0 la violence terroriste, aux vagues de migrations, \u00e0 la cybercriminalit\u00e9, et \u00e0 bien d\u2019autres forces se jouant des fronti\u00e8res, pour attaquer nos civilisations, l\u2019esp\u00e8ce humaine et la vie.<\/p>\n\n\n\n<p>Autrement dit, on court le risque qu\u2019il n\u2019y ait plus, en France, en Europe et dans le monde, de pilote dans l\u2019avion, ni m\u00eame de cabine de pilotage. Et m\u00eame si c\u2019est seulement le volant qui ne r\u00e9pond plus, c\u2019est la condamnation \u00e0 mort. &nbsp;<\/p>\n\n\n\n<p>&nbsp;A l\u2019inverse, 2022 peut \u00eatre l\u2019occasion d\u2019une prise de conscience, d\u2019une reprise en main, d\u2019une souverainet\u00e9 ouverte. En France, avec un peu de lucidit\u00e9 et de calme, la campagne \u00e9lectorale peut \u00eatre l\u2019occasion d\u2019une v\u00e9ritable p\u00e9dagogie sur les grands enjeux du pays et sur les r\u00e9ponses qu\u2019il convient d\u2019y apporter&nbsp;: l\u2019enfance, l\u2019\u00e9ducation, la protection des minorit\u00e9s, &nbsp;la justice sociale, la la\u00efcit\u00e9, la s\u00e9curit\u00e9, la tranquillit\u00e9, la d\u00e9fense, la dette publique, le renouveau industriel, la sant\u00e9, l\u2019alimentation, le climat, la protection de la nature&nbsp;; dans la perspective d\u2019assurer notre maitrise et notre souverainet\u00e9 culturelle, \u00e9conomique, financi\u00e8re et g\u00e9opolitique. En comprenant que la souverainet\u00e9 de la France est impossible sans une souverainet\u00e9 ouverte des Europ\u00e9ens rassembl\u00e9s. &nbsp;Cela peut \u00eatre aussi, pour l\u2019Union Europ\u00e9enne, partiellement sous pr\u00e9sidence fran\u00e7aise, l\u2019occasion du lancement d\u2019un vrai projet de souverainet\u00e9 dans tous les secteurs de l\u2019\u00e9conomie de la vie (sant\u00e9, \u00e9ducation, alimentation, \u00e9nergies renouvelables, mobilit\u00e9 durable, agriculture, digital, d\u00e9fense et s\u00e9curit\u00e9). Enfin, \u00e0 l\u2019\u00e9chelle mondiale, on peut peut-\u00eatre esp\u00e9rer que les gouvernements les plus \u00e9go\u00efstes admettront &nbsp;enfin que &nbsp;chacun a int\u00e9r\u00eat \u00e0 \u00eatre altruiste, et que, en particulier, les pand\u00e9mies ne seront \u00e9radiqu\u00e9es que si chaque \u00eatre humain est aussi bien prot\u00e9g\u00e9 que les plus riches d\u2019entre eux, et que, de m\u00eame, chacun a int\u00e9r\u00eat \u00e0 ce que l\u2019autre &nbsp;ait les moyens de r\u00e9duire ses \u00e9missions de gaz \u00e0 effet de serre.<\/p>\n\n\n\n<p>On peut enfin esp\u00e9rer qu\u2019une alliance de chercheurs, &nbsp;d\u2019entrepreneurs,&nbsp;d\u2019animateurs sociaux et d\u2019artistes, tous acteurs potentiellement positifs du monde, pourra faire comprendre qu\u2019il existe des solutions \u00e0 tout, y compris \u00e0 ce qu\u2019on n\u2019a pas su ou voulu r\u00e9gler depuis des si\u00e8cles&nbsp;; et que les progr\u00e8s technologiques mis au service de l\u2019altruisme peuvent encore sauver l\u2019esp\u00e8ce humaine et nos civilisations. On peut enfin esp\u00e9rer que des m\u00e9dias int\u00e8gres et exigeants en soit les h\u00e9rauts.<\/p>\n\n\n\n<p>&nbsp;Il n\u2019est donc pas trop tard pour se rappeler cette \u00e9vidence, que mart\u00e8lent depuis des mill\u00e9naires les penseurs de toutes les cultures, des Mazd\u00e9ens aux Egyptiens, des &nbsp;H\u00e9breux aux Grecs, &nbsp;des Chr\u00e9tiens aux Musulmans, des Chinois aux Anglosaxons, des griots &nbsp;africains aux&nbsp;gurus de la Silicon Valley&nbsp;: La recette de l\u2019impuissance est le chacun pour soi. La condition de la souverainet\u00e9 est la conjonction des&nbsp;talents.&nbsp;<\/p>\n\n\n\n<p>j@attali.com<\/p>\n","protected":false},"excerpt":{"rendered":"<p>Puisque le calendrier nous y invite, risquons-nous \u00e0 des pronostics pour les douze mois \u00e0 venir. A priori, 2022 devrait \u00eatre une ann\u00e9e tr\u00e8s difficile. En le sachant, en l\u2019anticipant, on peut \u00e9viter qu\u2019elle le soit.&nbsp;&nbsp; Il est assez ais\u00e9 d\u2019\u00e9tablir un scenario du pire&nbsp;: une pand\u00e9mie qui \u00e9chappe aux vaccins, un effondrement des march\u00e9s [&hellip;]<\/p>\n","protected":false},"author":1,"featured_media":2880,"comment_status":"open","ping_status":"open","sticky":false,"template":"","format":"standard","meta":{"pgc_sgb_lightbox_settings":""},"categories":[67],"tags":[],"yoast_head":"<!-- This site is optimized with the Yoast SEO plugin v15.9.2 - https:\/\/yoast.com\/wordpress\/plugins\/seo\/ -->\n<meta name=\"robots\" content=\"index, follow, max-snippet:-1, max-image-preview:large, max-video-preview:-1\" \/>\n<link rel=\"canonical\" href=\"https:\/\/najibmikou.com\/fr\/2022-lannee-de-limpuissance-ou-de-la-souverainete\/\" \/>\n<meta property=\"og:locale\" content=\"fr_FR\" \/>\n<meta property=\"og:type\" content=\"article\" \/>\n<meta property=\"og:title\" content=\"2022 : l\u2019ann\u00e9e de l\u2019impuissance ou de la souverainet\u00e9 ? - Najib MIKOU\" \/>\n<meta property=\"og:description\" content=\"Puisque le calendrier nous y invite, risquons-nous \u00e0 des pronostics pour les douze mois \u00e0 venir. A priori, 2022 devrait \u00eatre une ann\u00e9e tr\u00e8s difficile. En le sachant, en l\u2019anticipant, on peut \u00e9viter qu\u2019elle le soit.&nbsp;&nbsp; Il est assez ais\u00e9 d\u2019\u00e9tablir un scenario du pire&nbsp;: une pand\u00e9mie qui \u00e9chappe aux vaccins, un effondrement des march\u00e9s [&hellip;]\" \/>\n<meta property=\"og:url\" content=\"https:\/\/najibmikou.com\/fr\/2022-lannee-de-limpuissance-ou-de-la-souverainete\/\" \/>\n<meta property=\"og:site_name\" content=\"Najib MIKOU\" \/>\n<meta property=\"article:published_time\" content=\"2021-12-23T18:58:39+00:00\" \/>\n<meta property=\"article:modified_time\" content=\"2021-12-23T18:58:42+00:00\" \/>\n<meta property=\"og:image\" content=\"https:\/\/najibmikou.com\/fr\/wp-content\/uploads\/2021\/12\/1639576099333.jpeg\" \/>\n\t<meta property=\"og:image:width\" content=\"1066\" \/>\n\t<meta property=\"og:image:height\" content=\"720\" \/>\n<meta name=\"twitter:card\" content=\"summary_large_image\" \/>\n<meta name=\"twitter:label1\" content=\"Dur\u00e9e de lecture est.\">\n\t<meta name=\"twitter:data1\" content=\"4 minutes\">\n<script type=\"application\/ld+json\" class=\"yoast-schema-graph\">{\"@context\":\"https:\/\/schema.org\",\"@graph\":[{\"@type\":\"WebSite\",\"@id\":\"https:\/\/najibmikou.com\/fr\/#website\",\"url\":\"https:\/\/najibmikou.com\/fr\/\",\"name\":\"Najib MIKOU\",\"description\":\"\\u00c9crire c&#039;est contribuer \\u00e0 ce que le temps collectif ne se trompe pas de chemin\",\"potentialAction\":[{\"@type\":\"SearchAction\",\"target\":\"https:\/\/najibmikou.com\/fr\/?s={search_term_string}\",\"query-input\":\"required name=search_term_string\"}],\"inLanguage\":\"fr-FR\"},{\"@type\":\"ImageObject\",\"@id\":\"https:\/\/najibmikou.com\/fr\/2022-lannee-de-limpuissance-ou-de-la-souverainete\/#primaryimage\",\"inLanguage\":\"fr-FR\",\"url\":\"https:\/\/najibmikou.com\/fr\/wp-content\/uploads\/2021\/12\/1639576099333.jpeg\",\"width\":1066,\"height\":720},{\"@type\":\"WebPage\",\"@id\":\"https:\/\/najibmikou.com\/fr\/2022-lannee-de-limpuissance-ou-de-la-souverainete\/#webpage\",\"url\":\"https:\/\/najibmikou.com\/fr\/2022-lannee-de-limpuissance-ou-de-la-souverainete\/\",\"name\":\"2022 : l\\u2019ann\\u00e9e de l\\u2019impuissance ou de la souverainet\\u00e9 ? - Najib MIKOU\",\"isPartOf\":{\"@id\":\"https:\/\/najibmikou.com\/fr\/#website\"},\"primaryImageOfPage\":{\"@id\":\"https:\/\/najibmikou.com\/fr\/2022-lannee-de-limpuissance-ou-de-la-souverainete\/#primaryimage\"},\"datePublished\":\"2021-12-23T18:58:39+00:00\",\"dateModified\":\"2021-12-23T18:58:42+00:00\",\"author\":{\"@id\":\"https:\/\/najibmikou.com\/fr\/#\/schema\/person\/ad833ab699d080f01dced99b1891ec1e\"},\"breadcrumb\":{\"@id\":\"https:\/\/najibmikou.com\/fr\/2022-lannee-de-limpuissance-ou-de-la-souverainete\/#breadcrumb\"},\"inLanguage\":\"fr-FR\",\"potentialAction\":[{\"@type\":\"ReadAction\",\"target\":[\"https:\/\/najibmikou.com\/fr\/2022-lannee-de-limpuissance-ou-de-la-souverainete\/\"]}]},{\"@type\":\"BreadcrumbList\",\"@id\":\"https:\/\/najibmikou.com\/fr\/2022-lannee-de-limpuissance-ou-de-la-souverainete\/#breadcrumb\",\"itemListElement\":[{\"@type\":\"ListItem\",\"position\":1,\"item\":{\"@type\":\"WebPage\",\"@id\":\"https:\/\/najibmikou.com\/fr\/\",\"url\":\"https:\/\/najibmikou.com\/fr\/\",\"name\":\"Accueil\"}},{\"@type\":\"ListItem\",\"position\":2,\"item\":{\"@type\":\"WebPage\",\"@id\":\"https:\/\/najibmikou.com\/fr\/2022-lannee-de-limpuissance-ou-de-la-souverainete\/\",\"url\":\"https:\/\/najibmikou.com\/fr\/2022-lannee-de-limpuissance-ou-de-la-souverainete\/\",\"name\":\"2022 : l\\u2019ann\\u00e9e de l\\u2019impuissance ou de la souverainet\\u00e9 ?\"}}]},{\"@type\":\"Person\",\"@id\":\"https:\/\/najibmikou.com\/fr\/#\/schema\/person\/ad833ab699d080f01dced99b1891ec1e\",\"name\":\"Najib Mikou\",\"image\":{\"@type\":\"ImageObject\",\"@id\":\"https:\/\/najibmikou.com\/fr\/#personlogo\",\"inLanguage\":\"fr-FR\",\"url\":\"https:\/\/secure.gravatar.com\/avatar\/6dfd4a9a9096131eea6d80fb3de585a0?s=96&d=mm&r=g\",\"caption\":\"Najib Mikou\"},\"sameAs\":[\"http:\/\/najibmikou.com\/fr\"]}]}<\/script>\n<!-- \/ Yoast SEO plugin. -->","_links":{"self":[{"href":"https:\/\/najibmikou.com\/fr\/wp-json\/wp\/v2\/posts\/2879"}],"collection":[{"href":"https:\/\/najibmikou.com\/fr\/wp-json\/wp\/v2\/posts"}],"about":[{"href":"https:\/\/najibmikou.com\/fr\/wp-json\/wp\/v2\/types\/post"}],"author":[{"embeddable":true,"href":"https:\/\/najibmikou.com\/fr\/wp-json\/wp\/v2\/users\/1"}],"replies":[{"embeddable":true,"href":"https:\/\/najibmikou.com\/fr\/wp-json\/wp\/v2\/comments?post=2879"}],"version-history":[{"count":1,"href":"https:\/\/najibmikou.com\/fr\/wp-json\/wp\/v2\/posts\/2879\/revisions"}],"predecessor-version":[{"id":2881,"href":"https:\/\/najibmikou.com\/fr\/wp-json\/wp\/v2\/posts\/2879\/revisions\/2881"}],"wp:featuredmedia":[{"embeddable":true,"href":"https:\/\/najibmikou.com\/fr\/wp-json\/wp\/v2\/media\/2880"}],"wp:attachment":[{"href":"https:\/\/najibmikou.com\/fr\/wp-json\/wp\/v2\/media?parent=2879"}],"wp:term":[{"taxonomy":"category","embeddable":true,"href":"https:\/\/najibmikou.com\/fr\/wp-json\/wp\/v2\/categories?post=2879"},{"taxonomy":"post_tag","embeddable":true,"href":"https:\/\/najibmikou.com\/fr\/wp-json\/wp\/v2\/tags?post=2879"}],"curies":[{"name":"wp","href":"https:\/\/api.w.org\/{rel}","templated":true}]}}