{"id":2735,"date":"2021-12-14T23:06:04","date_gmt":"2021-12-14T22:06:04","guid":{"rendered":"https:\/\/najibmikou.com\/fr\/?p=2735"},"modified":"2021-12-14T23:06:07","modified_gmt":"2021-12-14T22:06:07","slug":"deces-de-pierre-rabhi","status":"publish","type":"post","link":"https:\/\/najibmikou.com\/fr\/deces-de-pierre-rabhi\/","title":{"rendered":"D\u00c9C\u00c8S de Pierre RABHI"},"content":{"rendered":"\n<p>C\u2019est avec beaucoup d\u2019\u00e9motion et une infinie tristesse que nous apprenons le d\u00e9c\u00e8s de Pierre Rabhi ce 4 d\u00e9cembre 2021 \u00e0 l\u2019\u00e2ge de 83 ans.<br>Paysan, pionnier de l\u2019agro\u00e9cologie, \u00e9crivain et conf\u00e9rencier, homme d\u2019engagement, enfant du d\u00e9sert devenu philosophe, Pierre Rabhi a \u00e9t\u00e9 nourri tout au long de sa vie par la beaut\u00e9 et l\u2019harmonie de l&#8217;univers. Il aura inlassablement \u0153uvr\u00e9 pour favoriser l\u2019av\u00e8nement d\u2019un monde humaniste et respectueux de la nature.<\/p>\n\n\n\n<p>N\u00e9 \u00e0 Kenadsa dans une oasis du d\u00e9sert alg\u00e9rien, il fut d\u00e9chir\u00e9 entre une origine musulmane et une \u00e9ducation chr\u00e9tienne, un cadre traditionnel et la modernit\u00e9. Petit employ\u00e9 de banque, puis ouvrier, travailleur immigr\u00e9 confront\u00e9 \u00e0 l\u2019absurdit\u00e9 de l\u2019univers urbain et de la vie en entreprise, il voulut exp\u00e9rimenter une autre fa\u00e7on de vivre en lien avec la nature. Il parvint, en compagnie de sa femme Mich\u00e8le et de leurs cinq enfants, \u00e0 vivre des ressources d\u2019une petite ferme en Ard\u00e8che &#8211; Montchamp &#8211; lieu cher \u00e0 son c\u0153ur, r\u00e9alisant ainsi son r\u00eave de retour et de recours \u00e0 la terre. C\u2019est au contact de la nature qu\u2019il forgera ses intimes convictions. Du sol caillouteux de sa ferme, il fera une oasis de verdure, laissant \u00e0 sa famille une terre fertile. Il cherchera \u00e0 partager et \u00e0 transmettre ses intuitions et son savoir agro\u00e9cologique et lan\u00e7a en France, en Afrique sah\u00e9lienne et au Maghreb, de nombreuses initiatives pour contribuer \u00e0 l\u2019autonomie, la s\u00e9curit\u00e9 et la salubrit\u00e9 alimentaires des populations.<br>Pendant pr\u00e8s de soixante ans, il a ainsi soutenu le d\u00e9veloppement de l\u2019agro\u00e9cologie \u00e0 travers le monde, participant \u00e0 la formation de milliers de paysans aux pratiques agricoles \u00e9cologiques (centre de Gorom-Gorom au Burkina Faso, au Niger, au Togo, au B\u00e9nin, au Maroc, en Tunisie, en Palestine ou en Mauritanie) t\u00e9moignant inlassablement de son parcours et r\u00e9pondant toujours avec humilit\u00e9 et bienveillance aux nombreuses sollicitations. Auteur d\u2019une vingtaine d\u2019ouvrages et de plusieurs dizaines de pr\u00e9faces, il rencontra une vaste audience avec son ouvrage Vers la Sobri\u00e9t\u00e9 heureuse, o\u00f9 il pr\u00f4ne la mod\u00e9ration et le respect de la nature. Pour des centaines de milliers de personnes, ce livre a \u00e9t\u00e9 le d\u00e9but d\u2019un chemin et un v\u00e9ritable \u00e9veil.<br>Initiateur de plusieurs ONG, partageant les valeurs de la Charte pour la Terre et l\u2019Humanisme qu\u2019il avait pos\u00e9es, et avec lesquelles il gardera tout au long de sa vie un lien privil\u00e9gi\u00e9, toujours soucieux de leur devenir, il r\u00e9p\u00e9tera sans se lasser que nous devons \u00ab d\u2019abord nous changer pour changer le monde \u00bb.<br>Nous le remercions du fond du c\u0153ur pour tout ce qu\u2019il nous apport\u00e9 : solidarit\u00e9, fraternit\u00e9 et humanit\u00e9. Sa mani\u00e8re d\u2019appr\u00e9hender le monde, de se pr\u00e9occuper du destin des plus d\u00e9munis et son amour de la Terre-m\u00e8re resteront une grande le\u00e7on pour nous tous.<\/p>\n\n\n\n<p>*Terre &amp; Humanisme, Les Amis de Solan, Les Amanins, Fonds de Dotation Pierre Rabhi, Mouvement Colibris, terre &amp; Humanisme Maroc, Coop\u00e9rative Oasis&#8230;<\/p>\n\n\n\n<p>Paix et amour &#8230;<\/p>\n\n\n\n<p><strong>Bernard GILLET<\/strong><br>Conseil et formateur pr\u00e8s d&#8217;Associations et ONG \u0153uvrant \u00e0 l&#8217;international, Afrique principalement.<\/p>\n","protected":false},"excerpt":{"rendered":"<p>C\u2019est avec beaucoup d\u2019\u00e9motion et une infinie tristesse que nous apprenons le d\u00e9c\u00e8s de Pierre Rabhi ce 4 d\u00e9cembre 2021 \u00e0 l\u2019\u00e2ge de 83 ans.Paysan, pionnier de l\u2019agro\u00e9cologie, \u00e9crivain et conf\u00e9rencier, homme d\u2019engagement, enfant du d\u00e9sert devenu philosophe, Pierre Rabhi a \u00e9t\u00e9 nourri tout au long de sa vie par la beaut\u00e9 et l\u2019harmonie de [&hellip;]<\/p>\n","protected":false},"author":1,"featured_media":2736,"comment_status":"open","ping_status":"open","sticky":false,"template":"","format":"standard","meta":{"pgc_sgb_lightbox_settings":""},"categories":[67],"tags":[],"yoast_head":"<!-- This site is optimized with the Yoast SEO plugin v15.9.2 - https:\/\/yoast.com\/wordpress\/plugins\/seo\/ -->\n<meta name=\"robots\" content=\"index, follow, max-snippet:-1, max-image-preview:large, max-video-preview:-1\" \/>\n<link rel=\"canonical\" href=\"https:\/\/najibmikou.com\/fr\/deces-de-pierre-rabhi\/\" \/>\n<meta property=\"og:locale\" content=\"fr_FR\" \/>\n<meta property=\"og:type\" content=\"article\" \/>\n<meta property=\"og:title\" content=\"D\u00c9C\u00c8S de Pierre RABHI - Najib MIKOU\" \/>\n<meta property=\"og:description\" content=\"C\u2019est avec beaucoup d\u2019\u00e9motion et une infinie tristesse que nous apprenons le d\u00e9c\u00e8s de Pierre Rabhi ce 4 d\u00e9cembre 2021 \u00e0 l\u2019\u00e2ge de 83 ans.Paysan, pionnier de l\u2019agro\u00e9cologie, \u00e9crivain et conf\u00e9rencier, homme d\u2019engagement, enfant du d\u00e9sert devenu philosophe, Pierre Rabhi a \u00e9t\u00e9 nourri tout au long de sa vie par la beaut\u00e9 et l\u2019harmonie de [&hellip;]\" \/>\n<meta property=\"og:url\" content=\"https:\/\/najibmikou.com\/fr\/deces-de-pierre-rabhi\/\" \/>\n<meta property=\"og:site_name\" content=\"Najib MIKOU\" \/>\n<meta property=\"article:published_time\" content=\"2021-12-14T22:06:04+00:00\" \/>\n<meta property=\"article:modified_time\" content=\"2021-12-14T22:06:07+00:00\" \/>\n<meta property=\"og:image\" content=\"https:\/\/najibmikou.com\/fr\/wp-content\/uploads\/2021\/12\/1638692573427.jpeg\" \/>\n\t<meta property=\"og:image:width\" content=\"656\" \/>\n\t<meta property=\"og:image:height\" content=\"656\" \/>\n<meta name=\"twitter:card\" content=\"summary_large_image\" \/>\n<meta name=\"twitter:label1\" content=\"Dur\u00e9e de lecture est.\">\n\t<meta name=\"twitter:data1\" content=\"3 minutes\">\n<script type=\"application\/ld+json\" class=\"yoast-schema-graph\">{\"@context\":\"https:\/\/schema.org\",\"@graph\":[{\"@type\":\"WebSite\",\"@id\":\"https:\/\/najibmikou.com\/fr\/#website\",\"url\":\"https:\/\/najibmikou.com\/fr\/\",\"name\":\"Najib MIKOU\",\"description\":\"\\u00c9crire c&#039;est contribuer \\u00e0 ce que le temps collectif ne se trompe pas de chemin\",\"potentialAction\":[{\"@type\":\"SearchAction\",\"target\":\"https:\/\/najibmikou.com\/fr\/?s={search_term_string}\",\"query-input\":\"required name=search_term_string\"}],\"inLanguage\":\"fr-FR\"},{\"@type\":\"ImageObject\",\"@id\":\"https:\/\/najibmikou.com\/fr\/deces-de-pierre-rabhi\/#primaryimage\",\"inLanguage\":\"fr-FR\",\"url\":\"https:\/\/najibmikou.com\/fr\/wp-content\/uploads\/2021\/12\/1638692573427.jpeg\",\"width\":656,\"height\":656},{\"@type\":\"WebPage\",\"@id\":\"https:\/\/najibmikou.com\/fr\/deces-de-pierre-rabhi\/#webpage\",\"url\":\"https:\/\/najibmikou.com\/fr\/deces-de-pierre-rabhi\/\",\"name\":\"D\\u00c9C\\u00c8S de Pierre RABHI - Najib MIKOU\",\"isPartOf\":{\"@id\":\"https:\/\/najibmikou.com\/fr\/#website\"},\"primaryImageOfPage\":{\"@id\":\"https:\/\/najibmikou.com\/fr\/deces-de-pierre-rabhi\/#primaryimage\"},\"datePublished\":\"2021-12-14T22:06:04+00:00\",\"dateModified\":\"2021-12-14T22:06:07+00:00\",\"author\":{\"@id\":\"https:\/\/najibmikou.com\/fr\/#\/schema\/person\/ad833ab699d080f01dced99b1891ec1e\"},\"breadcrumb\":{\"@id\":\"https:\/\/najibmikou.com\/fr\/deces-de-pierre-rabhi\/#breadcrumb\"},\"inLanguage\":\"fr-FR\",\"potentialAction\":[{\"@type\":\"ReadAction\",\"target\":[\"https:\/\/najibmikou.com\/fr\/deces-de-pierre-rabhi\/\"]}]},{\"@type\":\"BreadcrumbList\",\"@id\":\"https:\/\/najibmikou.com\/fr\/deces-de-pierre-rabhi\/#breadcrumb\",\"itemListElement\":[{\"@type\":\"ListItem\",\"position\":1,\"item\":{\"@type\":\"WebPage\",\"@id\":\"https:\/\/najibmikou.com\/fr\/\",\"url\":\"https:\/\/najibmikou.com\/fr\/\",\"name\":\"Accueil\"}},{\"@type\":\"ListItem\",\"position\":2,\"item\":{\"@type\":\"WebPage\",\"@id\":\"https:\/\/najibmikou.com\/fr\/deces-de-pierre-rabhi\/\",\"url\":\"https:\/\/najibmikou.com\/fr\/deces-de-pierre-rabhi\/\",\"name\":\"D\\u00c9C\\u00c8S de Pierre RABHI\"}}]},{\"@type\":\"Person\",\"@id\":\"https:\/\/najibmikou.com\/fr\/#\/schema\/person\/ad833ab699d080f01dced99b1891ec1e\",\"name\":\"Najib Mikou\",\"image\":{\"@type\":\"ImageObject\",\"@id\":\"https:\/\/najibmikou.com\/fr\/#personlogo\",\"inLanguage\":\"fr-FR\",\"url\":\"https:\/\/secure.gravatar.com\/avatar\/6dfd4a9a9096131eea6d80fb3de585a0?s=96&d=mm&r=g\",\"caption\":\"Najib Mikou\"},\"sameAs\":[\"http:\/\/najibmikou.com\/fr\"]}]}<\/script>\n<!-- \/ Yoast SEO plugin. -->","_links":{"self":[{"href":"https:\/\/najibmikou.com\/fr\/wp-json\/wp\/v2\/posts\/2735"}],"collection":[{"href":"https:\/\/najibmikou.com\/fr\/wp-json\/wp\/v2\/posts"}],"about":[{"href":"https:\/\/najibmikou.com\/fr\/wp-json\/wp\/v2\/types\/post"}],"author":[{"embeddable":true,"href":"https:\/\/najibmikou.com\/fr\/wp-json\/wp\/v2\/users\/1"}],"replies":[{"embeddable":true,"href":"https:\/\/najibmikou.com\/fr\/wp-json\/wp\/v2\/comments?post=2735"}],"version-history":[{"count":1,"href":"https:\/\/najibmikou.com\/fr\/wp-json\/wp\/v2\/posts\/2735\/revisions"}],"predecessor-version":[{"id":2737,"href":"https:\/\/najibmikou.com\/fr\/wp-json\/wp\/v2\/posts\/2735\/revisions\/2737"}],"wp:featuredmedia":[{"embeddable":true,"href":"https:\/\/najibmikou.com\/fr\/wp-json\/wp\/v2\/media\/2736"}],"wp:attachment":[{"href":"https:\/\/najibmikou.com\/fr\/wp-json\/wp\/v2\/media?parent=2735"}],"wp:term":[{"taxonomy":"category","embeddable":true,"href":"https:\/\/najibmikou.com\/fr\/wp-json\/wp\/v2\/categories?post=2735"},{"taxonomy":"post_tag","embeddable":true,"href":"https:\/\/najibmikou.com\/fr\/wp-json\/wp\/v2\/tags?post=2735"}],"curies":[{"name":"wp","href":"https:\/\/api.w.org\/{rel}","templated":true}]}}