{"id":2732,"date":"2021-12-14T23:01:20","date_gmt":"2021-12-14T22:01:20","guid":{"rendered":"https:\/\/najibmikou.com\/fr\/?p=2732"},"modified":"2021-12-14T23:01:23","modified_gmt":"2021-12-14T22:01:23","slug":"pierre-rabhi-michel-onfray-lascete-et-lhedoniste","status":"publish","type":"post","link":"https:\/\/najibmikou.com\/fr\/pierre-rabhi-michel-onfray-lascete-et-lhedoniste\/","title":{"rendered":"Pierre Rabhi, Michel Onfray. L\u2019asc\u00e8te et l\u2019h\u00e9doniste"},"content":{"rendered":"\n<p>Cela aurait d\u00fb \u00eatre un choc\u2009! Mais l\u2019affrontement annonc\u00e9 aura finalement donn\u00e9 lieu \u00e0 un \u00e9mouvant exercice de confession mutuelle o\u00f9, de souvenirs d\u2019enfance en \u00e9vocations de la figure du p\u00e8re, Michel Onfray r\u00eave de frugalit\u00e9 et Pierre Rabhi de jubilation. Un signe des temps, assur\u00e9ment.<\/p>\n\n\n\n<p><strong>On s\u2019attendait \u00e0 un vif affrontement entre deux pratiques et deux conceptions diam\u00e9tralement oppos\u00e9es du bonheur\u2009:<\/strong>\u00a0d\u2019un c\u00f4t\u00e9, l\u2019h\u00e9donisme solaire de Michel\u00a0<a href=\"https:\/\/philomag.com\/articles\/pierre-rabhi-michel-onfray-lascete-et-lhedoniste#node-27410\">Onfray<\/a>, qui n\u2019a de cesse depuis vingt-cinq ans de r\u00e9veiller en chacun le\u00a0<em>\u00ab\u00a0d\u00e9sir d\u2019\u00eatre un volcan\u00a0\u00bb<\/em>, invite nos existences \u00e0 se d\u00e9faire de la culture de la culpabilit\u00e9 h\u00e9rit\u00e9e de la civilisation jud\u00e9o-chr\u00e9tienne pour s\u2019adonner \u00e0 tous les plaisirs des sens et cueillir la rose de chaque jour\u2009; de l\u2019autre, l\u2019appel formul\u00e9 par l\u2019agro\u00e9cologiste Pierre Rabhi, depuis qu\u2019il a quitt\u00e9 Paris au d\u00e9but des ann\u00e9es 1960 pour se retirer dans une ferme en Ard\u00e8che, \u00e0 renoncer \u00e0 tous les plaisirs factices de la civilisation industrielle et cultiver une nouvelle asc\u00e8se, \u00e0 base de\u00a0<em>\u00ab\u00a0sobri\u00e9t\u00e9 heureuse\u00a0\u00bb<\/em>\u00a0et de respect de dame Nature. Nous nous attendions \u00e0 un \u00ab\u00a0clash\u00a0\u00bb en bonne et due forme, radical et profond. Et nous n\u2019avions pas \u00e9conomis\u00e9 notre \u00e9nergie pour le rendre possible\u2009: puisque nos deux h\u00e9rauts du bonheur ne pouvaient se rencontrer qu\u2019\u00e0 une seule date, non pas en Ard\u00e8che ou en Normandie, mais en Italie, \u00e0 Turin, o\u00f9 un week-end \u00e9tait organis\u00e9 autour du parcours de Pierre Rabhi par le festival Les Sentiers et les R\u00e9miges, nous avons embarqu\u00e9 Michel Onfray, tr\u00e8s motiv\u00e9 pour l\u2019occasion, depuis Argentan, dans l\u2019Orne, jusqu\u2019\u00e0 Turin,\u00a0<em>via<\/em>\u00a0Paris et Milan, dans un train, un avion et une voiture de location, pour le mener \u00e0 son contradicteur.<\/p>\n\n\n\n<p><a href=\"https:\/\/philomag.com\/articles\/pierre-rabhi-michel-onfray-lascete-et-lhedoniste\" target=\"_blank\" rel=\"noreferrer noopener\">Suite<\/a><\/p>\n","protected":false},"excerpt":{"rendered":"<p>Cela aurait d\u00fb \u00eatre un choc\u2009! Mais l\u2019affrontement annonc\u00e9 aura finalement donn\u00e9 lieu \u00e0 un \u00e9mouvant exercice de confession mutuelle o\u00f9, de souvenirs d\u2019enfance en \u00e9vocations de la figure du p\u00e8re, Michel Onfray r\u00eave de frugalit\u00e9 et Pierre Rabhi de jubilation. Un signe des temps, assur\u00e9ment. On s\u2019attendait \u00e0 un vif affrontement entre deux pratiques [&hellip;]<\/p>\n","protected":false},"author":1,"featured_media":2733,"comment_status":"open","ping_status":"open","sticky":false,"template":"","format":"standard","meta":{"pgc_sgb_lightbox_settings":""},"categories":[67],"tags":[],"yoast_head":"<!-- This site is optimized with the Yoast SEO plugin v15.9.2 - https:\/\/yoast.com\/wordpress\/plugins\/seo\/ -->\n<meta name=\"robots\" content=\"index, follow, max-snippet:-1, max-image-preview:large, max-video-preview:-1\" \/>\n<link rel=\"canonical\" href=\"https:\/\/najibmikou.com\/fr\/pierre-rabhi-michel-onfray-lascete-et-lhedoniste\/\" \/>\n<meta property=\"og:locale\" content=\"fr_FR\" \/>\n<meta property=\"og:type\" content=\"article\" \/>\n<meta property=\"og:title\" content=\"Pierre Rabhi, Michel Onfray. L\u2019asc\u00e8te et l\u2019h\u00e9doniste - Najib MIKOU\" \/>\n<meta property=\"og:description\" content=\"Cela aurait d\u00fb \u00eatre un choc\u2009! Mais l\u2019affrontement annonc\u00e9 aura finalement donn\u00e9 lieu \u00e0 un \u00e9mouvant exercice de confession mutuelle o\u00f9, de souvenirs d\u2019enfance en \u00e9vocations de la figure du p\u00e8re, Michel Onfray r\u00eave de frugalit\u00e9 et Pierre Rabhi de jubilation. Un signe des temps, assur\u00e9ment. On s\u2019attendait \u00e0 un vif affrontement entre deux pratiques [&hellip;]\" \/>\n<meta property=\"og:url\" content=\"https:\/\/najibmikou.com\/fr\/pierre-rabhi-michel-onfray-lascete-et-lhedoniste\/\" \/>\n<meta property=\"og:site_name\" content=\"Najib MIKOU\" \/>\n<meta property=\"article:published_time\" content=\"2021-12-14T22:01:20+00:00\" \/>\n<meta property=\"article:modified_time\" content=\"2021-12-14T22:01:23+00:00\" \/>\n<meta property=\"og:image\" content=\"https:\/\/najibmikou.com\/fr\/wp-content\/uploads\/2021\/12\/pmfr71rabhi-onfraydiana-bagnoli2.jpeg\" \/>\n\t<meta property=\"og:image:width\" content=\"1360\" \/>\n\t<meta property=\"og:image:height\" content=\"800\" \/>\n<meta name=\"twitter:card\" content=\"summary_large_image\" \/>\n<meta name=\"twitter:label1\" content=\"Dur\u00e9e de lecture est.\">\n\t<meta name=\"twitter:data1\" content=\"2 minutes\">\n<script type=\"application\/ld+json\" class=\"yoast-schema-graph\">{\"@context\":\"https:\/\/schema.org\",\"@graph\":[{\"@type\":\"WebSite\",\"@id\":\"https:\/\/najibmikou.com\/fr\/#website\",\"url\":\"https:\/\/najibmikou.com\/fr\/\",\"name\":\"Najib MIKOU\",\"description\":\"\\u00c9crire c&#039;est contribuer \\u00e0 ce que le temps collectif ne se trompe pas de chemin\",\"potentialAction\":[{\"@type\":\"SearchAction\",\"target\":\"https:\/\/najibmikou.com\/fr\/?s={search_term_string}\",\"query-input\":\"required name=search_term_string\"}],\"inLanguage\":\"fr-FR\"},{\"@type\":\"ImageObject\",\"@id\":\"https:\/\/najibmikou.com\/fr\/pierre-rabhi-michel-onfray-lascete-et-lhedoniste\/#primaryimage\",\"inLanguage\":\"fr-FR\",\"url\":\"https:\/\/najibmikou.com\/fr\/wp-content\/uploads\/2021\/12\/pmfr71rabhi-onfraydiana-bagnoli2.jpeg\",\"width\":1360,\"height\":800},{\"@type\":\"WebPage\",\"@id\":\"https:\/\/najibmikou.com\/fr\/pierre-rabhi-michel-onfray-lascete-et-lhedoniste\/#webpage\",\"url\":\"https:\/\/najibmikou.com\/fr\/pierre-rabhi-michel-onfray-lascete-et-lhedoniste\/\",\"name\":\"Pierre Rabhi, Michel Onfray. L\\u2019asc\\u00e8te et l\\u2019h\\u00e9doniste - Najib MIKOU\",\"isPartOf\":{\"@id\":\"https:\/\/najibmikou.com\/fr\/#website\"},\"primaryImageOfPage\":{\"@id\":\"https:\/\/najibmikou.com\/fr\/pierre-rabhi-michel-onfray-lascete-et-lhedoniste\/#primaryimage\"},\"datePublished\":\"2021-12-14T22:01:20+00:00\",\"dateModified\":\"2021-12-14T22:01:23+00:00\",\"author\":{\"@id\":\"https:\/\/najibmikou.com\/fr\/#\/schema\/person\/ad833ab699d080f01dced99b1891ec1e\"},\"breadcrumb\":{\"@id\":\"https:\/\/najibmikou.com\/fr\/pierre-rabhi-michel-onfray-lascete-et-lhedoniste\/#breadcrumb\"},\"inLanguage\":\"fr-FR\",\"potentialAction\":[{\"@type\":\"ReadAction\",\"target\":[\"https:\/\/najibmikou.com\/fr\/pierre-rabhi-michel-onfray-lascete-et-lhedoniste\/\"]}]},{\"@type\":\"BreadcrumbList\",\"@id\":\"https:\/\/najibmikou.com\/fr\/pierre-rabhi-michel-onfray-lascete-et-lhedoniste\/#breadcrumb\",\"itemListElement\":[{\"@type\":\"ListItem\",\"position\":1,\"item\":{\"@type\":\"WebPage\",\"@id\":\"https:\/\/najibmikou.com\/fr\/\",\"url\":\"https:\/\/najibmikou.com\/fr\/\",\"name\":\"Accueil\"}},{\"@type\":\"ListItem\",\"position\":2,\"item\":{\"@type\":\"WebPage\",\"@id\":\"https:\/\/najibmikou.com\/fr\/pierre-rabhi-michel-onfray-lascete-et-lhedoniste\/\",\"url\":\"https:\/\/najibmikou.com\/fr\/pierre-rabhi-michel-onfray-lascete-et-lhedoniste\/\",\"name\":\"Pierre Rabhi, Michel Onfray. L\\u2019asc\\u00e8te et l\\u2019h\\u00e9doniste\"}}]},{\"@type\":\"Person\",\"@id\":\"https:\/\/najibmikou.com\/fr\/#\/schema\/person\/ad833ab699d080f01dced99b1891ec1e\",\"name\":\"Najib Mikou\",\"image\":{\"@type\":\"ImageObject\",\"@id\":\"https:\/\/najibmikou.com\/fr\/#personlogo\",\"inLanguage\":\"fr-FR\",\"url\":\"https:\/\/secure.gravatar.com\/avatar\/6dfd4a9a9096131eea6d80fb3de585a0?s=96&d=mm&r=g\",\"caption\":\"Najib Mikou\"},\"sameAs\":[\"http:\/\/najibmikou.com\/fr\"]}]}<\/script>\n<!-- \/ Yoast SEO plugin. -->","_links":{"self":[{"href":"https:\/\/najibmikou.com\/fr\/wp-json\/wp\/v2\/posts\/2732"}],"collection":[{"href":"https:\/\/najibmikou.com\/fr\/wp-json\/wp\/v2\/posts"}],"about":[{"href":"https:\/\/najibmikou.com\/fr\/wp-json\/wp\/v2\/types\/post"}],"author":[{"embeddable":true,"href":"https:\/\/najibmikou.com\/fr\/wp-json\/wp\/v2\/users\/1"}],"replies":[{"embeddable":true,"href":"https:\/\/najibmikou.com\/fr\/wp-json\/wp\/v2\/comments?post=2732"}],"version-history":[{"count":1,"href":"https:\/\/najibmikou.com\/fr\/wp-json\/wp\/v2\/posts\/2732\/revisions"}],"predecessor-version":[{"id":2734,"href":"https:\/\/najibmikou.com\/fr\/wp-json\/wp\/v2\/posts\/2732\/revisions\/2734"}],"wp:featuredmedia":[{"embeddable":true,"href":"https:\/\/najibmikou.com\/fr\/wp-json\/wp\/v2\/media\/2733"}],"wp:attachment":[{"href":"https:\/\/najibmikou.com\/fr\/wp-json\/wp\/v2\/media?parent=2732"}],"wp:term":[{"taxonomy":"category","embeddable":true,"href":"https:\/\/najibmikou.com\/fr\/wp-json\/wp\/v2\/categories?post=2732"},{"taxonomy":"post_tag","embeddable":true,"href":"https:\/\/najibmikou.com\/fr\/wp-json\/wp\/v2\/tags?post=2732"}],"curies":[{"name":"wp","href":"https:\/\/api.w.org\/{rel}","templated":true}]}}