{"id":2730,"date":"2021-12-14T22:58:30","date_gmt":"2021-12-14T21:58:30","guid":{"rendered":"https:\/\/najibmikou.com\/fr\/?p=2730"},"modified":"2021-12-14T22:58:33","modified_gmt":"2021-12-14T21:58:33","slug":"je-le-sais-mais-je-fais-ma-part-dit-le-defunt-pierre-rabhi-jen-fais-de-meme","status":"publish","type":"post","link":"https:\/\/najibmikou.com\/fr\/je-le-sais-mais-je-fais-ma-part-dit-le-defunt-pierre-rabhi-jen-fais-de-meme\/","title":{"rendered":"&#8220;Je le sais, mais je fais ma part&#8221; dit le d\u00e9funt Pierre Rabhi. J&#8217;en fais de m\u00eame"},"content":{"rendered":"\n<p>Un homme universel parmi de rares humains hors du commun, nous a quitt\u00e9 \u00e0 la vie \u00e9ternelle. Pierre Rabhi d\u00e9c\u00e9d\u00e9 hier, m&#8217;a toujours fascin\u00e9 par la grandeur de son esprit, l&#8217;immensit\u00e9 de ses r\u00e9flexions, la force de ses convictions, l&#8217;amplitude de son universalit\u00e9, l&#8217;exception de son humanisme, la densit\u00e9 de son action, la sobri\u00e9t\u00e9 de son \u00eatre et l&#8217;humilit\u00e9 de son \u00e2me.<\/p>\n\n\n\n<p>Je ne te l&#8217;ai jamais ni \u00e9crit ni encore moins dit : oui tu fais partie du tr\u00e8s peu de femmes et d&#8217;hommes d&#8217;exception qui ont forc\u00e9 ma grande admiration \u00e0 travers les temps, et avec qui je me sens totalement align\u00e9 par ce don de soi, par cet altruisme ind\u00e9fectible, par cet \u00e9lan infatigable, par cette g\u00e9n\u00e9rosit\u00e9 inlassable, \u00e0 vouloir, \u00e0 devoir agir, pour me sentir utile pour mes concitoyens, pour mon pays, dans une sobri\u00e9t\u00e9 heureuse et une culpabilit\u00e9 du jamais assez, jusqu&#8217;au dernier soupir.<\/p>\n\n\n\n<p>Tu te plaisais \u00e0 te demander s&#8217;il existe une vie avant la mort, alors que tu as pleinement v\u00e9cu, intens\u00e9ment exist\u00e9.<\/p>\n\n\n\n<p>Je t&#8217;avoue que tu faisais jubiler mes neurones et mes m\u00e9ninges \u00e0 t&#8217;entendre le dire et le r\u00e9p\u00e9ter, parce que c&#8217;\u00e9tait ton invitation d\u00e9licate \u00e0 nous autres humains, \u00e0 \u0153uvrer pour exister au lieu de se contenter de vivre.<\/p>\n\n\n\n<p>J&#8217;en ai fait le sens et le socle de ma vie, de mon action et de mon soupir de tous les instants : vivre pour exister par-del\u00e0 mes \u00e9go\u00efsmes, \u00e0 travers ce bonheur inou\u00ef, de r\u00e9fl\u00e9chir, d&#8217;esp\u00e9rer, d&#8217;\u00eatre pr\u00e9sent, d&#8217;\u00e9crire, de partager, de proposer, de provoquer, de faire, d&#8217;\u0153uvrer, d&#8217;initier, d&#8217;interpeller, de donner, d&#8217;aider, d&#8217;y croire, de tenter, de risquer, d&#8217;encourager, de servir, d&#8217;agir pour un meilleur bien-\u00eatre et bien-vivre collectif.<\/p>\n\n\n\n<p>Bref, de &#8220;faire ma part&#8221; dans un d\u00e9passement permanent de soi, sans JAMAIS de r\u00e9pit, sans JAMAIS de logique de pertes et profits, sans JAMAIS d&#8217;appr\u00e9hension du qu&#8217;en dira-t-on ou du qu&#8217;adviendra-t-il, sans JAMAIS de recherche du moindre retour sur engagement, et malgr\u00e9 TOUS les coups durs, TR\u00c8S durs.<\/p>\n\n\n\n<p>Repose en paix cher confr\u00e8re, juste le temps que jaillisse l&#8217;au-del\u00e0, car de grands chantiers t&#8217;y attendent, m\u00eame si tout y est d\u00e9j\u00e0 parfait, tellement tu es incapable de cesser de donner de ton toi-m\u00eame, dans une recherche effr\u00e9n\u00e9e du meilleur pour tes semblables, pour l&#8217;environnement.<\/p>\n\n\n\n<p>Je me fais le devoir et le plaisir de partager ici un beau t\u00e9moignage du sens et de la consistance de tes pens\u00e9es et de ton action :<\/p>\n\n\n\n<div class=\"wp-block-image\"><figure class=\"aligncenter\"><img src=\"https:\/\/media-exp1.licdn.com\/dms\/image\/C4E22AQFKPG9kKYQnyA\/feedshare-shrink_2048_1536\/0\/1638700298033?e=1642636800&amp;v=beta&amp;t=5vti6fBsxSmRPZSqlB-AcYjI3cei2sRoBfaOWoEomyw\" alt=\"Aper\u00e7u de l\u2019image\"\/><\/figure><\/div>\n\n\n\n<p><strong>Najib Mikou<br><\/strong>Consultant Prospective et Etudes Strat\u00e9giques<\/p>\n","protected":false},"excerpt":{"rendered":"<p>Un homme universel parmi de rares humains hors du commun, nous a quitt\u00e9 \u00e0 la vie \u00e9ternelle. Pierre Rabhi d\u00e9c\u00e9d\u00e9 hier, m&#8217;a toujours fascin\u00e9 par la grandeur de son esprit, l&#8217;immensit\u00e9 de ses r\u00e9flexions, la force de ses convictions, l&#8217;amplitude de son universalit\u00e9, l&#8217;exception de son humanisme, la densit\u00e9 de son action, la sobri\u00e9t\u00e9 de [&hellip;]<\/p>\n","protected":false},"author":1,"featured_media":1667,"comment_status":"open","ping_status":"open","sticky":false,"template":"","format":"standard","meta":{"pgc_sgb_lightbox_settings":""},"categories":[17],"tags":[],"yoast_head":"<!-- This site is optimized with the Yoast SEO plugin v15.9.2 - https:\/\/yoast.com\/wordpress\/plugins\/seo\/ -->\n<meta name=\"robots\" content=\"index, follow, max-snippet:-1, max-image-preview:large, max-video-preview:-1\" \/>\n<link rel=\"canonical\" href=\"https:\/\/najibmikou.com\/fr\/je-le-sais-mais-je-fais-ma-part-dit-le-defunt-pierre-rabhi-jen-fais-de-meme\/\" \/>\n<meta property=\"og:locale\" content=\"fr_FR\" \/>\n<meta property=\"og:type\" content=\"article\" \/>\n<meta property=\"og:title\" content=\"&quot;Je le sais, mais je fais ma part&quot; dit le d\u00e9funt Pierre Rabhi. J&#039;en fais de m\u00eame - Najib MIKOU\" \/>\n<meta property=\"og:description\" content=\"Un homme universel parmi de rares humains hors du commun, nous a quitt\u00e9 \u00e0 la vie \u00e9ternelle. Pierre Rabhi d\u00e9c\u00e9d\u00e9 hier, m&#8217;a toujours fascin\u00e9 par la grandeur de son esprit, l&#8217;immensit\u00e9 de ses r\u00e9flexions, la force de ses convictions, l&#8217;amplitude de son universalit\u00e9, l&#8217;exception de son humanisme, la densit\u00e9 de son action, la sobri\u00e9t\u00e9 de [&hellip;]\" \/>\n<meta property=\"og:url\" content=\"https:\/\/najibmikou.com\/fr\/je-le-sais-mais-je-fais-ma-part-dit-le-defunt-pierre-rabhi-jen-fais-de-meme\/\" \/>\n<meta property=\"og:site_name\" content=\"Najib MIKOU\" \/>\n<meta property=\"article:published_time\" content=\"2021-12-14T21:58:30+00:00\" \/>\n<meta property=\"article:modified_time\" content=\"2021-12-14T21:58:33+00:00\" \/>\n<meta property=\"og:image\" content=\"https:\/\/najibmikou.com\/fr\/wp-content\/uploads\/2021\/03\/najibmikou.jpeg\" \/>\n\t<meta property=\"og:image:width\" content=\"699\" \/>\n\t<meta property=\"og:image:height\" content=\"400\" \/>\n<meta name=\"twitter:card\" content=\"summary_large_image\" \/>\n<meta name=\"twitter:label1\" content=\"Dur\u00e9e de lecture est.\">\n\t<meta name=\"twitter:data1\" content=\"2 minutes\">\n<script type=\"application\/ld+json\" class=\"yoast-schema-graph\">{\"@context\":\"https:\/\/schema.org\",\"@graph\":[{\"@type\":\"WebSite\",\"@id\":\"https:\/\/najibmikou.com\/fr\/#website\",\"url\":\"https:\/\/najibmikou.com\/fr\/\",\"name\":\"Najib MIKOU\",\"description\":\"\\u00c9crire c&#039;est contribuer \\u00e0 ce que le temps collectif ne se trompe pas de chemin\",\"potentialAction\":[{\"@type\":\"SearchAction\",\"target\":\"https:\/\/najibmikou.com\/fr\/?s={search_term_string}\",\"query-input\":\"required name=search_term_string\"}],\"inLanguage\":\"fr-FR\"},{\"@type\":\"ImageObject\",\"@id\":\"https:\/\/najibmikou.com\/fr\/je-le-sais-mais-je-fais-ma-part-dit-le-defunt-pierre-rabhi-jen-fais-de-meme\/#primaryimage\",\"inLanguage\":\"fr-FR\",\"url\":\"https:\/\/najibmikou.com\/fr\/wp-content\/uploads\/2021\/03\/najibmikou.jpeg\",\"width\":699,\"height\":400},{\"@type\":\"WebPage\",\"@id\":\"https:\/\/najibmikou.com\/fr\/je-le-sais-mais-je-fais-ma-part-dit-le-defunt-pierre-rabhi-jen-fais-de-meme\/#webpage\",\"url\":\"https:\/\/najibmikou.com\/fr\/je-le-sais-mais-je-fais-ma-part-dit-le-defunt-pierre-rabhi-jen-fais-de-meme\/\",\"name\":\"\\\"Je le sais, mais je fais ma part\\\" dit le d\\u00e9funt Pierre Rabhi. J'en fais de m\\u00eame - Najib MIKOU\",\"isPartOf\":{\"@id\":\"https:\/\/najibmikou.com\/fr\/#website\"},\"primaryImageOfPage\":{\"@id\":\"https:\/\/najibmikou.com\/fr\/je-le-sais-mais-je-fais-ma-part-dit-le-defunt-pierre-rabhi-jen-fais-de-meme\/#primaryimage\"},\"datePublished\":\"2021-12-14T21:58:30+00:00\",\"dateModified\":\"2021-12-14T21:58:33+00:00\",\"author\":{\"@id\":\"https:\/\/najibmikou.com\/fr\/#\/schema\/person\/ad833ab699d080f01dced99b1891ec1e\"},\"breadcrumb\":{\"@id\":\"https:\/\/najibmikou.com\/fr\/je-le-sais-mais-je-fais-ma-part-dit-le-defunt-pierre-rabhi-jen-fais-de-meme\/#breadcrumb\"},\"inLanguage\":\"fr-FR\",\"potentialAction\":[{\"@type\":\"ReadAction\",\"target\":[\"https:\/\/najibmikou.com\/fr\/je-le-sais-mais-je-fais-ma-part-dit-le-defunt-pierre-rabhi-jen-fais-de-meme\/\"]}]},{\"@type\":\"BreadcrumbList\",\"@id\":\"https:\/\/najibmikou.com\/fr\/je-le-sais-mais-je-fais-ma-part-dit-le-defunt-pierre-rabhi-jen-fais-de-meme\/#breadcrumb\",\"itemListElement\":[{\"@type\":\"ListItem\",\"position\":1,\"item\":{\"@type\":\"WebPage\",\"@id\":\"https:\/\/najibmikou.com\/fr\/\",\"url\":\"https:\/\/najibmikou.com\/fr\/\",\"name\":\"Accueil\"}},{\"@type\":\"ListItem\",\"position\":2,\"item\":{\"@type\":\"WebPage\",\"@id\":\"https:\/\/najibmikou.com\/fr\/je-le-sais-mais-je-fais-ma-part-dit-le-defunt-pierre-rabhi-jen-fais-de-meme\/\",\"url\":\"https:\/\/najibmikou.com\/fr\/je-le-sais-mais-je-fais-ma-part-dit-le-defunt-pierre-rabhi-jen-fais-de-meme\/\",\"name\":\"&#8220;Je le sais, mais je fais ma part&#8221; dit le d\\u00e9funt Pierre Rabhi. J&#8217;en fais de m\\u00eame\"}}]},{\"@type\":\"Person\",\"@id\":\"https:\/\/najibmikou.com\/fr\/#\/schema\/person\/ad833ab699d080f01dced99b1891ec1e\",\"name\":\"Najib Mikou\",\"image\":{\"@type\":\"ImageObject\",\"@id\":\"https:\/\/najibmikou.com\/fr\/#personlogo\",\"inLanguage\":\"fr-FR\",\"url\":\"https:\/\/secure.gravatar.com\/avatar\/6dfd4a9a9096131eea6d80fb3de585a0?s=96&d=mm&r=g\",\"caption\":\"Najib Mikou\"},\"sameAs\":[\"http:\/\/najibmikou.com\/fr\"]}]}<\/script>\n<!-- \/ Yoast SEO plugin. -->","_links":{"self":[{"href":"https:\/\/najibmikou.com\/fr\/wp-json\/wp\/v2\/posts\/2730"}],"collection":[{"href":"https:\/\/najibmikou.com\/fr\/wp-json\/wp\/v2\/posts"}],"about":[{"href":"https:\/\/najibmikou.com\/fr\/wp-json\/wp\/v2\/types\/post"}],"author":[{"embeddable":true,"href":"https:\/\/najibmikou.com\/fr\/wp-json\/wp\/v2\/users\/1"}],"replies":[{"embeddable":true,"href":"https:\/\/najibmikou.com\/fr\/wp-json\/wp\/v2\/comments?post=2730"}],"version-history":[{"count":1,"href":"https:\/\/najibmikou.com\/fr\/wp-json\/wp\/v2\/posts\/2730\/revisions"}],"predecessor-version":[{"id":2731,"href":"https:\/\/najibmikou.com\/fr\/wp-json\/wp\/v2\/posts\/2730\/revisions\/2731"}],"wp:featuredmedia":[{"embeddable":true,"href":"https:\/\/najibmikou.com\/fr\/wp-json\/wp\/v2\/media\/1667"}],"wp:attachment":[{"href":"https:\/\/najibmikou.com\/fr\/wp-json\/wp\/v2\/media?parent=2730"}],"wp:term":[{"taxonomy":"category","embeddable":true,"href":"https:\/\/najibmikou.com\/fr\/wp-json\/wp\/v2\/categories?post=2730"},{"taxonomy":"post_tag","embeddable":true,"href":"https:\/\/najibmikou.com\/fr\/wp-json\/wp\/v2\/tags?post=2730"}],"curies":[{"name":"wp","href":"https:\/\/api.w.org\/{rel}","templated":true}]}}