{"id":2727,"date":"2021-12-14T22:53:54","date_gmt":"2021-12-14T21:53:54","guid":{"rendered":"https:\/\/najibmikou.com\/fr\/?p=2727"},"modified":"2021-12-14T22:53:56","modified_gmt":"2021-12-14T21:53:56","slug":"philippe-joseph-salazar-la-politique-dans-nos-democraties-se-reduit-beaucoup-a-des-prestations-de-parole-sans-enjeu-rhetorique-reel","status":"publish","type":"post","link":"https:\/\/najibmikou.com\/fr\/philippe-joseph-salazar-la-politique-dans-nos-democraties-se-reduit-beaucoup-a-des-prestations-de-parole-sans-enjeu-rhetorique-reel\/","title":{"rendered":"Philippe-Joseph Salazar : \u201cLa politique, dans nos d\u00e9mocraties, se r\u00e9duit beaucoup \u00e0 des prestations de parole sans enjeu rh\u00e9torique r\u00e9el\u201d"},"content":{"rendered":"\n<p>Pour le philosophe&nbsp;<strong>Philippe-Joseph Salazar<\/strong>, il convient de distinguer rh\u00e9torique, \u00e9loquence et art oratoire. Mais aussi communication et rh\u00e9torique. Exercice politique propre \u00e0 la d\u00e9mocratie, la rh\u00e9torique est menac\u00e9e de d\u00e9p\u00e9rir, \u00e0 confondre argumentation et sollicitation d\u2019\u00e9motions \u00e9ph\u00e9m\u00e8res. S\u2019agit-il de persuader ou d\u2019impressionner&nbsp;?<\/p>\n\n\n\n<p><strong>Rh\u00e9torique, \u00e9loquence, art oratoire\u2026 quelle diff\u00e9rence faites-vous entre ces termes<\/strong><strong>?<\/strong><\/p>\n\n\n\n<p>J\u2019ai tendance \u00e0 r\u00e9server \u00ab\u2009art oratoire\u2009\u00bb pour toute forme de prestation \u00e9loquente qui implique une croyance religieuse \u2013\u00a0le sermon, par exemple\u00a0\u2013 ou id\u00e9ologique tellement forte qu\u2019il est impossible pour l\u2019auditoire-cible de n\u2019\u00eatre pas d\u2019accord. L\u2019auditoire est captif ou acquis \u00e0 des croyances ass\u00e9n\u00e9es comme des v\u00e9rit\u00e9s qui ne font pas l\u2019objet de d\u00e9bat. C\u2019est \u00e9tranger \u00e0 l\u2019art et \u00e0 la rh\u00e9torique qui consiste \u00e0 argumenter sur des termes souvent mal d\u00e9finis, des concepts vagues, des opinions transitoires, qui n\u2019ont aucune valeur de v\u00e9rit\u00e9 en dehors du groupe concern\u00e9. Le rh\u00e9teur doit en effet s\u2019adapter au public auquel il s\u2019adresse pour se brancher sur ce que ce public-l\u00e0, devant lui, croit \u00eatre telle ou telle v\u00e9rit\u00e9. Par \u00ab\u00a0rh\u00e9teur\u00a0\u00bb, j\u2019entends celui qui con\u00e7oit un discours, par opposition \u00e0 \u00ab\u2009orateur\u2009\u00bb, qui en donne la performance. Bref, un bon rh\u00e9teur ou orateur devrait \u00eatre capable, le lendemain, de fabriquer ou de tenir un discours aussi persuasif mais diff\u00e9rent devant un auditoire aux opinions autres. Dans certaines grandes \u00e9coles, les \u00e9l\u00e8ves s\u2019entra\u00eenent \u00e0 des prestations dites d\u2019\u00e9loquence. L\u2019effet est souvent r\u00e9ussi\u2026 mais le discours est prononc\u00e9 devant un public acquis et conquis d\u2019avance du fait m\u00eame du rituel scolaire. Ils sont \u00e9loquents, ils \u00ab\u2009parlent bien\u2009\u00bb, plus ou moins, mais c\u2019est une mise en sc\u00e8ne. Devant une foule en col\u00e8re, les choses sont bien autres. Il existe donc deux prestations diff\u00e9rentes de parole \u00e9loquente\u2009: une prestation devant un public homog\u00e8ne, conquis \u2013\u00a0ou acquis\u00a0\u2013 d\u2019avance, et nous sommes plus dans l\u2019art oratoire\u2009; ou une prestation de persuasion en direction d\u2019un public h\u00e9t\u00e9rog\u00e8ne qui peut tr\u00e8s bien se dire qu\u2019on lui raconte n\u2019importe quoi, et l\u00e0 nous sommes v\u00e9ritablement en rh\u00e9torique.\u00a0<\/p>\n\n\n\n<p><a href=\"https:\/\/www-philomag-com.cdn.ampproject.org\/c\/s\/www.philomag.com\/articles\/philippe-joseph-salazar-la-politique-dans-nos-democraties-se-reduit-beaucoup-des?amp\" target=\"_blank\" rel=\"noreferrer noopener\">Suite<\/a><\/p>\n","protected":false},"excerpt":{"rendered":"<p>Pour le philosophe&nbsp;Philippe-Joseph Salazar, il convient de distinguer rh\u00e9torique, \u00e9loquence et art oratoire. Mais aussi communication et rh\u00e9torique. Exercice politique propre \u00e0 la d\u00e9mocratie, la rh\u00e9torique est menac\u00e9e de d\u00e9p\u00e9rir, \u00e0 confondre argumentation et sollicitation d\u2019\u00e9motions \u00e9ph\u00e9m\u00e8res. S\u2019agit-il de persuader ou d\u2019impressionner&nbsp;? Rh\u00e9torique, \u00e9loquence, art oratoire\u2026 quelle diff\u00e9rence faites-vous entre ces termes? J\u2019ai tendance \u00e0 [&hellip;]<\/p>\n","protected":false},"author":1,"featured_media":2728,"comment_status":"open","ping_status":"open","sticky":false,"template":"","format":"standard","meta":{"pgc_sgb_lightbox_settings":""},"categories":[67],"tags":[],"yoast_head":"<!-- This site is optimized with the Yoast SEO plugin v15.9.2 - https:\/\/yoast.com\/wordpress\/plugins\/seo\/ -->\n<meta name=\"robots\" content=\"index, follow, max-snippet:-1, max-image-preview:large, max-video-preview:-1\" \/>\n<link rel=\"canonical\" href=\"https:\/\/najibmikou.com\/fr\/philippe-joseph-salazar-la-politique-dans-nos-democraties-se-reduit-beaucoup-a-des-prestations-de-parole-sans-enjeu-rhetorique-reel\/\" \/>\n<meta property=\"og:locale\" content=\"fr_FR\" \/>\n<meta property=\"og:type\" content=\"article\" \/>\n<meta property=\"og:title\" content=\"Philippe-Joseph Salazar : \u201cLa politique, dans nos d\u00e9mocraties, se r\u00e9duit beaucoup \u00e0 des prestations de parole sans enjeu rh\u00e9torique r\u00e9el\u201d - Najib MIKOU\" \/>\n<meta property=\"og:description\" content=\"Pour le philosophe&nbsp;Philippe-Joseph Salazar, il convient de distinguer rh\u00e9torique, \u00e9loquence et art oratoire. Mais aussi communication et rh\u00e9torique. Exercice politique propre \u00e0 la d\u00e9mocratie, la rh\u00e9torique est menac\u00e9e de d\u00e9p\u00e9rir, \u00e0 confondre argumentation et sollicitation d\u2019\u00e9motions \u00e9ph\u00e9m\u00e8res. S\u2019agit-il de persuader ou d\u2019impressionner&nbsp;? Rh\u00e9torique, \u00e9loquence, art oratoire\u2026 quelle diff\u00e9rence faites-vous entre ces termes? J\u2019ai tendance \u00e0 [&hellip;]\" \/>\n<meta property=\"og:url\" content=\"https:\/\/najibmikou.com\/fr\/philippe-joseph-salazar-la-politique-dans-nos-democraties-se-reduit-beaucoup-a-des-prestations-de-parole-sans-enjeu-rhetorique-reel\/\" \/>\n<meta property=\"og:site_name\" content=\"Najib MIKOU\" \/>\n<meta property=\"article:published_time\" content=\"2021-12-14T21:53:54+00:00\" \/>\n<meta property=\"article:modified_time\" content=\"2021-12-14T21:53:56+00:00\" \/>\n<meta property=\"og:image\" content=\"https:\/\/najibmikou.com\/fr\/wp-content\/uploads\/2021\/12\/web-salazar.jpeg\" \/>\n\t<meta property=\"og:image:width\" content=\"1260\" \/>\n\t<meta property=\"og:image:height\" content=\"600\" \/>\n<meta name=\"twitter:card\" content=\"summary_large_image\" \/>\n<meta name=\"twitter:label1\" content=\"Dur\u00e9e de lecture est.\">\n\t<meta name=\"twitter:data1\" content=\"2 minutes\">\n<script type=\"application\/ld+json\" class=\"yoast-schema-graph\">{\"@context\":\"https:\/\/schema.org\",\"@graph\":[{\"@type\":\"WebSite\",\"@id\":\"https:\/\/najibmikou.com\/fr\/#website\",\"url\":\"https:\/\/najibmikou.com\/fr\/\",\"name\":\"Najib MIKOU\",\"description\":\"\\u00c9crire c&#039;est contribuer \\u00e0 ce que le temps collectif ne se trompe pas de chemin\",\"potentialAction\":[{\"@type\":\"SearchAction\",\"target\":\"https:\/\/najibmikou.com\/fr\/?s={search_term_string}\",\"query-input\":\"required name=search_term_string\"}],\"inLanguage\":\"fr-FR\"},{\"@type\":\"ImageObject\",\"@id\":\"https:\/\/najibmikou.com\/fr\/philippe-joseph-salazar-la-politique-dans-nos-democraties-se-reduit-beaucoup-a-des-prestations-de-parole-sans-enjeu-rhetorique-reel\/#primaryimage\",\"inLanguage\":\"fr-FR\",\"url\":\"https:\/\/najibmikou.com\/fr\/wp-content\/uploads\/2021\/12\/web-salazar.jpeg\",\"width\":1260,\"height\":600},{\"@type\":\"WebPage\",\"@id\":\"https:\/\/najibmikou.com\/fr\/philippe-joseph-salazar-la-politique-dans-nos-democraties-se-reduit-beaucoup-a-des-prestations-de-parole-sans-enjeu-rhetorique-reel\/#webpage\",\"url\":\"https:\/\/najibmikou.com\/fr\/philippe-joseph-salazar-la-politique-dans-nos-democraties-se-reduit-beaucoup-a-des-prestations-de-parole-sans-enjeu-rhetorique-reel\/\",\"name\":\"Philippe-Joseph Salazar : \\u201cLa politique, dans nos d\\u00e9mocraties, se r\\u00e9duit beaucoup \\u00e0 des prestations de parole sans enjeu rh\\u00e9torique r\\u00e9el\\u201d - Najib MIKOU\",\"isPartOf\":{\"@id\":\"https:\/\/najibmikou.com\/fr\/#website\"},\"primaryImageOfPage\":{\"@id\":\"https:\/\/najibmikou.com\/fr\/philippe-joseph-salazar-la-politique-dans-nos-democraties-se-reduit-beaucoup-a-des-prestations-de-parole-sans-enjeu-rhetorique-reel\/#primaryimage\"},\"datePublished\":\"2021-12-14T21:53:54+00:00\",\"dateModified\":\"2021-12-14T21:53:56+00:00\",\"author\":{\"@id\":\"https:\/\/najibmikou.com\/fr\/#\/schema\/person\/ad833ab699d080f01dced99b1891ec1e\"},\"breadcrumb\":{\"@id\":\"https:\/\/najibmikou.com\/fr\/philippe-joseph-salazar-la-politique-dans-nos-democraties-se-reduit-beaucoup-a-des-prestations-de-parole-sans-enjeu-rhetorique-reel\/#breadcrumb\"},\"inLanguage\":\"fr-FR\",\"potentialAction\":[{\"@type\":\"ReadAction\",\"target\":[\"https:\/\/najibmikou.com\/fr\/philippe-joseph-salazar-la-politique-dans-nos-democraties-se-reduit-beaucoup-a-des-prestations-de-parole-sans-enjeu-rhetorique-reel\/\"]}]},{\"@type\":\"BreadcrumbList\",\"@id\":\"https:\/\/najibmikou.com\/fr\/philippe-joseph-salazar-la-politique-dans-nos-democraties-se-reduit-beaucoup-a-des-prestations-de-parole-sans-enjeu-rhetorique-reel\/#breadcrumb\",\"itemListElement\":[{\"@type\":\"ListItem\",\"position\":1,\"item\":{\"@type\":\"WebPage\",\"@id\":\"https:\/\/najibmikou.com\/fr\/\",\"url\":\"https:\/\/najibmikou.com\/fr\/\",\"name\":\"Accueil\"}},{\"@type\":\"ListItem\",\"position\":2,\"item\":{\"@type\":\"WebPage\",\"@id\":\"https:\/\/najibmikou.com\/fr\/philippe-joseph-salazar-la-politique-dans-nos-democraties-se-reduit-beaucoup-a-des-prestations-de-parole-sans-enjeu-rhetorique-reel\/\",\"url\":\"https:\/\/najibmikou.com\/fr\/philippe-joseph-salazar-la-politique-dans-nos-democraties-se-reduit-beaucoup-a-des-prestations-de-parole-sans-enjeu-rhetorique-reel\/\",\"name\":\"Philippe-Joseph Salazar : \\u201cLa politique, dans nos d\\u00e9mocraties, se r\\u00e9duit beaucoup \\u00e0 des prestations de parole sans enjeu rh\\u00e9torique r\\u00e9el\\u201d\"}}]},{\"@type\":\"Person\",\"@id\":\"https:\/\/najibmikou.com\/fr\/#\/schema\/person\/ad833ab699d080f01dced99b1891ec1e\",\"name\":\"Najib Mikou\",\"image\":{\"@type\":\"ImageObject\",\"@id\":\"https:\/\/najibmikou.com\/fr\/#personlogo\",\"inLanguage\":\"fr-FR\",\"url\":\"https:\/\/secure.gravatar.com\/avatar\/6dfd4a9a9096131eea6d80fb3de585a0?s=96&d=mm&r=g\",\"caption\":\"Najib Mikou\"},\"sameAs\":[\"http:\/\/najibmikou.com\/fr\"]}]}<\/script>\n<!-- \/ Yoast SEO plugin. -->","_links":{"self":[{"href":"https:\/\/najibmikou.com\/fr\/wp-json\/wp\/v2\/posts\/2727"}],"collection":[{"href":"https:\/\/najibmikou.com\/fr\/wp-json\/wp\/v2\/posts"}],"about":[{"href":"https:\/\/najibmikou.com\/fr\/wp-json\/wp\/v2\/types\/post"}],"author":[{"embeddable":true,"href":"https:\/\/najibmikou.com\/fr\/wp-json\/wp\/v2\/users\/1"}],"replies":[{"embeddable":true,"href":"https:\/\/najibmikou.com\/fr\/wp-json\/wp\/v2\/comments?post=2727"}],"version-history":[{"count":1,"href":"https:\/\/najibmikou.com\/fr\/wp-json\/wp\/v2\/posts\/2727\/revisions"}],"predecessor-version":[{"id":2729,"href":"https:\/\/najibmikou.com\/fr\/wp-json\/wp\/v2\/posts\/2727\/revisions\/2729"}],"wp:featuredmedia":[{"embeddable":true,"href":"https:\/\/najibmikou.com\/fr\/wp-json\/wp\/v2\/media\/2728"}],"wp:attachment":[{"href":"https:\/\/najibmikou.com\/fr\/wp-json\/wp\/v2\/media?parent=2727"}],"wp:term":[{"taxonomy":"category","embeddable":true,"href":"https:\/\/najibmikou.com\/fr\/wp-json\/wp\/v2\/categories?post=2727"},{"taxonomy":"post_tag","embeddable":true,"href":"https:\/\/najibmikou.com\/fr\/wp-json\/wp\/v2\/tags?post=2727"}],"curies":[{"name":"wp","href":"https:\/\/api.w.org\/{rel}","templated":true}]}}