{"id":2715,"date":"2021-12-14T22:38:36","date_gmt":"2021-12-14T21:38:36","guid":{"rendered":"https:\/\/najibmikou.com\/fr\/?p=2715"},"modified":"2021-12-14T22:38:39","modified_gmt":"2021-12-14T21:38:39","slug":"la-salle-de-bal","status":"publish","type":"post","link":"https:\/\/najibmikou.com\/fr\/la-salle-de-bal\/","title":{"rendered":"La salle de bal"},"content":{"rendered":"\n<p>Imaginez une tr\u00e8s belle salle de bal o\u00f9 des gens tr\u00e8s gais, gar\u00e7ons et filles,&nbsp;s&#8217;amusent, &nbsp;dansent et vont se restaurer \u00e0 un buffet magnifique&nbsp;; la musique est tr\u00e8s entrainante&nbsp;; chacun &nbsp;imagine des projets pour la fin de soir\u00e9e, pour la nuit, pour les jours suivants, ou plus encore.<\/p>\n\n\n\n<p>&nbsp;Un &nbsp;des participants \u00e0 cette soir\u00e9e, avec l&#8217;esprit un peu plus &nbsp;lucide que les autres, &nbsp;remarque qu\u2019il y a vraiment beaucoup &nbsp;trop de monde dans la salle, dont certains grognent parce que les consommations sont trop co\u00fbteuses pour eux &nbsp;; qu&#8217;il n&#8217;y a qu&#8217;une seule sortie, tr\u00e8s \u00e9troite, &nbsp;au bout &nbsp;d\u2019un long couloir&nbsp;; que toutes les fen\u00eatres sont ferm\u00e9es, et qu&#8217;on ne voit pas du tout &nbsp;comment les ouvrir&nbsp;; que les lourds rideaux qui obstruent les ouvertures &nbsp;voisinent avec d\u2019\u00e9normes &nbsp;chandeliers allum\u00e9s, \u00e9normes, instables et menac\u00e9s par les mouvements de la foule. &nbsp;Il en d\u00e9duit qu\u2019un incendie peut se d\u00e9clencher \u00e0 chaque instant. Et que beaucoup de monde y p\u00e9rirait.<\/p>\n\n\n\n<p>Cet &nbsp;invit\u00e9 particuli\u00e8rement lucide a alors plusieurs solutions: &nbsp;1. Continuer \u00e0 s&#8217;amuser&nbsp;en pensant qu\u2019apr\u00e8s tout, il ne s\u2019est jamais rien pass\u00e9 lors des soir\u00e9es pr\u00e9c\u00e9dentes,&nbsp;et qu\u2019il il ne se passera rien ce soir-l\u00e0 &nbsp;non plus.&nbsp;2. Prudent, s\u2019amuser et &nbsp;danser pr\u00e8s de la porte, en restant aux &nbsp;aguets, pr\u00eat \u00e0 partir \u00e0 la premi\u00e8re alerte. &nbsp;3. S\u2019en aller sans pr\u00e9venir personne. 4 Prendre le micro, &nbsp;demander le silence, d\u00e9crire la situation et inviter tout le monde \u00e0 sortir au plus vite, &nbsp;au risque de provoquer une panique qui conduirait \u00e0 la mort de beaucoup de gens &nbsp;par pi\u00e9tinement&nbsp;dans le &nbsp;passage tr\u00e8s \u00e9troit&nbsp;ou &nbsp;dans l\u2019incendie qui suivrait le renversement des chandeliers sur&nbsp;les rideaux. 5. Tenter de d\u00e9bloquer les fen\u00eatres, de&nbsp;cr\u00e9er de nouvelles ouvertures, seul ou avec d\u2019autres, sans d\u00e9clencher la panique. &nbsp;<\/p>\n\n\n\n<p>&nbsp;Chacun voit bien d\u2019abord que cette situation est une m\u00e9taphore du monde d\u2019aujourd\u2019hui&nbsp;: La&nbsp;salle de bal &nbsp;est la plan\u00e8te, o\u00f9 nous sommes condamn\u00e9s \u00e0 vivre jusqu&#8217;\u00e0 la fin des g\u00e9n\u00e9rations, avec une abondance presque &nbsp;infinie &nbsp;pour certains, sans rien pour d\u2019autres&nbsp;; et avec, pour tous, d\u2019innombrables menaces g\u00e9opolitiques, sanitaires,&nbsp;sociales, \u00e9thiques, politiques, &nbsp;climatiques. Confront\u00e9s aux &nbsp;m\u00eames cinq choix &nbsp;\u00e9nonc\u00e9es plus haut, de l\u2019action \u00e0 la r\u00e9signation, de l\u2019\u00e9go\u00efsme \u00e0 l\u2019altruisme. &nbsp;&nbsp;<\/p>\n\n\n\n<p>Face&nbsp;\u00e0 cela, la plupart des gens refusent de voir ces dangers et continuent de vivre dans l\u2019instant&nbsp;; &nbsp;d\u2019autres d\u00e9cident de rester aux aguets, de jouir du monde, &nbsp;ne se r\u00e9signant pas \u00e0 perdre &nbsp;une miette des plaisirs du pr\u00e9sent, tout en se pr\u00e9parant \u00e0 partir s\u2019isoler si n\u00e9cessaire, si la catastrophe devient plus imminente. &nbsp;D\u2019autres &nbsp;encore d\u00e9voilent &nbsp;aux autres tous ces dangers, sans proposer de solutions cr\u00e9dibles, prenant le risque de d\u00e9clencher, par leurs discours, une panique et un effondrement moral et spirituel g\u00e9n\u00e9ral, suivis d\u2019une crise \u00e9conomique, sociale et politique majeure. D\u2019autres encore, pensant que tout est perdu, qu\u2019on ne s\u2019en sortira jamais, &nbsp;d\u00e9cident de&nbsp;fuir, d\u2019aller vivre \u00e0 la campagne, ou dans un lieu tr\u00e8s prot\u00e9g\u00e9, ou projettent m\u00eame d\u2019aller sur une autre plan\u00e8te ou d\u2019en finir avec la vie&nbsp;; D\u2019autres enfin imaginent des solutions concr\u00e8tes \u00e0 tous ces probl\u00e8mes et mobilisent les autres pour les mettre en \u0153uvre avec eux dans un d\u00e9lai raisonnable.<\/p>\n\n\n\n<p>C\u2019est aussi une m\u00e9taphore de la situation de chacun de nos pays, &nbsp;de nos entreprises, et de nos familles&nbsp;: Pensez \u00e0 ces communaut\u00e9s comme \u00e0 des salles de bal menac\u00e9es et vous verrez que les choix qui s\u2019ouvrent \u00e0 chacune d\u2019elles sont les m\u00eames que ceux des invit\u00e9s d\u2019une soir\u00e9e. &nbsp;On ne sauve une communaut\u00e9 que si tous ses membres partagent une m\u00eame analyse de ce qui la menace, et mettent en \u0153uvre avec d\u00e9termination &nbsp;les &nbsp;bonnes r\u00e9ponses. &nbsp;<\/p>\n\n\n\n<p>La&nbsp;panique et la fuite ne sont jamais des solutions. La r\u00e9signation et le chacun pour soi le sont moins encore. C\u2019est pourtant l\u2019attitude la plus fr\u00e9quente devant les menaces d\u2019aujourd\u2019hui. Les vrais bons dirigeants sont ceux qui sauront dire &nbsp;toute la v\u00e9rit\u00e9 \u00e0 tous, sans pour autant d\u00e9clencher de panique ou de d\u00e9sespoir. Et qui r\u00e9ussiront \u00e0 associer chacun des &nbsp;membres de&nbsp;la communaut\u00e9 \u00e0 la construction, aussi vite que possible, d\u2019une &nbsp;r\u00e9ponse durable \u00e0 ces enjeux.<\/p>\n\n\n\n<p>En particulier, c\u2019est cela, et rien d\u2019autre, qui devrait occuper les&nbsp;six mois qui &nbsp;s\u00e9parent les Fran\u00e7ais de leur &nbsp;prochaine \u00e9lection pr\u00e9sidentielle. &nbsp;<\/p>\n\n\n\n<p>&nbsp;j@attali.com<\/p>\n","protected":false},"excerpt":{"rendered":"<p>Imaginez une tr\u00e8s belle salle de bal o\u00f9 des gens tr\u00e8s gais, gar\u00e7ons et filles,&nbsp;s&#8217;amusent, &nbsp;dansent et vont se restaurer \u00e0 un buffet magnifique&nbsp;; la musique est tr\u00e8s entrainante&nbsp;; chacun &nbsp;imagine des projets pour la fin de soir\u00e9e, pour la nuit, pour les jours suivants, ou plus encore. &nbsp;Un &nbsp;des participants \u00e0 cette soir\u00e9e, avec [&hellip;]<\/p>\n","protected":false},"author":1,"featured_media":2716,"comment_status":"open","ping_status":"open","sticky":false,"template":"","format":"standard","meta":{"pgc_sgb_lightbox_settings":""},"categories":[67],"tags":[],"yoast_head":"<!-- This site is optimized with the Yoast SEO plugin v15.9.2 - https:\/\/yoast.com\/wordpress\/plugins\/seo\/ -->\n<meta name=\"robots\" content=\"index, follow, max-snippet:-1, max-image-preview:large, max-video-preview:-1\" \/>\n<link rel=\"canonical\" href=\"https:\/\/najibmikou.com\/fr\/la-salle-de-bal\/\" \/>\n<meta property=\"og:locale\" content=\"fr_FR\" \/>\n<meta property=\"og:type\" content=\"article\" \/>\n<meta property=\"og:title\" content=\"La salle de bal - Najib MIKOU\" \/>\n<meta property=\"og:description\" content=\"Imaginez une tr\u00e8s belle salle de bal o\u00f9 des gens tr\u00e8s gais, gar\u00e7ons et filles,&nbsp;s&#8217;amusent, &nbsp;dansent et vont se restaurer \u00e0 un buffet magnifique&nbsp;; la musique est tr\u00e8s entrainante&nbsp;; chacun &nbsp;imagine des projets pour la fin de soir\u00e9e, pour la nuit, pour les jours suivants, ou plus encore. &nbsp;Un &nbsp;des participants \u00e0 cette soir\u00e9e, avec [&hellip;]\" \/>\n<meta property=\"og:url\" content=\"https:\/\/najibmikou.com\/fr\/la-salle-de-bal\/\" \/>\n<meta property=\"og:site_name\" content=\"Najib MIKOU\" \/>\n<meta property=\"article:published_time\" content=\"2021-12-14T21:38:36+00:00\" \/>\n<meta property=\"article:modified_time\" content=\"2021-12-14T21:38:39+00:00\" \/>\n<meta property=\"og:image\" content=\"https:\/\/najibmikou.com\/fr\/wp-content\/uploads\/2021\/12\/1638429624857.jpeg\" \/>\n\t<meta property=\"og:image:width\" content=\"1152\" \/>\n\t<meta property=\"og:image:height\" content=\"720\" \/>\n<meta name=\"twitter:card\" content=\"summary_large_image\" \/>\n<meta name=\"twitter:label1\" content=\"Dur\u00e9e de lecture est.\">\n\t<meta name=\"twitter:data1\" content=\"4 minutes\">\n<script type=\"application\/ld+json\" class=\"yoast-schema-graph\">{\"@context\":\"https:\/\/schema.org\",\"@graph\":[{\"@type\":\"WebSite\",\"@id\":\"https:\/\/najibmikou.com\/fr\/#website\",\"url\":\"https:\/\/najibmikou.com\/fr\/\",\"name\":\"Najib MIKOU\",\"description\":\"\\u00c9crire c&#039;est contribuer \\u00e0 ce que le temps collectif ne se trompe pas de chemin\",\"potentialAction\":[{\"@type\":\"SearchAction\",\"target\":\"https:\/\/najibmikou.com\/fr\/?s={search_term_string}\",\"query-input\":\"required name=search_term_string\"}],\"inLanguage\":\"fr-FR\"},{\"@type\":\"ImageObject\",\"@id\":\"https:\/\/najibmikou.com\/fr\/la-salle-de-bal\/#primaryimage\",\"inLanguage\":\"fr-FR\",\"url\":\"https:\/\/najibmikou.com\/fr\/wp-content\/uploads\/2021\/12\/1638429624857.jpeg\",\"width\":1152,\"height\":720},{\"@type\":\"WebPage\",\"@id\":\"https:\/\/najibmikou.com\/fr\/la-salle-de-bal\/#webpage\",\"url\":\"https:\/\/najibmikou.com\/fr\/la-salle-de-bal\/\",\"name\":\"La salle de bal - Najib MIKOU\",\"isPartOf\":{\"@id\":\"https:\/\/najibmikou.com\/fr\/#website\"},\"primaryImageOfPage\":{\"@id\":\"https:\/\/najibmikou.com\/fr\/la-salle-de-bal\/#primaryimage\"},\"datePublished\":\"2021-12-14T21:38:36+00:00\",\"dateModified\":\"2021-12-14T21:38:39+00:00\",\"author\":{\"@id\":\"https:\/\/najibmikou.com\/fr\/#\/schema\/person\/ad833ab699d080f01dced99b1891ec1e\"},\"breadcrumb\":{\"@id\":\"https:\/\/najibmikou.com\/fr\/la-salle-de-bal\/#breadcrumb\"},\"inLanguage\":\"fr-FR\",\"potentialAction\":[{\"@type\":\"ReadAction\",\"target\":[\"https:\/\/najibmikou.com\/fr\/la-salle-de-bal\/\"]}]},{\"@type\":\"BreadcrumbList\",\"@id\":\"https:\/\/najibmikou.com\/fr\/la-salle-de-bal\/#breadcrumb\",\"itemListElement\":[{\"@type\":\"ListItem\",\"position\":1,\"item\":{\"@type\":\"WebPage\",\"@id\":\"https:\/\/najibmikou.com\/fr\/\",\"url\":\"https:\/\/najibmikou.com\/fr\/\",\"name\":\"Accueil\"}},{\"@type\":\"ListItem\",\"position\":2,\"item\":{\"@type\":\"WebPage\",\"@id\":\"https:\/\/najibmikou.com\/fr\/la-salle-de-bal\/\",\"url\":\"https:\/\/najibmikou.com\/fr\/la-salle-de-bal\/\",\"name\":\"La salle de bal\"}}]},{\"@type\":\"Person\",\"@id\":\"https:\/\/najibmikou.com\/fr\/#\/schema\/person\/ad833ab699d080f01dced99b1891ec1e\",\"name\":\"Najib Mikou\",\"image\":{\"@type\":\"ImageObject\",\"@id\":\"https:\/\/najibmikou.com\/fr\/#personlogo\",\"inLanguage\":\"fr-FR\",\"url\":\"https:\/\/secure.gravatar.com\/avatar\/6dfd4a9a9096131eea6d80fb3de585a0?s=96&d=mm&r=g\",\"caption\":\"Najib Mikou\"},\"sameAs\":[\"http:\/\/najibmikou.com\/fr\"]}]}<\/script>\n<!-- \/ Yoast SEO plugin. -->","_links":{"self":[{"href":"https:\/\/najibmikou.com\/fr\/wp-json\/wp\/v2\/posts\/2715"}],"collection":[{"href":"https:\/\/najibmikou.com\/fr\/wp-json\/wp\/v2\/posts"}],"about":[{"href":"https:\/\/najibmikou.com\/fr\/wp-json\/wp\/v2\/types\/post"}],"author":[{"embeddable":true,"href":"https:\/\/najibmikou.com\/fr\/wp-json\/wp\/v2\/users\/1"}],"replies":[{"embeddable":true,"href":"https:\/\/najibmikou.com\/fr\/wp-json\/wp\/v2\/comments?post=2715"}],"version-history":[{"count":1,"href":"https:\/\/najibmikou.com\/fr\/wp-json\/wp\/v2\/posts\/2715\/revisions"}],"predecessor-version":[{"id":2717,"href":"https:\/\/najibmikou.com\/fr\/wp-json\/wp\/v2\/posts\/2715\/revisions\/2717"}],"wp:featuredmedia":[{"embeddable":true,"href":"https:\/\/najibmikou.com\/fr\/wp-json\/wp\/v2\/media\/2716"}],"wp:attachment":[{"href":"https:\/\/najibmikou.com\/fr\/wp-json\/wp\/v2\/media?parent=2715"}],"wp:term":[{"taxonomy":"category","embeddable":true,"href":"https:\/\/najibmikou.com\/fr\/wp-json\/wp\/v2\/categories?post=2715"},{"taxonomy":"post_tag","embeddable":true,"href":"https:\/\/najibmikou.com\/fr\/wp-json\/wp\/v2\/tags?post=2715"}],"curies":[{"name":"wp","href":"https:\/\/api.w.org\/{rel}","templated":true}]}}