{"id":2712,"date":"2021-12-14T22:36:18","date_gmt":"2021-12-14T21:36:18","guid":{"rendered":"https:\/\/najibmikou.com\/fr\/?p=2712"},"modified":"2021-12-14T22:36:21","modified_gmt":"2021-12-14T21:36:21","slug":"leurope-presente-son-projet-a-300-milliards-deuros-pour-contrer-les-routes-de-la-soie-chinoises","status":"publish","type":"post","link":"https:\/\/najibmikou.com\/fr\/leurope-presente-son-projet-a-300-milliards-deuros-pour-contrer-les-routes-de-la-soie-chinoises\/","title":{"rendered":"L\u2019Europe pr\u00e9sente son projet \u00e0 300 milliards d\u2019euros pour contrer les routes de la soie chinoises"},"content":{"rendered":"\n<p>Pour contrer les \u00ab\u00a0nouvelles routes de la soie\u00a0\u00bb chinoises, la Commission europ\u00e9enne a pr\u00e9sent\u00e9 un projet concurrent d\u2019investissements dans des projets d\u2019infrastructures \u00e0 travers le monde, baptis\u00e9 \u00ab\u00a0Global Gateway\u00a0\u00bb.<\/p>\n\n\n\n<p>Les Europ\u00e9ens n\u2019ont d\u00e9cid\u00e9ment pas un sens tr\u00e8s d\u00e9velopp\u00e9 du marketing. Quand la Chine d\u00e9ploie ses \u00ab\u00a0nouvelles routes de la soie\u00a0\u00bb partout dans le monde pour y asseoir son influence, la Commission europ\u00e9enne baptise son projet concurrent, \u00ab\u00a0Global Gateway\u00a0\u00bb, \u00ab\u00a0portail mondial\u00a0\u00bb en fran\u00e7ais\u00a0! Le choix des mots ne le laisse pas deviner, mais la strat\u00e9gie communautaire, pr\u00e9sent\u00e9e mercredi 1<sup>er<\/sup>\u00a0d\u00e9cembre, est bien une r\u00e9ponse europ\u00e9enne \u00e0 l\u2019initiative de P\u00e9kin, qui a, depuis 2013, investi des dizaines de milliards d\u2019euros dans des ports, routes et autres ponts sur tous les continents.<\/p>\n\n\n\n<h3>Respect de l\u2019Etat de droit<\/h3>\n\n\n\n<p>Pour l\u2019essentiel, son plan s\u2019appuie sur des programmes d\u00e9j\u00e0 existants mais dont les fonds vont \u00eatre r\u00e9orient\u00e9s. L\u2019argent sera mis \u00e0 disposition sous forme de pr\u00eats de la Banque europ\u00e9enne d\u2019investissements, avec la garantie de l\u2019UE, et d\u2019institutions financi\u00e8res publiques europ\u00e9ennes, comme l\u2019Agence fran\u00e7aise de d\u00e9veloppement (AFD) en France ou la Kreditanstalt f\u00fcr Wiederaufbau (KFW) en Allemagne. Les Vingt-Sept contribueront, avec le budget communautaire, \u00e0 hauteur de 18&nbsp;milliards d\u2019euros d\u2019aides.<\/p>\n\n\n\n<p>Les pays o\u00f9 ces investissements financ\u00e9s avec l\u2019aide de l\u2019UE seront faits devront respecter&nbsp;<em>\u00ab&nbsp;l\u2019Etat de droit, des standards en mati\u00e8re de droits de l\u2019homme, sociaux, des droits des travailleurs&nbsp;\u00bb,&nbsp;<\/em>pr\u00e9cise la Commission.&nbsp;<em>\u00ab&nbsp;Nous voulons montrer qu\u2019une approche assise sur des valeurs d\u00e9mocratiques peut fonctionner&nbsp;\u00bb<\/em>, a expliqu\u00e9 sa pr\u00e9sidente, Ursula von der Leyen, et profiter aussi bien aux Europ\u00e9ens qu\u2019\u00e0 leurs partenaires.<\/p>\n\n\n\n<p>\u00ab\u00a0Les fonctionnaires europ\u00e9ens craignaient de se retrouver \u00e0 investir de l\u2019argent dans des \u00e9l\u00e9phants blancs, ces infrastructures gigantesques et inutiles\u00a0\u00bb, explique une source europ\u00e9enne<\/p>\n\n\n\n<p>La Commission avait lanc\u00e9 une strat\u00e9gie comparable, en direction de l\u2019Asie, en&nbsp;2018. Mais, Jean-Claude Juncker, alors \u00e0 la t\u00eate de l\u2019institution, ne l\u2019avait pas assez port\u00e9e politiquement et elle s\u2019\u00e9tait perdue dans la machine bruxelloise&nbsp;: elle a, \u00e0 ce jour, permis de financer 9,6&nbsp;milliards d\u2019euros d\u2019investissements\u2026&nbsp;<em>\u00ab&nbsp;Les fonctionnaires europ\u00e9ens craignaient de se retrouver \u00e0 investir de l\u2019argent dans des \u00e9l\u00e9phants blancs, ces infrastructures gigantesques et inutiles, ou que les fonds europ\u00e9ens soient d\u00e9tourn\u00e9s&nbsp;\u00bb<\/em>, explique une source europ\u00e9enne.<\/p>\n\n\n\n<p><strong>Il vous reste 53.24% de cet article \u00e0 lire. <a href=\"https:\/\/www.lemonde.fr\/economie\/article\/2021\/12\/01\/l-europe-presente-son-projet-a-300-milliards-d-euros-pour-contrer-les-routes-de-la-soie-chinoises_6104361_3234.html?utm_source=dlvr.it&amp;utm_medium=linkedin\" target=\"_blank\" rel=\"noreferrer noopener\">La suite<\/a><\/strong><\/p>\n","protected":false},"excerpt":{"rendered":"<p>Pour contrer les \u00ab\u00a0nouvelles routes de la soie\u00a0\u00bb chinoises, la Commission europ\u00e9enne a pr\u00e9sent\u00e9 un projet concurrent d\u2019investissements dans des projets d\u2019infrastructures \u00e0 travers le monde, baptis\u00e9 \u00ab\u00a0Global Gateway\u00a0\u00bb. Les Europ\u00e9ens n\u2019ont d\u00e9cid\u00e9ment pas un sens tr\u00e8s d\u00e9velopp\u00e9 du marketing. Quand la Chine d\u00e9ploie ses \u00ab\u00a0nouvelles routes de la soie\u00a0\u00bb partout dans le monde pour [&hellip;]<\/p>\n","protected":false},"author":1,"featured_media":2713,"comment_status":"open","ping_status":"open","sticky":false,"template":"","format":"standard","meta":{"pgc_sgb_lightbox_settings":""},"categories":[67],"tags":[],"yoast_head":"<!-- This site is optimized with the Yoast SEO plugin v15.9.2 - https:\/\/yoast.com\/wordpress\/plugins\/seo\/ -->\n<meta name=\"robots\" content=\"index, follow, max-snippet:-1, max-image-preview:large, max-video-preview:-1\" \/>\n<link rel=\"canonical\" href=\"https:\/\/najibmikou.com\/fr\/leurope-presente-son-projet-a-300-milliards-deuros-pour-contrer-les-routes-de-la-soie-chinoises\/\" \/>\n<meta property=\"og:locale\" content=\"fr_FR\" \/>\n<meta property=\"og:type\" content=\"article\" \/>\n<meta property=\"og:title\" content=\"L\u2019Europe pr\u00e9sente son projet \u00e0 300 milliards d\u2019euros pour contrer les routes de la soie chinoises - Najib MIKOU\" \/>\n<meta property=\"og:description\" content=\"Pour contrer les \u00ab\u00a0nouvelles routes de la soie\u00a0\u00bb chinoises, la Commission europ\u00e9enne a pr\u00e9sent\u00e9 un projet concurrent d\u2019investissements dans des projets d\u2019infrastructures \u00e0 travers le monde, baptis\u00e9 \u00ab\u00a0Global Gateway\u00a0\u00bb. Les Europ\u00e9ens n\u2019ont d\u00e9cid\u00e9ment pas un sens tr\u00e8s d\u00e9velopp\u00e9 du marketing. Quand la Chine d\u00e9ploie ses \u00ab\u00a0nouvelles routes de la soie\u00a0\u00bb partout dans le monde pour [&hellip;]\" \/>\n<meta property=\"og:url\" content=\"https:\/\/najibmikou.com\/fr\/leurope-presente-son-projet-a-300-milliards-deuros-pour-contrer-les-routes-de-la-soie-chinoises\/\" \/>\n<meta property=\"og:site_name\" content=\"Najib MIKOU\" \/>\n<meta property=\"article:published_time\" content=\"2021-12-14T21:36:18+00:00\" \/>\n<meta property=\"article:modified_time\" content=\"2021-12-14T21:36:21+00:00\" \/>\n<meta property=\"og:image\" content=\"https:\/\/najibmikou.com\/fr\/wp-content\/uploads\/2021\/12\/6653e10_5113519-01-06.jpeg\" \/>\n\t<meta property=\"og:image:width\" content=\"664\" \/>\n\t<meta property=\"og:image:height\" content=\"443\" \/>\n<meta name=\"twitter:card\" content=\"summary_large_image\" \/>\n<meta name=\"twitter:label1\" content=\"Dur\u00e9e de lecture est.\">\n\t<meta name=\"twitter:data1\" content=\"2 minutes\">\n<script type=\"application\/ld+json\" class=\"yoast-schema-graph\">{\"@context\":\"https:\/\/schema.org\",\"@graph\":[{\"@type\":\"WebSite\",\"@id\":\"https:\/\/najibmikou.com\/fr\/#website\",\"url\":\"https:\/\/najibmikou.com\/fr\/\",\"name\":\"Najib MIKOU\",\"description\":\"\\u00c9crire c&#039;est contribuer \\u00e0 ce que le temps collectif ne se trompe pas de chemin\",\"potentialAction\":[{\"@type\":\"SearchAction\",\"target\":\"https:\/\/najibmikou.com\/fr\/?s={search_term_string}\",\"query-input\":\"required name=search_term_string\"}],\"inLanguage\":\"fr-FR\"},{\"@type\":\"ImageObject\",\"@id\":\"https:\/\/najibmikou.com\/fr\/leurope-presente-son-projet-a-300-milliards-deuros-pour-contrer-les-routes-de-la-soie-chinoises\/#primaryimage\",\"inLanguage\":\"fr-FR\",\"url\":\"https:\/\/najibmikou.com\/fr\/wp-content\/uploads\/2021\/12\/6653e10_5113519-01-06.jpeg\",\"width\":664,\"height\":443,\"caption\":\"European Commission President Ursula von der Leyen speaks during a press conference on the Global Gateway at the EU headquarters in Brussels, on December 01, 2021. (Photo by Kenzo TRIBOUILLARD \/ AFP)\"},{\"@type\":\"WebPage\",\"@id\":\"https:\/\/najibmikou.com\/fr\/leurope-presente-son-projet-a-300-milliards-deuros-pour-contrer-les-routes-de-la-soie-chinoises\/#webpage\",\"url\":\"https:\/\/najibmikou.com\/fr\/leurope-presente-son-projet-a-300-milliards-deuros-pour-contrer-les-routes-de-la-soie-chinoises\/\",\"name\":\"L\\u2019Europe pr\\u00e9sente son projet \\u00e0 300 milliards d\\u2019euros pour contrer les routes de la soie chinoises - Najib MIKOU\",\"isPartOf\":{\"@id\":\"https:\/\/najibmikou.com\/fr\/#website\"},\"primaryImageOfPage\":{\"@id\":\"https:\/\/najibmikou.com\/fr\/leurope-presente-son-projet-a-300-milliards-deuros-pour-contrer-les-routes-de-la-soie-chinoises\/#primaryimage\"},\"datePublished\":\"2021-12-14T21:36:18+00:00\",\"dateModified\":\"2021-12-14T21:36:21+00:00\",\"author\":{\"@id\":\"https:\/\/najibmikou.com\/fr\/#\/schema\/person\/ad833ab699d080f01dced99b1891ec1e\"},\"breadcrumb\":{\"@id\":\"https:\/\/najibmikou.com\/fr\/leurope-presente-son-projet-a-300-milliards-deuros-pour-contrer-les-routes-de-la-soie-chinoises\/#breadcrumb\"},\"inLanguage\":\"fr-FR\",\"potentialAction\":[{\"@type\":\"ReadAction\",\"target\":[\"https:\/\/najibmikou.com\/fr\/leurope-presente-son-projet-a-300-milliards-deuros-pour-contrer-les-routes-de-la-soie-chinoises\/\"]}]},{\"@type\":\"BreadcrumbList\",\"@id\":\"https:\/\/najibmikou.com\/fr\/leurope-presente-son-projet-a-300-milliards-deuros-pour-contrer-les-routes-de-la-soie-chinoises\/#breadcrumb\",\"itemListElement\":[{\"@type\":\"ListItem\",\"position\":1,\"item\":{\"@type\":\"WebPage\",\"@id\":\"https:\/\/najibmikou.com\/fr\/\",\"url\":\"https:\/\/najibmikou.com\/fr\/\",\"name\":\"Accueil\"}},{\"@type\":\"ListItem\",\"position\":2,\"item\":{\"@type\":\"WebPage\",\"@id\":\"https:\/\/najibmikou.com\/fr\/leurope-presente-son-projet-a-300-milliards-deuros-pour-contrer-les-routes-de-la-soie-chinoises\/\",\"url\":\"https:\/\/najibmikou.com\/fr\/leurope-presente-son-projet-a-300-milliards-deuros-pour-contrer-les-routes-de-la-soie-chinoises\/\",\"name\":\"L\\u2019Europe pr\\u00e9sente son projet \\u00e0 300 milliards d\\u2019euros pour contrer les routes de la soie chinoises\"}}]},{\"@type\":\"Person\",\"@id\":\"https:\/\/najibmikou.com\/fr\/#\/schema\/person\/ad833ab699d080f01dced99b1891ec1e\",\"name\":\"Najib Mikou\",\"image\":{\"@type\":\"ImageObject\",\"@id\":\"https:\/\/najibmikou.com\/fr\/#personlogo\",\"inLanguage\":\"fr-FR\",\"url\":\"https:\/\/secure.gravatar.com\/avatar\/6dfd4a9a9096131eea6d80fb3de585a0?s=96&d=mm&r=g\",\"caption\":\"Najib Mikou\"},\"sameAs\":[\"http:\/\/najibmikou.com\/fr\"]}]}<\/script>\n<!-- \/ Yoast SEO plugin. -->","_links":{"self":[{"href":"https:\/\/najibmikou.com\/fr\/wp-json\/wp\/v2\/posts\/2712"}],"collection":[{"href":"https:\/\/najibmikou.com\/fr\/wp-json\/wp\/v2\/posts"}],"about":[{"href":"https:\/\/najibmikou.com\/fr\/wp-json\/wp\/v2\/types\/post"}],"author":[{"embeddable":true,"href":"https:\/\/najibmikou.com\/fr\/wp-json\/wp\/v2\/users\/1"}],"replies":[{"embeddable":true,"href":"https:\/\/najibmikou.com\/fr\/wp-json\/wp\/v2\/comments?post=2712"}],"version-history":[{"count":1,"href":"https:\/\/najibmikou.com\/fr\/wp-json\/wp\/v2\/posts\/2712\/revisions"}],"predecessor-version":[{"id":2714,"href":"https:\/\/najibmikou.com\/fr\/wp-json\/wp\/v2\/posts\/2712\/revisions\/2714"}],"wp:featuredmedia":[{"embeddable":true,"href":"https:\/\/najibmikou.com\/fr\/wp-json\/wp\/v2\/media\/2713"}],"wp:attachment":[{"href":"https:\/\/najibmikou.com\/fr\/wp-json\/wp\/v2\/media?parent=2712"}],"wp:term":[{"taxonomy":"category","embeddable":true,"href":"https:\/\/najibmikou.com\/fr\/wp-json\/wp\/v2\/categories?post=2712"},{"taxonomy":"post_tag","embeddable":true,"href":"https:\/\/najibmikou.com\/fr\/wp-json\/wp\/v2\/tags?post=2712"}],"curies":[{"name":"wp","href":"https:\/\/api.w.org\/{rel}","templated":true}]}}