{"id":2543,"date":"2021-11-07T23:05:00","date_gmt":"2021-11-07T22:05:00","guid":{"rendered":"https:\/\/najibmikou.com\/fr\/?p=2543"},"modified":"2021-11-09T23:12:04","modified_gmt":"2021-11-09T22:12:04","slug":"pour-un-fonds-intergenerationnel-de-solidarite-pour-linsertion-professionnelle-et-sociale-des-jeunes-diplomes","status":"publish","type":"post","link":"https:\/\/najibmikou.com\/fr\/pour-un-fonds-intergenerationnel-de-solidarite-pour-linsertion-professionnelle-et-sociale-des-jeunes-diplomes\/","title":{"rendered":"Pour un &#8220;Fonds Interg\u00e9n\u00e9rationnel de Solidarit\u00e9&#8221; pour l&#8217;insertion professionnelle et sociale des jeunes dipl\u00f4m\u00e9s"},"content":{"rendered":"\n<p>Des sources officielles nationales nous annoncent que 70% des jeunes dipl\u00f4m\u00e9s chez nous, ne trouvent leur premier travail qu&#8217;apr\u00e8s 4 ans de l&#8217;obtention de leur dipl\u00f4me.<\/p>\n\n\n\n<p>Il est \u00e0 se demander d\u00e9j\u00e0 dans quel \u00e9tat psychologique, social et de maintien des connaissances acquises, ces jeunes acc\u00e8dent-ils \u00e0 cet emploi si rare, si lointain.<\/p>\n\n\n\n<p>Apr\u00e8s un cursus d&#8217;\u00e9tudes qui va de 12 \u00e0 17 ans, sinon bien plus, et de grandes esp\u00e9rances sociales et financi\u00e8res, 70% de nos jeunes dipl\u00f4m\u00e9s, qui plus est, se retrouvent \u00e0 la rue. Soit des dizaines de milliers par an !!!!!!<\/p>\n\n\n\n<p>Quel g\u00e2chis, quelles frustrations, quelle peine des parents !!! Des r\u00eaves transform\u00e9s en cauchemars, une force de frappe ligot\u00e9e en touche, un ascenseur social en panne.<\/p>\n\n\n\n<p>Une frange si sensible, si importante de notre jeunesse, cens\u00e9e \u00eatre notre chance pour la rel\u00e8ve et le d\u00e9veloppement, s&#8217;\u00e9rige en menace pour notre bien-\u00eatre collectif.<\/p>\n\n\n\n<p>Une telle r\u00e9alit\u00e9 effarante, effrayante, doit \u00eatre appr\u00e9hend\u00e9e \u00e0 trois niveaux majeurs :<\/p>\n\n\n\n<ul><li>au niveau de l'&#8221;Enseignement&#8221; pour faire sans plus attendre, les recadrages ou les changements profonds qui s&#8217;imposent,<\/li><li>au niveau des laur\u00e9ats pour cibler et apporter les compl\u00e9ments n\u00e9cessaires qui constituent les cl\u00e9s d&#8217;acc\u00e8s imm\u00e9diat \u00e0 l&#8217;emploi ou \u00e0 l&#8217;entreprenariat,<\/li><li>au niveau du &#8220;March\u00e9 de l&#8217;emploi&#8221; pour localiser les passerelles manquantes, les limites du March\u00e9 et les discordances entre formations et besoins r\u00e9els dudit March\u00e9.<\/li><\/ul>\n\n\n\n<p>En attendant que de tels chantiers urgentissimes puissent \u00eatre men\u00e9s, toutes affaires cessantes, et que des r\u00e9solutions fortes soient diligent\u00e9es, il est non moins urgent ni important que nos \u00e9lites et op\u00e9rateurs politiques, \u00e9conomiques et sociaux s&#8217;activent \u00e0 inventer des solutions srructurelles aux centaines de milliers de nos dipl\u00f4m\u00e9s ch\u00f4meurs qui sont d\u00e9j\u00e0 l\u00e0 sans pouvoir acc\u00e9der au march\u00e9 de l&#8217;emploi ou au monde de l&#8217;entreprenariat.<\/p>\n\n\n\n<p>Pour ma part, je me permets de proposer dans ce cadre, la cr\u00e9ation d&#8217;un &#8220;Fonds Interg\u00e9n\u00e9rationnel<br>de Solidarit\u00e9&#8221; (FIS) de 50 milliards de dh, qui soit d\u00e9di\u00e9 \u00e0 nos jeunes dipl\u00f4m\u00e9s \u00e0 la recherche d&#8217;emploi ou porteurs d&#8217;une id\u00e9e de cr\u00e9ation d&#8217;entreprise.<\/p>\n\n\n\n<p>Ce FIS devra financer quatre besoins de nos jeunes de 22 \u00e0 30 ans\u00a0:<\/p>\n\n\n\n<p>1-&nbsp;un stage op\u00e9rationnel \u00e0 plein temps, d\u2019insertion professionnelle (SOIP) de 18 \u00e0 24 mois en entreprise, sous l&#8217;accompagnement du Minist\u00e8re de l&#8217;Enseignement Sup\u00e9rieur, de l&#8217;Universit\u00e9 dont il est issu, de la CGEM, de l\u2019ANAPEC et de l\u2019OFPPT, qui \u00e9tablissent avec l\u2019entreprise d\u2019accueil le programme du stage et suivent le jeune pendant le stage jusqu&#8217;\u00e0 lui remettre une Attestation SOIP \u00e0 la fin du stage.<br>Outre les modules intensifs de d\u00e9clinaison pratique du dipl\u00f4me du jeune, le stage devra inclure un module \u201clangues\u201d pour approfondir les connaissances linguistiques (arabe, fran\u00e7ais, anglais, espagnol) du jeune. Il sera sanctionn\u00e9 \u00e0 la fin du SOIP, par des tests par langue, au mod\u00e8le du Toeic.<br>Ledit stage est r\u00e9mun\u00e9r\u00e9 \u00e0 1500 dh\/mois et financ\u00e9 \u00e0 parts \u00e9gales entre le FIS, la R\u00e9gion et le syst\u00e8me bancaire.<\/p>\n\n\n\n<p>2- l&#8217;\u00e9tude et le financement du 1er projet d\u2019entreprise du jeune dipl\u00f4m\u00e9, par un P\u00f4le d\u2019Accompagnement des Jeunes, cr\u00e9\u00e9 par le GPBM et relevant int\u00e9gralement de lui.<br>Ledit PAJ travaille en parfaite coordination avec le jeune dipl\u00f4m\u00e9, le syst\u00e8me bancaire et la CCG (Caisse Centrale de Garantie).<\/p>\n\n\n\n<p>3- une prime au mariage\u00a0du jeune b\u00e9n\u00e9ficiaire du FIS.<br>Cette prime intervient au moins 2 ans apr\u00e8s que le jeune accroche un CDI (Contrat de travail \u00e0 Dur\u00e9e Ind\u00e9termin\u00e9e) ou installe son entreprise dans le cadre du PAJ.<br>Ladite prime consistera en une Carte Solidarit\u00e9 Interg\u00e9n\u00e9rationnelle&#8221; (CSI) qui permet au jeune couple d&#8217;avoir 3 avantages :<br>\u2667 une remise de 20% sur les achats \u00e9lectrom\u00e9nagers dans les Grandes Surfaces et toutes autres Enseignes se portant volontaires \u00e0 souscrire \u00e0 ce produit citoyen,<br>\u2667 un acc\u00e8s imm\u00e9diat \u00e0 la Protection Sociale,<br>\u2667 une remise de 50% sur les billets de train.<\/p>\n\n\n\n<p>Outre tous ces avantages, ce point 3 contribuera \u00e0 r\u00e9gler le grand probl\u00e8me social du c\u00e9libat tardif, sinon durable, dans notre pays, qui est tenu sous silence complice et assourdissant.<\/p>\n\n\n\n<p>4- une prime \u00e0 l&#8217;acquisition du 1er logement principal du jeune dipl\u00f4m\u00e9 b\u00e9n\u00e9ficiaire du FIS, 2 ans minimum apr\u00e8s qu&#8217;il accroche un CDI (Contrat de travail \u00e0 Dur\u00e9e Ind\u00e9termin\u00e9e) ou installe son entreprise, et se marie.<br>Cette prime prendra 4 formes compl\u00e9mentaires :<br>\u2667 25.000 dh au titre d&#8217;une contribution publique \u00e0 l&#8217;acquisition du logement,<br>\u2667 une exon\u00e9ration de la TVA sur le pr\u00eat acquisition du logement,<br>\u2667 une exon\u00e9ration des frais d&#8217;enregistrement et de conservation fonci\u00e8re du logement acquis.<br>\u2667 une remise exceptionnelle de 25.000 dh, accord\u00e9e par le promoteur immobilier, n\u00e9goci\u00e9e par l&#8217;Etat.<\/p>\n\n\n\n<p>Ceci est \u00e0 mon humble avis, le prix in\u00e9luctable, n\u00e9cessaire pour faire renouer cette belle force vive de notre Nation, avec l&#8217;esp\u00e9rance, la visibilit\u00e9 et la dignit\u00e9 qui sont LA cl\u00e9 de TOUT, dont m\u00eame notre bien-\u00eatre collectif et notre d\u00e9veloppement.<\/p>\n\n\n\n<p><strong>Najib Mikou<br><\/strong>Consultant en Prospective et Etudes Strat\u00e9giques<\/p>\n","protected":false},"excerpt":{"rendered":"<p>Des sources officielles nationales nous annoncent que 70% des jeunes dipl\u00f4m\u00e9s chez nous, ne trouvent leur premier travail qu&#8217;apr\u00e8s 4 ans de l&#8217;obtention de leur dipl\u00f4me. Il est \u00e0 se demander d\u00e9j\u00e0 dans quel \u00e9tat psychologique, social et de maintien des connaissances acquises, ces jeunes acc\u00e8dent-ils \u00e0 cet emploi si rare, si lointain. Apr\u00e8s un [&hellip;]<\/p>\n","protected":false},"author":1,"featured_media":1667,"comment_status":"open","ping_status":"open","sticky":false,"template":"","format":"standard","meta":{"pgc_sgb_lightbox_settings":""},"categories":[71,14],"tags":[],"yoast_head":"<!-- This site is optimized with the Yoast SEO plugin v15.9.2 - https:\/\/yoast.com\/wordpress\/plugins\/seo\/ -->\n<meta name=\"robots\" content=\"index, follow, max-snippet:-1, max-image-preview:large, max-video-preview:-1\" \/>\n<link rel=\"canonical\" href=\"https:\/\/najibmikou.com\/fr\/pour-un-fonds-intergenerationnel-de-solidarite-pour-linsertion-professionnelle-et-sociale-des-jeunes-diplomes\/\" \/>\n<meta property=\"og:locale\" content=\"fr_FR\" \/>\n<meta property=\"og:type\" content=\"article\" \/>\n<meta property=\"og:title\" content=\"Pour un &quot;Fonds Interg\u00e9n\u00e9rationnel de Solidarit\u00e9&quot; pour l&#039;insertion professionnelle et sociale des jeunes dipl\u00f4m\u00e9s - Najib MIKOU\" \/>\n<meta property=\"og:description\" content=\"Des sources officielles nationales nous annoncent que 70% des jeunes dipl\u00f4m\u00e9s chez nous, ne trouvent leur premier travail qu&#8217;apr\u00e8s 4 ans de l&#8217;obtention de leur dipl\u00f4me. Il est \u00e0 se demander d\u00e9j\u00e0 dans quel \u00e9tat psychologique, social et de maintien des connaissances acquises, ces jeunes acc\u00e8dent-ils \u00e0 cet emploi si rare, si lointain. Apr\u00e8s un [&hellip;]\" \/>\n<meta property=\"og:url\" content=\"https:\/\/najibmikou.com\/fr\/pour-un-fonds-intergenerationnel-de-solidarite-pour-linsertion-professionnelle-et-sociale-des-jeunes-diplomes\/\" \/>\n<meta property=\"og:site_name\" content=\"Najib MIKOU\" \/>\n<meta property=\"article:published_time\" content=\"2021-11-07T22:05:00+00:00\" \/>\n<meta property=\"article:modified_time\" content=\"2021-11-09T22:12:04+00:00\" \/>\n<meta property=\"og:image\" content=\"https:\/\/najibmikou.com\/fr\/wp-content\/uploads\/2021\/03\/najibmikou.jpeg\" \/>\n\t<meta property=\"og:image:width\" content=\"699\" \/>\n\t<meta property=\"og:image:height\" content=\"400\" \/>\n<meta name=\"twitter:card\" content=\"summary_large_image\" \/>\n<meta name=\"twitter:label1\" content=\"Dur\u00e9e de lecture est.\">\n\t<meta name=\"twitter:data1\" content=\"4 minutes\">\n<script type=\"application\/ld+json\" class=\"yoast-schema-graph\">{\"@context\":\"https:\/\/schema.org\",\"@graph\":[{\"@type\":\"WebSite\",\"@id\":\"https:\/\/najibmikou.com\/fr\/#website\",\"url\":\"https:\/\/najibmikou.com\/fr\/\",\"name\":\"Najib MIKOU\",\"description\":\"\\u00c9crire c&#039;est contribuer \\u00e0 ce que le temps collectif ne se trompe pas de chemin\",\"potentialAction\":[{\"@type\":\"SearchAction\",\"target\":\"https:\/\/najibmikou.com\/fr\/?s={search_term_string}\",\"query-input\":\"required name=search_term_string\"}],\"inLanguage\":\"fr-FR\"},{\"@type\":\"ImageObject\",\"@id\":\"https:\/\/najibmikou.com\/fr\/pour-un-fonds-intergenerationnel-de-solidarite-pour-linsertion-professionnelle-et-sociale-des-jeunes-diplomes\/#primaryimage\",\"inLanguage\":\"fr-FR\",\"url\":\"https:\/\/najibmikou.com\/fr\/wp-content\/uploads\/2021\/03\/najibmikou.jpeg\",\"width\":699,\"height\":400},{\"@type\":\"WebPage\",\"@id\":\"https:\/\/najibmikou.com\/fr\/pour-un-fonds-intergenerationnel-de-solidarite-pour-linsertion-professionnelle-et-sociale-des-jeunes-diplomes\/#webpage\",\"url\":\"https:\/\/najibmikou.com\/fr\/pour-un-fonds-intergenerationnel-de-solidarite-pour-linsertion-professionnelle-et-sociale-des-jeunes-diplomes\/\",\"name\":\"Pour un \\\"Fonds Interg\\u00e9n\\u00e9rationnel de Solidarit\\u00e9\\\" pour l'insertion professionnelle et sociale des jeunes dipl\\u00f4m\\u00e9s - Najib MIKOU\",\"isPartOf\":{\"@id\":\"https:\/\/najibmikou.com\/fr\/#website\"},\"primaryImageOfPage\":{\"@id\":\"https:\/\/najibmikou.com\/fr\/pour-un-fonds-intergenerationnel-de-solidarite-pour-linsertion-professionnelle-et-sociale-des-jeunes-diplomes\/#primaryimage\"},\"datePublished\":\"2021-11-07T22:05:00+00:00\",\"dateModified\":\"2021-11-09T22:12:04+00:00\",\"author\":{\"@id\":\"https:\/\/najibmikou.com\/fr\/#\/schema\/person\/ad833ab699d080f01dced99b1891ec1e\"},\"breadcrumb\":{\"@id\":\"https:\/\/najibmikou.com\/fr\/pour-un-fonds-intergenerationnel-de-solidarite-pour-linsertion-professionnelle-et-sociale-des-jeunes-diplomes\/#breadcrumb\"},\"inLanguage\":\"fr-FR\",\"potentialAction\":[{\"@type\":\"ReadAction\",\"target\":[\"https:\/\/najibmikou.com\/fr\/pour-un-fonds-intergenerationnel-de-solidarite-pour-linsertion-professionnelle-et-sociale-des-jeunes-diplomes\/\"]}]},{\"@type\":\"BreadcrumbList\",\"@id\":\"https:\/\/najibmikou.com\/fr\/pour-un-fonds-intergenerationnel-de-solidarite-pour-linsertion-professionnelle-et-sociale-des-jeunes-diplomes\/#breadcrumb\",\"itemListElement\":[{\"@type\":\"ListItem\",\"position\":1,\"item\":{\"@type\":\"WebPage\",\"@id\":\"https:\/\/najibmikou.com\/fr\/\",\"url\":\"https:\/\/najibmikou.com\/fr\/\",\"name\":\"Accueil\"}},{\"@type\":\"ListItem\",\"position\":2,\"item\":{\"@type\":\"WebPage\",\"@id\":\"https:\/\/najibmikou.com\/fr\/pour-un-fonds-intergenerationnel-de-solidarite-pour-linsertion-professionnelle-et-sociale-des-jeunes-diplomes\/\",\"url\":\"https:\/\/najibmikou.com\/fr\/pour-un-fonds-intergenerationnel-de-solidarite-pour-linsertion-professionnelle-et-sociale-des-jeunes-diplomes\/\",\"name\":\"Pour un &#8220;Fonds Interg\\u00e9n\\u00e9rationnel de Solidarit\\u00e9&#8221; pour l&#8217;insertion professionnelle et sociale des jeunes dipl\\u00f4m\\u00e9s\"}}]},{\"@type\":\"Person\",\"@id\":\"https:\/\/najibmikou.com\/fr\/#\/schema\/person\/ad833ab699d080f01dced99b1891ec1e\",\"name\":\"Najib Mikou\",\"image\":{\"@type\":\"ImageObject\",\"@id\":\"https:\/\/najibmikou.com\/fr\/#personlogo\",\"inLanguage\":\"fr-FR\",\"url\":\"https:\/\/secure.gravatar.com\/avatar\/6dfd4a9a9096131eea6d80fb3de585a0?s=96&d=mm&r=g\",\"caption\":\"Najib Mikou\"},\"sameAs\":[\"http:\/\/najibmikou.com\/fr\"]}]}<\/script>\n<!-- \/ Yoast SEO plugin. -->","_links":{"self":[{"href":"https:\/\/najibmikou.com\/fr\/wp-json\/wp\/v2\/posts\/2543"}],"collection":[{"href":"https:\/\/najibmikou.com\/fr\/wp-json\/wp\/v2\/posts"}],"about":[{"href":"https:\/\/najibmikou.com\/fr\/wp-json\/wp\/v2\/types\/post"}],"author":[{"embeddable":true,"href":"https:\/\/najibmikou.com\/fr\/wp-json\/wp\/v2\/users\/1"}],"replies":[{"embeddable":true,"href":"https:\/\/najibmikou.com\/fr\/wp-json\/wp\/v2\/comments?post=2543"}],"version-history":[{"count":1,"href":"https:\/\/najibmikou.com\/fr\/wp-json\/wp\/v2\/posts\/2543\/revisions"}],"predecessor-version":[{"id":2544,"href":"https:\/\/najibmikou.com\/fr\/wp-json\/wp\/v2\/posts\/2543\/revisions\/2544"}],"wp:featuredmedia":[{"embeddable":true,"href":"https:\/\/najibmikou.com\/fr\/wp-json\/wp\/v2\/media\/1667"}],"wp:attachment":[{"href":"https:\/\/najibmikou.com\/fr\/wp-json\/wp\/v2\/media?parent=2543"}],"wp:term":[{"taxonomy":"category","embeddable":true,"href":"https:\/\/najibmikou.com\/fr\/wp-json\/wp\/v2\/categories?post=2543"},{"taxonomy":"post_tag","embeddable":true,"href":"https:\/\/najibmikou.com\/fr\/wp-json\/wp\/v2\/tags?post=2543"}],"curies":[{"name":"wp","href":"https:\/\/api.w.org\/{rel}","templated":true}]}}