{"id":2457,"date":"2021-10-18T00:17:18","date_gmt":"2021-10-17T22:17:18","guid":{"rendered":"https:\/\/najibmikou.com\/fr\/?p=2457"},"modified":"2021-10-18T00:17:22","modified_gmt":"2021-10-17T22:17:22","slug":"ma-3eme-dose-du-vaccin-contre-le-coronavirus","status":"publish","type":"post","link":"https:\/\/najibmikou.com\/fr\/ma-3eme-dose-du-vaccin-contre-le-coronavirus\/","title":{"rendered":"Ma 3\u00e8me dose du vaccin contre le Coronavirus"},"content":{"rendered":"\n<p>Voil\u00e0 5 jours que je re\u00e7ois tous les jours un SMS me demandant de me pr\u00e9senter au Centre de vaccination de mon choix pour me faire injecter gratuitement la 3\u00e8me dose.<\/p>\n\n\n\n<p>J&#8217;ai fini par me pr\u00e9senter aujourd&#8217;hui au Centre le plus proche. Une organisation exceptionnelle et des conditions de vaccination sobres et tout aussi exceptionnelles.<\/p>\n\n\n\n<p>Bien plus, il y a au menu 2 vaccins au choix : que pr\u00e9f\u00e9rez-vous Monsieur, Pfizer ou Sinopharm ?!<\/p>\n\n\n\n<p>Je r\u00eave ou quoi?!!<\/p>\n\n\n\n<p>J&#8217;avoue que j&#8217;ai eu droit, comme tous mes concitoyens, \u00e0 ce m\u00eame service et \u00e0 cette m\u00eame organisation pendant mes deux doses pr\u00e9c\u00e9dentes tout aussi gratuites. J&#8217;en ai partag\u00e9 \u00e0 chaque fois ici, mes sentiments de fiert\u00e9 et de satisfaction.<\/p>\n\n\n\n<p>Mais je tiens \u00e0 le dire et le r\u00e9p\u00e9ter aujourd&#8217;hui encore : un grand bravo \u00e0 l&#8217;Etat et aux agents de toutes les administrations concern\u00e9es, pour la mission accomplie \u00e0 tous points de vue.<\/p>\n\n\n\n<p>Cet acte en 3 temps, a imprim\u00e9 en moi 2 sentiments forts et 1 conviction intime.<\/p>\n\n\n\n<p>&gt; Mes 2 sentiments consistent au fait :<\/p>\n\n\n\n<p>1- que l&#8217;Etat n&#8217;a jamais \u00e9t\u00e9 aussi pr\u00e9sent pour donner au citoyen cette assurance n\u00e9cessaire qu&#8217;il est prot\u00e9g\u00e9, accompagn\u00e9, respect\u00e9 par un \u00c9tat fort, comp\u00e9tent,<br>juste, de proximit\u00e9 en intra-muros, et cr\u00e9dible et \u00e9cout\u00e9 \u00e0 l&#8217;international,<\/p>\n\n\n\n<p>2- que le Service Public s&#8217;est totalement m\u00e9tamorphos\u00e9 en bras op\u00e9rationnel comp\u00e9tent, civique, engag\u00e9 et patriote, d&#8217;une vision hors du commun,<\/p>\n\n\n\n<p>&gt; Quant \u00e0 ma conviction intime, elle consiste au fait que ce succ\u00e8s in\u00e9dit de mon vivant, n&#8217;est pas un coup de hasard ni un accident heureux. Il est incontestablement le fait :<\/p>\n\n\n\n<p>\u2667 d&#8217;un Monarque Visionnaire, Anticipatif, Pr\u00e9venant et Charismatique, qui a d\u00e9cid\u00e9 de prendre en main Personnellement la gestion de la pand\u00e9mie, tant que c&#8217;est Son pays et tout Son peuple qui sont mis en danger par une pand\u00e9mie d\u00e9vastatrice, ravageuse,<\/p>\n\n\n\n<p>\u2667 de directives fortes, claires et parfaitement encadr\u00e9es et suivies, dont la 1\u00e8re en t\u00eate de toutes : le respect, la consid\u00e9ration et la protection de TOUS les citoyens que compte le pays. Tous les corps de l&#8217;Etat s&#8217;y sont soumis et conform\u00e9 en se surpassant comme jamais, en les r\u00e9ussissant comme jamais.<\/p>\n\n\n\n<p>Non je ne r\u00eave pas, il s&#8217;agit bien de notre Maroc. Le r\u00eave n&#8217;est pas tant finalement, ce qu&#8217;on voit dans notre sommeil, mais surtout nos v\u0153ux qui nous emp\u00eachent de dormir jusqu&#8217;\u00e0 leur r\u00e9alisation.<\/p>\n\n\n\n<p><strong>Najib Mikou<br><\/strong>Consultant Prospective et Etudes Strat\u00e9giques<\/p>\n","protected":false},"excerpt":{"rendered":"<p>Voil\u00e0 5 jours que je re\u00e7ois tous les jours un SMS me demandant de me pr\u00e9senter au Centre de vaccination de mon choix pour me faire injecter gratuitement la 3\u00e8me dose. J&#8217;ai fini par me pr\u00e9senter aujourd&#8217;hui au Centre le plus proche. Une organisation exceptionnelle et des conditions de vaccination sobres et tout aussi exceptionnelles. [&hellip;]<\/p>\n","protected":false},"author":1,"featured_media":1667,"comment_status":"open","ping_status":"open","sticky":false,"template":"","format":"standard","meta":{"pgc_sgb_lightbox_settings":""},"categories":[71,14],"tags":[],"yoast_head":"<!-- This site is optimized with the Yoast SEO plugin v15.9.2 - https:\/\/yoast.com\/wordpress\/plugins\/seo\/ -->\n<meta name=\"robots\" content=\"index, follow, max-snippet:-1, max-image-preview:large, max-video-preview:-1\" \/>\n<link rel=\"canonical\" href=\"https:\/\/najibmikou.com\/fr\/ma-3eme-dose-du-vaccin-contre-le-coronavirus\/\" \/>\n<meta property=\"og:locale\" content=\"fr_FR\" \/>\n<meta property=\"og:type\" content=\"article\" \/>\n<meta property=\"og:title\" content=\"Ma 3\u00e8me dose du vaccin contre le Coronavirus - Najib MIKOU\" \/>\n<meta property=\"og:description\" content=\"Voil\u00e0 5 jours que je re\u00e7ois tous les jours un SMS me demandant de me pr\u00e9senter au Centre de vaccination de mon choix pour me faire injecter gratuitement la 3\u00e8me dose. J&#8217;ai fini par me pr\u00e9senter aujourd&#8217;hui au Centre le plus proche. Une organisation exceptionnelle et des conditions de vaccination sobres et tout aussi exceptionnelles. [&hellip;]\" \/>\n<meta property=\"og:url\" content=\"https:\/\/najibmikou.com\/fr\/ma-3eme-dose-du-vaccin-contre-le-coronavirus\/\" \/>\n<meta property=\"og:site_name\" content=\"Najib MIKOU\" \/>\n<meta property=\"article:published_time\" content=\"2021-10-17T22:17:18+00:00\" \/>\n<meta property=\"article:modified_time\" content=\"2021-10-17T22:17:22+00:00\" \/>\n<meta property=\"og:image\" content=\"https:\/\/najibmikou.com\/fr\/wp-content\/uploads\/2021\/03\/najibmikou.jpeg\" \/>\n\t<meta property=\"og:image:width\" content=\"699\" \/>\n\t<meta property=\"og:image:height\" content=\"400\" \/>\n<meta name=\"twitter:card\" content=\"summary_large_image\" \/>\n<meta name=\"twitter:label1\" content=\"Dur\u00e9e de lecture est.\">\n\t<meta name=\"twitter:data1\" content=\"2 minutes\">\n<script type=\"application\/ld+json\" class=\"yoast-schema-graph\">{\"@context\":\"https:\/\/schema.org\",\"@graph\":[{\"@type\":\"WebSite\",\"@id\":\"https:\/\/najibmikou.com\/fr\/#website\",\"url\":\"https:\/\/najibmikou.com\/fr\/\",\"name\":\"Najib MIKOU\",\"description\":\"\\u00c9crire c&#039;est contribuer \\u00e0 ce que le temps collectif ne se trompe pas de chemin\",\"potentialAction\":[{\"@type\":\"SearchAction\",\"target\":\"https:\/\/najibmikou.com\/fr\/?s={search_term_string}\",\"query-input\":\"required name=search_term_string\"}],\"inLanguage\":\"fr-FR\"},{\"@type\":\"ImageObject\",\"@id\":\"https:\/\/najibmikou.com\/fr\/ma-3eme-dose-du-vaccin-contre-le-coronavirus\/#primaryimage\",\"inLanguage\":\"fr-FR\",\"url\":\"https:\/\/najibmikou.com\/fr\/wp-content\/uploads\/2021\/03\/najibmikou.jpeg\",\"width\":699,\"height\":400},{\"@type\":\"WebPage\",\"@id\":\"https:\/\/najibmikou.com\/fr\/ma-3eme-dose-du-vaccin-contre-le-coronavirus\/#webpage\",\"url\":\"https:\/\/najibmikou.com\/fr\/ma-3eme-dose-du-vaccin-contre-le-coronavirus\/\",\"name\":\"Ma 3\\u00e8me dose du vaccin contre le Coronavirus - Najib MIKOU\",\"isPartOf\":{\"@id\":\"https:\/\/najibmikou.com\/fr\/#website\"},\"primaryImageOfPage\":{\"@id\":\"https:\/\/najibmikou.com\/fr\/ma-3eme-dose-du-vaccin-contre-le-coronavirus\/#primaryimage\"},\"datePublished\":\"2021-10-17T22:17:18+00:00\",\"dateModified\":\"2021-10-17T22:17:22+00:00\",\"author\":{\"@id\":\"https:\/\/najibmikou.com\/fr\/#\/schema\/person\/ad833ab699d080f01dced99b1891ec1e\"},\"breadcrumb\":{\"@id\":\"https:\/\/najibmikou.com\/fr\/ma-3eme-dose-du-vaccin-contre-le-coronavirus\/#breadcrumb\"},\"inLanguage\":\"fr-FR\",\"potentialAction\":[{\"@type\":\"ReadAction\",\"target\":[\"https:\/\/najibmikou.com\/fr\/ma-3eme-dose-du-vaccin-contre-le-coronavirus\/\"]}]},{\"@type\":\"BreadcrumbList\",\"@id\":\"https:\/\/najibmikou.com\/fr\/ma-3eme-dose-du-vaccin-contre-le-coronavirus\/#breadcrumb\",\"itemListElement\":[{\"@type\":\"ListItem\",\"position\":1,\"item\":{\"@type\":\"WebPage\",\"@id\":\"https:\/\/najibmikou.com\/fr\/\",\"url\":\"https:\/\/najibmikou.com\/fr\/\",\"name\":\"Accueil\"}},{\"@type\":\"ListItem\",\"position\":2,\"item\":{\"@type\":\"WebPage\",\"@id\":\"https:\/\/najibmikou.com\/fr\/ma-3eme-dose-du-vaccin-contre-le-coronavirus\/\",\"url\":\"https:\/\/najibmikou.com\/fr\/ma-3eme-dose-du-vaccin-contre-le-coronavirus\/\",\"name\":\"Ma 3\\u00e8me dose du vaccin contre le Coronavirus\"}}]},{\"@type\":\"Person\",\"@id\":\"https:\/\/najibmikou.com\/fr\/#\/schema\/person\/ad833ab699d080f01dced99b1891ec1e\",\"name\":\"Najib Mikou\",\"image\":{\"@type\":\"ImageObject\",\"@id\":\"https:\/\/najibmikou.com\/fr\/#personlogo\",\"inLanguage\":\"fr-FR\",\"url\":\"https:\/\/secure.gravatar.com\/avatar\/6dfd4a9a9096131eea6d80fb3de585a0?s=96&d=mm&r=g\",\"caption\":\"Najib Mikou\"},\"sameAs\":[\"http:\/\/najibmikou.com\/fr\"]}]}<\/script>\n<!-- \/ Yoast SEO plugin. -->","_links":{"self":[{"href":"https:\/\/najibmikou.com\/fr\/wp-json\/wp\/v2\/posts\/2457"}],"collection":[{"href":"https:\/\/najibmikou.com\/fr\/wp-json\/wp\/v2\/posts"}],"about":[{"href":"https:\/\/najibmikou.com\/fr\/wp-json\/wp\/v2\/types\/post"}],"author":[{"embeddable":true,"href":"https:\/\/najibmikou.com\/fr\/wp-json\/wp\/v2\/users\/1"}],"replies":[{"embeddable":true,"href":"https:\/\/najibmikou.com\/fr\/wp-json\/wp\/v2\/comments?post=2457"}],"version-history":[{"count":1,"href":"https:\/\/najibmikou.com\/fr\/wp-json\/wp\/v2\/posts\/2457\/revisions"}],"predecessor-version":[{"id":2458,"href":"https:\/\/najibmikou.com\/fr\/wp-json\/wp\/v2\/posts\/2457\/revisions\/2458"}],"wp:featuredmedia":[{"embeddable":true,"href":"https:\/\/najibmikou.com\/fr\/wp-json\/wp\/v2\/media\/1667"}],"wp:attachment":[{"href":"https:\/\/najibmikou.com\/fr\/wp-json\/wp\/v2\/media?parent=2457"}],"wp:term":[{"taxonomy":"category","embeddable":true,"href":"https:\/\/najibmikou.com\/fr\/wp-json\/wp\/v2\/categories?post=2457"},{"taxonomy":"post_tag","embeddable":true,"href":"https:\/\/najibmikou.com\/fr\/wp-json\/wp\/v2\/tags?post=2457"}],"curies":[{"name":"wp","href":"https:\/\/api.w.org\/{rel}","templated":true}]}}