{"id":2452,"date":"2021-10-08T23:45:00","date_gmt":"2021-10-08T21:45:00","guid":{"rendered":"https:\/\/najibmikou.com\/fr\/?p=2452"},"modified":"2021-10-11T23:47:55","modified_gmt":"2021-10-11T21:47:55","slug":"un-gouvernement-de-toutes-les-promesses-de-tous-les-espoirs","status":"publish","type":"post","link":"https:\/\/najibmikou.com\/fr\/un-gouvernement-de-toutes-les-promesses-de-tous-les-espoirs\/","title":{"rendered":"Un gouvernement de toutes les promesses, de tous les espoirs"},"content":{"rendered":"\n<p>Sa Majest\u00e9 Le Roi a nomm\u00e9 aujourd&#8217;hui en milieu d&#8217;apr\u00e8s-midi, le nouveau gouvernement, \u00e0 l&#8217;issu d&#8217;un parcours d\u00e9mocratique sans la moindre faute.<\/p>\n\n\n\n<p>L&#8217;ann\u00e9e 2021 marque incontestablement, une formidable avanc\u00e9e d\u00e9mocratique o\u00f9 notre pays a donn\u00e9 la meilleure image de lui-m\u00eame et confort\u00e9 les ambitions de son positionnement international.<\/p>\n\n\n\n<p>Le nouveau gouvernement nomm\u00e9 imm\u00e9diatement apr\u00e8s les \u00e9lections de la 2\u00e8me Chambre, qui constituent l&#8217;ultime \u00e9tape dans un long processus entam\u00e9 depuis le mois de juin dernier, est une \u00e9quipe ramass\u00e9e, fraiche, constitu\u00e9e de femmes et d&#8217;hommes de diverses formations et de grande comp\u00e9tence. Une \u00e9quipe qui honore le Maroc \u00e0 tous points de vue.<\/p>\n\n\n\n<p>J&#8217;ai l&#8217;intime conviction que notre pays va avancer de plain-pied vers de meilleurs horizons, un meilleur destin. Il avancera mieux, plus vite et sur plusieurs chantiers denses et structurants.<\/p>\n\n\n\n<p>Faut-il rappeler ici que lorsqu\u2019un seul homme r\u00eave, ce n\u2019est qu\u2019un r\u00eave, mais quand Le Monarque et son peuple portent ensemble le m\u00eame r\u00eave d&#8217;un bien meilleur destin pour le Maroc et pour tous les marocains, \u00e7a devient une nouvelle r\u00e9alit\u00e9 et de nouvelles esp\u00e9rances qui ne peuvent encore \u00eatre ni \u00e9touff\u00e9es ni ind\u00e9finiment frustr\u00e9es ou report\u00e9es. D\u2019o\u00f9 la n\u00e9cessit\u00e9 pour le nouveau gouvernement de s\u2019approprier v\u00e9ritablement ce grand r\u00eave et de se surpasser pour l&#8217;exhausser. Il a TOUS les atouts pour ce faire.<\/p>\n\n\n\n<p>Je prie pour votre succ\u00e8s Mesdames et Messieurs les Ministres. Notre pays en a grand besoin, nous tous marocains, en avons grand besoin. Nous le m\u00e9ritons amplement.<\/p>\n\n\n\n<p>\u0646\u0635\u0631 \u0645\u0646 \u0627\u0644\u0644\u0647 \u0648\u0641\u062a\u062d \u0642\u0631\u064a\u0628<\/p>\n\n\n\n<p><strong>Najib Mikou<\/strong><\/p>\n\n\n\n<p>Consultant Prospective et Etudes Strat\u00e9giques<\/p>\n","protected":false},"excerpt":{"rendered":"<p>Sa Majest\u00e9 Le Roi a nomm\u00e9 aujourd&#8217;hui en milieu d&#8217;apr\u00e8s-midi, le nouveau gouvernement, \u00e0 l&#8217;issu d&#8217;un parcours d\u00e9mocratique sans la moindre faute. L&#8217;ann\u00e9e 2021 marque incontestablement, une formidable avanc\u00e9e d\u00e9mocratique o\u00f9 notre pays a donn\u00e9 la meilleure image de lui-m\u00eame et confort\u00e9 les ambitions de son positionnement international. Le nouveau gouvernement nomm\u00e9 imm\u00e9diatement apr\u00e8s les [&hellip;]<\/p>\n","protected":false},"author":1,"featured_media":1667,"comment_status":"open","ping_status":"open","sticky":false,"template":"","format":"standard","meta":{"pgc_sgb_lightbox_settings":""},"categories":[71,18],"tags":[],"yoast_head":"<!-- This site is optimized with the Yoast SEO plugin v15.9.2 - https:\/\/yoast.com\/wordpress\/plugins\/seo\/ -->\n<meta name=\"robots\" content=\"index, follow, max-snippet:-1, max-image-preview:large, max-video-preview:-1\" \/>\n<link rel=\"canonical\" href=\"https:\/\/najibmikou.com\/fr\/un-gouvernement-de-toutes-les-promesses-de-tous-les-espoirs\/\" \/>\n<meta property=\"og:locale\" content=\"fr_FR\" \/>\n<meta property=\"og:type\" content=\"article\" \/>\n<meta property=\"og:title\" content=\"Un gouvernement de toutes les promesses, de tous les espoirs - Najib MIKOU\" \/>\n<meta property=\"og:description\" content=\"Sa Majest\u00e9 Le Roi a nomm\u00e9 aujourd&#8217;hui en milieu d&#8217;apr\u00e8s-midi, le nouveau gouvernement, \u00e0 l&#8217;issu d&#8217;un parcours d\u00e9mocratique sans la moindre faute. L&#8217;ann\u00e9e 2021 marque incontestablement, une formidable avanc\u00e9e d\u00e9mocratique o\u00f9 notre pays a donn\u00e9 la meilleure image de lui-m\u00eame et confort\u00e9 les ambitions de son positionnement international. Le nouveau gouvernement nomm\u00e9 imm\u00e9diatement apr\u00e8s les [&hellip;]\" \/>\n<meta property=\"og:url\" content=\"https:\/\/najibmikou.com\/fr\/un-gouvernement-de-toutes-les-promesses-de-tous-les-espoirs\/\" \/>\n<meta property=\"og:site_name\" content=\"Najib MIKOU\" \/>\n<meta property=\"article:published_time\" content=\"2021-10-08T21:45:00+00:00\" \/>\n<meta property=\"article:modified_time\" content=\"2021-10-11T21:47:55+00:00\" \/>\n<meta property=\"og:image\" content=\"https:\/\/najibmikou.com\/fr\/wp-content\/uploads\/2021\/03\/najibmikou.jpeg\" \/>\n\t<meta property=\"og:image:width\" content=\"699\" \/>\n\t<meta property=\"og:image:height\" content=\"400\" \/>\n<meta name=\"twitter:card\" content=\"summary_large_image\" \/>\n<meta name=\"twitter:label1\" content=\"Dur\u00e9e de lecture est.\">\n\t<meta name=\"twitter:data1\" content=\"2 minutes\">\n<script type=\"application\/ld+json\" class=\"yoast-schema-graph\">{\"@context\":\"https:\/\/schema.org\",\"@graph\":[{\"@type\":\"WebSite\",\"@id\":\"https:\/\/najibmikou.com\/fr\/#website\",\"url\":\"https:\/\/najibmikou.com\/fr\/\",\"name\":\"Najib MIKOU\",\"description\":\"\\u00c9crire c&#039;est contribuer \\u00e0 ce que le temps collectif ne se trompe pas de chemin\",\"potentialAction\":[{\"@type\":\"SearchAction\",\"target\":\"https:\/\/najibmikou.com\/fr\/?s={search_term_string}\",\"query-input\":\"required name=search_term_string\"}],\"inLanguage\":\"fr-FR\"},{\"@type\":\"ImageObject\",\"@id\":\"https:\/\/najibmikou.com\/fr\/un-gouvernement-de-toutes-les-promesses-de-tous-les-espoirs\/#primaryimage\",\"inLanguage\":\"fr-FR\",\"url\":\"https:\/\/najibmikou.com\/fr\/wp-content\/uploads\/2021\/03\/najibmikou.jpeg\",\"width\":699,\"height\":400},{\"@type\":\"WebPage\",\"@id\":\"https:\/\/najibmikou.com\/fr\/un-gouvernement-de-toutes-les-promesses-de-tous-les-espoirs\/#webpage\",\"url\":\"https:\/\/najibmikou.com\/fr\/un-gouvernement-de-toutes-les-promesses-de-tous-les-espoirs\/\",\"name\":\"Un gouvernement de toutes les promesses, de tous les espoirs - Najib MIKOU\",\"isPartOf\":{\"@id\":\"https:\/\/najibmikou.com\/fr\/#website\"},\"primaryImageOfPage\":{\"@id\":\"https:\/\/najibmikou.com\/fr\/un-gouvernement-de-toutes-les-promesses-de-tous-les-espoirs\/#primaryimage\"},\"datePublished\":\"2021-10-08T21:45:00+00:00\",\"dateModified\":\"2021-10-11T21:47:55+00:00\",\"author\":{\"@id\":\"https:\/\/najibmikou.com\/fr\/#\/schema\/person\/ad833ab699d080f01dced99b1891ec1e\"},\"breadcrumb\":{\"@id\":\"https:\/\/najibmikou.com\/fr\/un-gouvernement-de-toutes-les-promesses-de-tous-les-espoirs\/#breadcrumb\"},\"inLanguage\":\"fr-FR\",\"potentialAction\":[{\"@type\":\"ReadAction\",\"target\":[\"https:\/\/najibmikou.com\/fr\/un-gouvernement-de-toutes-les-promesses-de-tous-les-espoirs\/\"]}]},{\"@type\":\"BreadcrumbList\",\"@id\":\"https:\/\/najibmikou.com\/fr\/un-gouvernement-de-toutes-les-promesses-de-tous-les-espoirs\/#breadcrumb\",\"itemListElement\":[{\"@type\":\"ListItem\",\"position\":1,\"item\":{\"@type\":\"WebPage\",\"@id\":\"https:\/\/najibmikou.com\/fr\/\",\"url\":\"https:\/\/najibmikou.com\/fr\/\",\"name\":\"Accueil\"}},{\"@type\":\"ListItem\",\"position\":2,\"item\":{\"@type\":\"WebPage\",\"@id\":\"https:\/\/najibmikou.com\/fr\/un-gouvernement-de-toutes-les-promesses-de-tous-les-espoirs\/\",\"url\":\"https:\/\/najibmikou.com\/fr\/un-gouvernement-de-toutes-les-promesses-de-tous-les-espoirs\/\",\"name\":\"Un gouvernement de toutes les promesses, de tous les espoirs\"}}]},{\"@type\":\"Person\",\"@id\":\"https:\/\/najibmikou.com\/fr\/#\/schema\/person\/ad833ab699d080f01dced99b1891ec1e\",\"name\":\"Najib Mikou\",\"image\":{\"@type\":\"ImageObject\",\"@id\":\"https:\/\/najibmikou.com\/fr\/#personlogo\",\"inLanguage\":\"fr-FR\",\"url\":\"https:\/\/secure.gravatar.com\/avatar\/6dfd4a9a9096131eea6d80fb3de585a0?s=96&d=mm&r=g\",\"caption\":\"Najib Mikou\"},\"sameAs\":[\"http:\/\/najibmikou.com\/fr\"]}]}<\/script>\n<!-- \/ Yoast SEO plugin. -->","_links":{"self":[{"href":"https:\/\/najibmikou.com\/fr\/wp-json\/wp\/v2\/posts\/2452"}],"collection":[{"href":"https:\/\/najibmikou.com\/fr\/wp-json\/wp\/v2\/posts"}],"about":[{"href":"https:\/\/najibmikou.com\/fr\/wp-json\/wp\/v2\/types\/post"}],"author":[{"embeddable":true,"href":"https:\/\/najibmikou.com\/fr\/wp-json\/wp\/v2\/users\/1"}],"replies":[{"embeddable":true,"href":"https:\/\/najibmikou.com\/fr\/wp-json\/wp\/v2\/comments?post=2452"}],"version-history":[{"count":1,"href":"https:\/\/najibmikou.com\/fr\/wp-json\/wp\/v2\/posts\/2452\/revisions"}],"predecessor-version":[{"id":2453,"href":"https:\/\/najibmikou.com\/fr\/wp-json\/wp\/v2\/posts\/2452\/revisions\/2453"}],"wp:featuredmedia":[{"embeddable":true,"href":"https:\/\/najibmikou.com\/fr\/wp-json\/wp\/v2\/media\/1667"}],"wp:attachment":[{"href":"https:\/\/najibmikou.com\/fr\/wp-json\/wp\/v2\/media?parent=2452"}],"wp:term":[{"taxonomy":"category","embeddable":true,"href":"https:\/\/najibmikou.com\/fr\/wp-json\/wp\/v2\/categories?post=2452"},{"taxonomy":"post_tag","embeddable":true,"href":"https:\/\/najibmikou.com\/fr\/wp-json\/wp\/v2\/tags?post=2452"}],"curies":[{"name":"wp","href":"https:\/\/api.w.org\/{rel}","templated":true}]}}