{"id":2378,"date":"2021-09-02T00:30:05","date_gmt":"2021-09-01T22:30:05","guid":{"rendered":"https:\/\/najibmikou.com\/fr\/?p=2378"},"modified":"2021-09-05T22:35:20","modified_gmt":"2021-09-05T20:35:20","slug":"jappelle-a-une-grande-evasion-de-lalcatraz-de-tindouf","status":"publish","type":"post","link":"https:\/\/najibmikou.com\/fr\/jappelle-a-une-grande-evasion-de-lalcatraz-de-tindouf\/","title":{"rendered":"J&#8217;appelle \u00e0 une Grande \u00c9vasion de l&#8217;Alcatraz de Tindouf"},"content":{"rendered":"\n<p><strong>Najib Mikou<\/strong><\/p>\n\n\n\n<p>Il est irr\u00e9sistible ce cri qui me ronge depuis toutes ces derni\u00e8res semaines et dont je d\u00e9cide enfin de me lib\u00e9rer aujourd&#8217;hui : concitoyens s\u00e9questr\u00e9s par l&#8217;Alg\u00e9rie \u00e0 l&#8217;Alcatraz de Tindouf, \u00e9vadez-vous collectivement vers votre Maroc de Tanger \u00e0 Laguouira.<\/p>\n\n\n\n<p>Nous sommes \u00e0 quelques jours d&#8217;\u00e9lections l\u00e9gislatives, r\u00e9gionales et communales et je nourris le souhait le plus intense de vous voir toutes et tous, prendre le chemin des urnes dans l&#8217;ensemble des localit\u00e9s et villes de nos Provinces du Sud, votre cadre de vie naturel, l&#8217;un des territoires les plus chers de votre v\u00e9ritable Patrie, Le Royaume du Maroc.<\/p>\n\n\n\n<p>Vous contribuerez par vos votes aux c\u00f4t\u00e9s de centaines de milliers de vos s\u0153urs et fr\u00e8res de ces Provinces ch\u00e8res, \u00e0 la d\u00e9clinaison de nos aspirations communes de faire correspondre ces espaces \u00e0 nos r\u00eaves collectifs.<\/p>\n\n\n\n<p>La haine, le mensonge et un syst\u00e8me policier digne des pires dictatures sanguinaires, vous privent de notre Maroc collectif et de votre droit humain et universel, \u00e0 avoir et \u00eatre dans votre propre et vraie patrie, \u00e0 contribuer \u00e0 la gestion de nos cit\u00e9s, \u00e0 user de tous vos droits civiques et \u00e0 honorer toutes vos obligations de citoyens.<\/p>\n\n\n\n<p>Vous me manquez, vous manquerez cruellement \u00e0 ce grand \u00e9v\u00e9nement d\u00e9mocratique.<\/p>\n\n\n\n<p>Prenez le risque patriotique d&#8217;une grande \u00e9vasion vers votre Patrie, Le Royaume du Maroc. Sachez que le taux de participation de nos concitoyens des Provinces du Sud, aux diff\u00e9rentes \u00e9ch\u00e9ances \u00e9lectorales, d\u00e9passe syst\u00e9matiquement 70%. Votre participation aux votes du 8 septembre, viendra renforcer davantage ce taux et transformera cette \u00e9ch\u00e9ance \u00e9lectorale en v\u00e9ritable f\u00eate populaire et d\u00e9mocratique.<\/p>\n\n\n\n<p>Votre Maroc a pay\u00e9 le prix le plus cher du sang de ses hommes pour lib\u00e9rer ces Provinces combien ch\u00e8res et composante indivisible de notre Patrie.<\/p>\n\n\n\n<p>Votre Maroc a totalement m\u00e9tamorphos\u00e9 ces Provinces par un sacrifice collectif in\u00e9dit sur les plans humain, \u00e9conomique, financier et social. Ces Provinces sont aujourd&#8217;hui un joyau, une fiert\u00e9 d&#8217;une Nation toute enti\u00e8re.<\/p>\n\n\n\n<p>On est pein\u00e9, malheureux \u00e0 vous voir priv\u00e9s de toutes ces prouesses.<\/p>\n\n\n\n<p>Les dirigeants alg\u00e9riens qui vous enferment et vous exploitent pour des vis\u00e9es haineuses, h\u00e9g\u00e9moniques, hormonales, rendront compte devant l&#8217;histoire et le Concert des Nations, un jour qui ne saurait plus tarder, de vous avoir priv\u00e9s durant plus de 45 ans de votre Royaume du Maroc, de vos familles, de ce sentiment de fiert\u00e9 bien en nous, d&#8217;appartenance \u00e0 une grande Patrie, une grande Nation, un grand Etat de plus en plus prosp\u00e8re et rayonnant.<\/p>\n","protected":false},"excerpt":{"rendered":"<p>Najib Mikou Il est irr\u00e9sistible ce cri qui me ronge depuis toutes ces derni\u00e8res semaines et dont je d\u00e9cide enfin de me lib\u00e9rer aujourd&#8217;hui : concitoyens s\u00e9questr\u00e9s par l&#8217;Alg\u00e9rie \u00e0 l&#8217;Alcatraz de Tindouf, \u00e9vadez-vous collectivement vers votre Maroc de Tanger \u00e0 Laguouira. Nous sommes \u00e0 quelques jours d&#8217;\u00e9lections l\u00e9gislatives, r\u00e9gionales et communales et je nourris [&hellip;]<\/p>\n","protected":false},"author":1,"featured_media":1667,"comment_status":"open","ping_status":"open","sticky":false,"template":"","format":"standard","meta":{"pgc_sgb_lightbox_settings":""},"categories":[71,18],"tags":[],"yoast_head":"<!-- This site is optimized with the Yoast SEO plugin v15.9.2 - https:\/\/yoast.com\/wordpress\/plugins\/seo\/ -->\n<meta name=\"robots\" content=\"index, follow, max-snippet:-1, max-image-preview:large, max-video-preview:-1\" \/>\n<link rel=\"canonical\" href=\"https:\/\/najibmikou.com\/fr\/jappelle-a-une-grande-evasion-de-lalcatraz-de-tindouf\/\" \/>\n<meta property=\"og:locale\" content=\"fr_FR\" \/>\n<meta property=\"og:type\" content=\"article\" \/>\n<meta property=\"og:title\" content=\"J&#039;appelle \u00e0 une Grande \u00c9vasion de l&#039;Alcatraz de Tindouf - Najib MIKOU\" \/>\n<meta property=\"og:description\" content=\"Najib Mikou Il est irr\u00e9sistible ce cri qui me ronge depuis toutes ces derni\u00e8res semaines et dont je d\u00e9cide enfin de me lib\u00e9rer aujourd&#8217;hui : concitoyens s\u00e9questr\u00e9s par l&#8217;Alg\u00e9rie \u00e0 l&#8217;Alcatraz de Tindouf, \u00e9vadez-vous collectivement vers votre Maroc de Tanger \u00e0 Laguouira. Nous sommes \u00e0 quelques jours d&#8217;\u00e9lections l\u00e9gislatives, r\u00e9gionales et communales et je nourris [&hellip;]\" \/>\n<meta property=\"og:url\" content=\"https:\/\/najibmikou.com\/fr\/jappelle-a-une-grande-evasion-de-lalcatraz-de-tindouf\/\" \/>\n<meta property=\"og:site_name\" content=\"Najib MIKOU\" \/>\n<meta property=\"article:published_time\" content=\"2021-09-01T22:30:05+00:00\" \/>\n<meta property=\"article:modified_time\" content=\"2021-09-05T20:35:20+00:00\" \/>\n<meta property=\"og:image\" content=\"https:\/\/najibmikou.com\/fr\/wp-content\/uploads\/2021\/03\/najibmikou.jpeg\" \/>\n\t<meta property=\"og:image:width\" content=\"699\" \/>\n\t<meta property=\"og:image:height\" content=\"400\" \/>\n<meta name=\"twitter:card\" content=\"summary_large_image\" \/>\n<meta name=\"twitter:label1\" content=\"Dur\u00e9e de lecture est.\">\n\t<meta name=\"twitter:data1\" content=\"2 minutes\">\n<script type=\"application\/ld+json\" class=\"yoast-schema-graph\">{\"@context\":\"https:\/\/schema.org\",\"@graph\":[{\"@type\":\"WebSite\",\"@id\":\"https:\/\/najibmikou.com\/fr\/#website\",\"url\":\"https:\/\/najibmikou.com\/fr\/\",\"name\":\"Najib MIKOU\",\"description\":\"\\u00c9crire c&#039;est contribuer \\u00e0 ce que le temps collectif ne se trompe pas de chemin\",\"potentialAction\":[{\"@type\":\"SearchAction\",\"target\":\"https:\/\/najibmikou.com\/fr\/?s={search_term_string}\",\"query-input\":\"required name=search_term_string\"}],\"inLanguage\":\"fr-FR\"},{\"@type\":\"ImageObject\",\"@id\":\"https:\/\/najibmikou.com\/fr\/jappelle-a-une-grande-evasion-de-lalcatraz-de-tindouf\/#primaryimage\",\"inLanguage\":\"fr-FR\",\"url\":\"https:\/\/najibmikou.com\/fr\/wp-content\/uploads\/2021\/03\/najibmikou.jpeg\",\"width\":699,\"height\":400},{\"@type\":\"WebPage\",\"@id\":\"https:\/\/najibmikou.com\/fr\/jappelle-a-une-grande-evasion-de-lalcatraz-de-tindouf\/#webpage\",\"url\":\"https:\/\/najibmikou.com\/fr\/jappelle-a-une-grande-evasion-de-lalcatraz-de-tindouf\/\",\"name\":\"J'appelle \\u00e0 une Grande \\u00c9vasion de l'Alcatraz de Tindouf - Najib MIKOU\",\"isPartOf\":{\"@id\":\"https:\/\/najibmikou.com\/fr\/#website\"},\"primaryImageOfPage\":{\"@id\":\"https:\/\/najibmikou.com\/fr\/jappelle-a-une-grande-evasion-de-lalcatraz-de-tindouf\/#primaryimage\"},\"datePublished\":\"2021-09-01T22:30:05+00:00\",\"dateModified\":\"2021-09-05T20:35:20+00:00\",\"author\":{\"@id\":\"https:\/\/najibmikou.com\/fr\/#\/schema\/person\/ad833ab699d080f01dced99b1891ec1e\"},\"breadcrumb\":{\"@id\":\"https:\/\/najibmikou.com\/fr\/jappelle-a-une-grande-evasion-de-lalcatraz-de-tindouf\/#breadcrumb\"},\"inLanguage\":\"fr-FR\",\"potentialAction\":[{\"@type\":\"ReadAction\",\"target\":[\"https:\/\/najibmikou.com\/fr\/jappelle-a-une-grande-evasion-de-lalcatraz-de-tindouf\/\"]}]},{\"@type\":\"BreadcrumbList\",\"@id\":\"https:\/\/najibmikou.com\/fr\/jappelle-a-une-grande-evasion-de-lalcatraz-de-tindouf\/#breadcrumb\",\"itemListElement\":[{\"@type\":\"ListItem\",\"position\":1,\"item\":{\"@type\":\"WebPage\",\"@id\":\"https:\/\/najibmikou.com\/fr\/\",\"url\":\"https:\/\/najibmikou.com\/fr\/\",\"name\":\"Accueil\"}},{\"@type\":\"ListItem\",\"position\":2,\"item\":{\"@type\":\"WebPage\",\"@id\":\"https:\/\/najibmikou.com\/fr\/jappelle-a-une-grande-evasion-de-lalcatraz-de-tindouf\/\",\"url\":\"https:\/\/najibmikou.com\/fr\/jappelle-a-une-grande-evasion-de-lalcatraz-de-tindouf\/\",\"name\":\"J&#8217;appelle \\u00e0 une Grande \\u00c9vasion de l&#8217;Alcatraz de Tindouf\"}}]},{\"@type\":\"Person\",\"@id\":\"https:\/\/najibmikou.com\/fr\/#\/schema\/person\/ad833ab699d080f01dced99b1891ec1e\",\"name\":\"Najib Mikou\",\"image\":{\"@type\":\"ImageObject\",\"@id\":\"https:\/\/najibmikou.com\/fr\/#personlogo\",\"inLanguage\":\"fr-FR\",\"url\":\"https:\/\/secure.gravatar.com\/avatar\/6dfd4a9a9096131eea6d80fb3de585a0?s=96&d=mm&r=g\",\"caption\":\"Najib Mikou\"},\"sameAs\":[\"http:\/\/najibmikou.com\/fr\"]}]}<\/script>\n<!-- \/ Yoast SEO plugin. -->","_links":{"self":[{"href":"https:\/\/najibmikou.com\/fr\/wp-json\/wp\/v2\/posts\/2378"}],"collection":[{"href":"https:\/\/najibmikou.com\/fr\/wp-json\/wp\/v2\/posts"}],"about":[{"href":"https:\/\/najibmikou.com\/fr\/wp-json\/wp\/v2\/types\/post"}],"author":[{"embeddable":true,"href":"https:\/\/najibmikou.com\/fr\/wp-json\/wp\/v2\/users\/1"}],"replies":[{"embeddable":true,"href":"https:\/\/najibmikou.com\/fr\/wp-json\/wp\/v2\/comments?post=2378"}],"version-history":[{"count":1,"href":"https:\/\/najibmikou.com\/fr\/wp-json\/wp\/v2\/posts\/2378\/revisions"}],"predecessor-version":[{"id":2379,"href":"https:\/\/najibmikou.com\/fr\/wp-json\/wp\/v2\/posts\/2378\/revisions\/2379"}],"wp:featuredmedia":[{"embeddable":true,"href":"https:\/\/najibmikou.com\/fr\/wp-json\/wp\/v2\/media\/1667"}],"wp:attachment":[{"href":"https:\/\/najibmikou.com\/fr\/wp-json\/wp\/v2\/media?parent=2378"}],"wp:term":[{"taxonomy":"category","embeddable":true,"href":"https:\/\/najibmikou.com\/fr\/wp-json\/wp\/v2\/categories?post=2378"},{"taxonomy":"post_tag","embeddable":true,"href":"https:\/\/najibmikou.com\/fr\/wp-json\/wp\/v2\/tags?post=2378"}],"curies":[{"name":"wp","href":"https:\/\/api.w.org\/{rel}","templated":true}]}}