{"id":2375,"date":"2021-08-29T23:40:56","date_gmt":"2021-08-29T21:40:56","guid":{"rendered":"https:\/\/najibmikou.com\/fr\/?p=2375"},"modified":"2021-08-29T23:41:01","modified_gmt":"2021-08-29T21:41:01","slug":"incendies-en-kabylie-yasmina-khadra-fustige-la-gestion-indigne-de-letat-algerien","status":"publish","type":"post","link":"https:\/\/najibmikou.com\/fr\/incendies-en-kabylie-yasmina-khadra-fustige-la-gestion-indigne-de-letat-algerien\/","title":{"rendered":"Incendies en Kabylie : Yasmina Khadra fustige la gestion &#8220;indigne&#8221; de l&#8217;Etat alg\u00e9rien"},"content":{"rendered":"\n<p><strong>Yasmina Khadra n\u2019a pas m\u00e2ch\u00e9 ses mots pour d\u00e9crire la situation en Alg\u00e9rie. L\u2019\u00e9crivain alg\u00e9rien s\u2019est exprim\u00e9 sur les incendies survenues en Kabylie et a critiqu\u00e9 la gestion de l\u2019Etat alg\u00e9rien, qui, selon lui, privil\u00e9gie&nbsp;<em>\u00ab&nbsp;l\u2019intimidation, le d\u00e9ni et l\u2019indignation&nbsp;\u00bb<\/em>.&nbsp;<\/strong><\/p>\n\n\n\n<p>Yasmina Khadra tire \u00e0 balles r\u00e9elles. Le c\u00e9l\u00e8bre \u00e9crivain alg\u00e9rien s\u2019est pench\u00e9 sur la gestion de l\u2019Etat alg\u00e9rien suite aux incendies meurtri\u00e8res survenues en Kabylie il y a deux semaines et n\u2019a pas manqu\u00e9 de pointer du doigt les failles du syst\u00e8me.<\/p>\n\n\n\n<p>Ces feux d\u2019une ampleur inqui\u00e9tante se sont empar\u00e9s de cette r\u00e9gion Kabyle, le 9 ao\u00fbt dernier, connue pour avoir \u00e9t\u00e9 l\u2019un des chefs-lieux du Hirak. Selon les t\u00e9moignages sur place, une centaine de feux se sont d\u00e9clench\u00e9s au m\u00eame moment dans les for\u00eats de la Wilaya, si bien que plusieurs internautes se sont pos\u00e9 des questions.<\/p>\n\n\n\n<p>Des questions auxquelles Yasmina Khadra a bien voulu r\u00e9pondre dans un entretien accord\u00e9 au site \u00ab&nbsp;Libert\u00e9 Alg\u00e9rie&nbsp;\u00bb, dans lequel il reproche aux dirigeants du pays voisin d\u2019utiliser des m\u00e9thodes d\u2019intimidation, et les invitant&nbsp;<em>\u00ab&nbsp;\u00e0 mod\u00e9rer leurs propos&nbsp;\u00bb<\/em>&nbsp;et&nbsp;<em>\u00ab&nbsp;\u00e0 revoir leur copie&nbsp;\u00bb.&nbsp;<\/em><\/p>\n\n\n\n<p><em>\u00ab&nbsp;L\u2019\u00c9tat devrait revoir sa copie, mod\u00e9rer ses propos et proscrire les menaces exp\u00e9ditives \u00e0 l\u2019encontre de notre peuple qu\u2019il a du mal \u00e0 comprendre. Les choses sont claires, les revendications l\u00e9gitimes, or, en guise de r\u00e9ponse, l\u2019\u00c9tat privil\u00e9gie l\u2019intimidation, le d\u00e9ni et l\u2019indignation&nbsp;\u00bb<\/em>, estime l\u2019\u00e9crivain.<\/p>\n\n\n\n<p><em>\u00ab&nbsp;Ces gesticulations malencontreuses trahissent l\u2019insoutenable r\u00e9alit\u00e9 de la politique alg\u00e9rienne. La situation que traverse notre pays exige un maximum d\u2019\u00e9coute et de coh\u00e9rence. Notre nation regorge de scientifiques, de cerveaux, de braves, de vraies potentialit\u00e9s \u00e0 tous les niveaux. Mais qui en veut ? Personne&nbsp;\u00bb,<\/em>&nbsp;poursuit-il.<\/p>\n\n\n\n<p>Dans ce sens, l\u2019auteur de \u00ab&nbsp;Ce que le jour doit \u00e0 la nuit&nbsp;\u00bb, appelle le gouvernement de son pays \u00e0 faire preuve de plus de sagesse et un minimum de bon sens.<\/p>\n\n\n\n<p><em>\u00ab\u00a0Nous assistons \u00e0 du bricolage, \u00e0 des castings b\u00e2cl\u00e9s, \u00e0 des d\u00e9cisions ubuesques (\u2026) L\u2019\u00c9tat ne fait pas grand-chose pour soulager le trop-plein d\u2019exasp\u00e9ration. On ne fait pas un festin avec du r\u00e9chauff\u00e9. Bien au contraire, on risque des indigestions et des gastros mortelles. Plus que jamais, les dirigeants doivent faire montre de plus de sagesse. Si c\u2019est trop leur demander, qu\u2019ils fassent montre d\u2019un minimum de bon sens. Le temps n\u2019attend personne\u00a0\u00bb<\/em>, a-t-il conclu.<\/p>\n\n\n\n<p><a href=\"https:\/\/fr.hespress.com\/221209-incendies-en-kabylie-yasmina-khadra-fustige-la-gestion-indigne-de-letat-algerien.html\" target=\"_blank\" rel=\"noreferrer noopener\">Source<\/a><\/p>\n","protected":false},"excerpt":{"rendered":"<p>Yasmina Khadra n\u2019a pas m\u00e2ch\u00e9 ses mots pour d\u00e9crire la situation en Alg\u00e9rie. L\u2019\u00e9crivain alg\u00e9rien s\u2019est exprim\u00e9 sur les incendies survenues en Kabylie et a critiqu\u00e9 la gestion de l\u2019Etat alg\u00e9rien, qui, selon lui, privil\u00e9gie&nbsp;\u00ab&nbsp;l\u2019intimidation, le d\u00e9ni et l\u2019indignation&nbsp;\u00bb.&nbsp; Yasmina Khadra tire \u00e0 balles r\u00e9elles. Le c\u00e9l\u00e8bre \u00e9crivain alg\u00e9rien s\u2019est pench\u00e9 sur la gestion de [&hellip;]<\/p>\n","protected":false},"author":1,"featured_media":2376,"comment_status":"open","ping_status":"open","sticky":false,"template":"","format":"standard","meta":{"pgc_sgb_lightbox_settings":""},"categories":[67],"tags":[],"yoast_head":"<!-- This site is optimized with the Yoast SEO plugin v15.9.2 - https:\/\/yoast.com\/wordpress\/plugins\/seo\/ -->\n<meta name=\"robots\" content=\"index, follow, max-snippet:-1, max-image-preview:large, max-video-preview:-1\" \/>\n<link rel=\"canonical\" href=\"https:\/\/najibmikou.com\/fr\/incendies-en-kabylie-yasmina-khadra-fustige-la-gestion-indigne-de-letat-algerien\/\" \/>\n<meta property=\"og:locale\" content=\"fr_FR\" \/>\n<meta property=\"og:type\" content=\"article\" \/>\n<meta property=\"og:title\" content=\"Incendies en Kabylie : Yasmina Khadra fustige la gestion &quot;indigne&quot; de l&#039;Etat alg\u00e9rien - Najib MIKOU\" \/>\n<meta property=\"og:description\" content=\"Yasmina Khadra n\u2019a pas m\u00e2ch\u00e9 ses mots pour d\u00e9crire la situation en Alg\u00e9rie. L\u2019\u00e9crivain alg\u00e9rien s\u2019est exprim\u00e9 sur les incendies survenues en Kabylie et a critiqu\u00e9 la gestion de l\u2019Etat alg\u00e9rien, qui, selon lui, privil\u00e9gie&nbsp;\u00ab&nbsp;l\u2019intimidation, le d\u00e9ni et l\u2019indignation&nbsp;\u00bb.&nbsp; Yasmina Khadra tire \u00e0 balles r\u00e9elles. Le c\u00e9l\u00e8bre \u00e9crivain alg\u00e9rien s\u2019est pench\u00e9 sur la gestion de [&hellip;]\" \/>\n<meta property=\"og:url\" content=\"https:\/\/najibmikou.com\/fr\/incendies-en-kabylie-yasmina-khadra-fustige-la-gestion-indigne-de-letat-algerien\/\" \/>\n<meta property=\"og:site_name\" content=\"Najib MIKOU\" \/>\n<meta property=\"article:published_time\" content=\"2021-08-29T21:40:56+00:00\" \/>\n<meta property=\"article:modified_time\" content=\"2021-08-29T21:41:01+00:00\" \/>\n<meta property=\"og:image\" content=\"https:\/\/najibmikou.com\/fr\/wp-content\/uploads\/2021\/08\/11445589.jpeg\" \/>\n\t<meta property=\"og:image:width\" content=\"1500\" \/>\n\t<meta property=\"og:image:height\" content=\"1000\" \/>\n<meta name=\"twitter:card\" content=\"summary_large_image\" \/>\n<meta name=\"twitter:label1\" content=\"Dur\u00e9e de lecture est.\">\n\t<meta name=\"twitter:data1\" content=\"2 minutes\">\n<script type=\"application\/ld+json\" class=\"yoast-schema-graph\">{\"@context\":\"https:\/\/schema.org\",\"@graph\":[{\"@type\":\"WebSite\",\"@id\":\"https:\/\/najibmikou.com\/fr\/#website\",\"url\":\"https:\/\/najibmikou.com\/fr\/\",\"name\":\"Najib MIKOU\",\"description\":\"\\u00c9crire c&#039;est contribuer \\u00e0 ce que le temps collectif ne se trompe pas de chemin\",\"potentialAction\":[{\"@type\":\"SearchAction\",\"target\":\"https:\/\/najibmikou.com\/fr\/?s={search_term_string}\",\"query-input\":\"required name=search_term_string\"}],\"inLanguage\":\"fr-FR\"},{\"@type\":\"ImageObject\",\"@id\":\"https:\/\/najibmikou.com\/fr\/incendies-en-kabylie-yasmina-khadra-fustige-la-gestion-indigne-de-letat-algerien\/#primaryimage\",\"inLanguage\":\"fr-FR\",\"url\":\"https:\/\/najibmikou.com\/fr\/wp-content\/uploads\/2021\/08\/11445589.jpeg\",\"width\":1500,\"height\":1000},{\"@type\":\"WebPage\",\"@id\":\"https:\/\/najibmikou.com\/fr\/incendies-en-kabylie-yasmina-khadra-fustige-la-gestion-indigne-de-letat-algerien\/#webpage\",\"url\":\"https:\/\/najibmikou.com\/fr\/incendies-en-kabylie-yasmina-khadra-fustige-la-gestion-indigne-de-letat-algerien\/\",\"name\":\"Incendies en Kabylie : Yasmina Khadra fustige la gestion \\\"indigne\\\" de l'Etat alg\\u00e9rien - Najib MIKOU\",\"isPartOf\":{\"@id\":\"https:\/\/najibmikou.com\/fr\/#website\"},\"primaryImageOfPage\":{\"@id\":\"https:\/\/najibmikou.com\/fr\/incendies-en-kabylie-yasmina-khadra-fustige-la-gestion-indigne-de-letat-algerien\/#primaryimage\"},\"datePublished\":\"2021-08-29T21:40:56+00:00\",\"dateModified\":\"2021-08-29T21:41:01+00:00\",\"author\":{\"@id\":\"https:\/\/najibmikou.com\/fr\/#\/schema\/person\/ad833ab699d080f01dced99b1891ec1e\"},\"breadcrumb\":{\"@id\":\"https:\/\/najibmikou.com\/fr\/incendies-en-kabylie-yasmina-khadra-fustige-la-gestion-indigne-de-letat-algerien\/#breadcrumb\"},\"inLanguage\":\"fr-FR\",\"potentialAction\":[{\"@type\":\"ReadAction\",\"target\":[\"https:\/\/najibmikou.com\/fr\/incendies-en-kabylie-yasmina-khadra-fustige-la-gestion-indigne-de-letat-algerien\/\"]}]},{\"@type\":\"BreadcrumbList\",\"@id\":\"https:\/\/najibmikou.com\/fr\/incendies-en-kabylie-yasmina-khadra-fustige-la-gestion-indigne-de-letat-algerien\/#breadcrumb\",\"itemListElement\":[{\"@type\":\"ListItem\",\"position\":1,\"item\":{\"@type\":\"WebPage\",\"@id\":\"https:\/\/najibmikou.com\/fr\/\",\"url\":\"https:\/\/najibmikou.com\/fr\/\",\"name\":\"Accueil\"}},{\"@type\":\"ListItem\",\"position\":2,\"item\":{\"@type\":\"WebPage\",\"@id\":\"https:\/\/najibmikou.com\/fr\/incendies-en-kabylie-yasmina-khadra-fustige-la-gestion-indigne-de-letat-algerien\/\",\"url\":\"https:\/\/najibmikou.com\/fr\/incendies-en-kabylie-yasmina-khadra-fustige-la-gestion-indigne-de-letat-algerien\/\",\"name\":\"Incendies en Kabylie : Yasmina Khadra fustige la gestion &#8220;indigne&#8221; de l&#8217;Etat alg\\u00e9rien\"}}]},{\"@type\":\"Person\",\"@id\":\"https:\/\/najibmikou.com\/fr\/#\/schema\/person\/ad833ab699d080f01dced99b1891ec1e\",\"name\":\"Najib Mikou\",\"image\":{\"@type\":\"ImageObject\",\"@id\":\"https:\/\/najibmikou.com\/fr\/#personlogo\",\"inLanguage\":\"fr-FR\",\"url\":\"https:\/\/secure.gravatar.com\/avatar\/6dfd4a9a9096131eea6d80fb3de585a0?s=96&d=mm&r=g\",\"caption\":\"Najib Mikou\"},\"sameAs\":[\"http:\/\/najibmikou.com\/fr\"]}]}<\/script>\n<!-- \/ Yoast SEO plugin. -->","_links":{"self":[{"href":"https:\/\/najibmikou.com\/fr\/wp-json\/wp\/v2\/posts\/2375"}],"collection":[{"href":"https:\/\/najibmikou.com\/fr\/wp-json\/wp\/v2\/posts"}],"about":[{"href":"https:\/\/najibmikou.com\/fr\/wp-json\/wp\/v2\/types\/post"}],"author":[{"embeddable":true,"href":"https:\/\/najibmikou.com\/fr\/wp-json\/wp\/v2\/users\/1"}],"replies":[{"embeddable":true,"href":"https:\/\/najibmikou.com\/fr\/wp-json\/wp\/v2\/comments?post=2375"}],"version-history":[{"count":1,"href":"https:\/\/najibmikou.com\/fr\/wp-json\/wp\/v2\/posts\/2375\/revisions"}],"predecessor-version":[{"id":2377,"href":"https:\/\/najibmikou.com\/fr\/wp-json\/wp\/v2\/posts\/2375\/revisions\/2377"}],"wp:featuredmedia":[{"embeddable":true,"href":"https:\/\/najibmikou.com\/fr\/wp-json\/wp\/v2\/media\/2376"}],"wp:attachment":[{"href":"https:\/\/najibmikou.com\/fr\/wp-json\/wp\/v2\/media?parent=2375"}],"wp:term":[{"taxonomy":"category","embeddable":true,"href":"https:\/\/najibmikou.com\/fr\/wp-json\/wp\/v2\/categories?post=2375"},{"taxonomy":"post_tag","embeddable":true,"href":"https:\/\/najibmikou.com\/fr\/wp-json\/wp\/v2\/tags?post=2375"}],"curies":[{"name":"wp","href":"https:\/\/api.w.org\/{rel}","templated":true}]}}