{"id":2268,"date":"2021-07-22T00:52:00","date_gmt":"2021-07-21T22:52:00","guid":{"rendered":"https:\/\/najibmikou.com\/fr\/?p=2268"},"modified":"2021-09-05T22:36:22","modified_gmt":"2021-09-05T20:36:22","slug":"lheure-dune-reforme-de-la-moudawana-sonne-resonne","status":"publish","type":"post","link":"https:\/\/najibmikou.com\/fr\/lheure-dune-reforme-de-la-moudawana-sonne-resonne\/","title":{"rendered":"L&#8217;heure d&#8217;une r\u00e9forme de la Moudawana sonne, r\u00e9sonne"},"content":{"rendered":"\n<p>En 2005, dans la foul\u00e9e de D\u00e9cisions Structurantes et Historiques prises et men\u00e9es successivement par Le Souverain dans diff\u00e9rents domaines, notre pays s&#8217;est dot\u00e9 d&#8217;une nouvelle Moudawana qui a \u00e9t\u00e9 qualifi\u00e9e d&#8217;avant-gardiste \u00e0 plus d&#8217;un titre.<\/p>\n\n\n\n<p>Plus de 15 ans apr\u00e8s, notre soci\u00e9t\u00e9 en demande davantage par besoin de plus d&#8217;oxyg\u00e8ne soci\u00e9tale, de coh\u00e9sion familiale et de justice sociale.<\/p>\n\n\n\n<p>Les ambitions naturelles d&#8217;une soci\u00e9t\u00e9 en mouvement, les aspirations d&#8217;un pays tout aussi attach\u00e9 \u00e0 ses rep\u00e8res et ses valeurs qu&#8217;avide d&#8217;universalit\u00e9, et des faits que l&#8217;on ne peut persister \u00e0 ignorer ou \u00e0 minimiser, constituent les arguments forts pour une nouvelle r\u00e9forme de notre Moudawana.<\/p>\n\n\n\n<p>Une Moudawana qui doit consacrer et prot\u00e9ger toutes les diff\u00e9rences de genre entre la femme et l&#8217;homme, de fa\u00e7on \u00e0 ce que l&#8217;\u00e9galit\u00e9 entre eux, soit une \u00e9galit\u00e9 strictement dans les chances et les droits civiques et non pas une tentative malheureuse de brouiller les qualit\u00e9s distinctives de chacun d&#8217;eux, qui en font deux \u00catres compl\u00e9mentaires justement par toutes leurs diff\u00e9rences. La femme et l&#8217;homme sont compl\u00e9mentaires et non similaires.<\/p>\n\n\n\n<p>Une Moudawana qui doit beaucoup plus consolider et renforcer le noyau familial de fa\u00e7on \u00e0 ce qu&#8217;il soit l&#8217;espace d&#8217;union, de convergence, de convivance, de complicit\u00e9, de fusion, de reproduction des valeurs et d&#8217;\u00e9ducation des g\u00e9n\u00e9rations par excellence.<\/p>\n\n\n\n<p>Une Moudawana qui doit se nourrir en permanence du noble &#8220;&#8216;Ijtihad&#8221; de nos Oulamas sous l&#8217;Egide de notre Souverain Amir Al Mouminine, de fa\u00e7on \u00e0 tirer toute la quintessence des Textes Religieux (Coran et Sounna) au profit de notre bien-\u00eatre individuel(lle) et collectif, plus particuli\u00e8rement dans les domaines du mariage, de cas d&#8217;h\u00e9ritage, de la garde des enfants et de la vie priv\u00e9e.<\/p>\n\n\n\n<p>Une Moudawana qui doit prot\u00e9ger l&#8217;enfant n\u00e9 hors du cadre du mariage, de fa\u00e7on \u00e0 lui garantir le droit \u00e0 un nom, ainsi qu&#8217;une \u00e9galit\u00e9 int\u00e9grale dans les chances et les droits civiques avec les autres enfants.<\/p>\n\n\n\n<p>Une Moudawana qui doit instaurer les conditions optimales d&#8217;un bon vivre-ensemble, d&#8217;une bonne intelligence \u00e9galitaire entre toutes les composantes de la soci\u00e9t\u00e9, de fa\u00e7on \u00e0 ce que respect, compr\u00e9hension et acceptation, l&#8217;emportent sur jugements, condamnations, d\u00e9nonciations. Sauf \u00e0 \u00eatre schizophr\u00e8ne ou masochiste, personne, absolument personne de nous, ne fait unilat\u00e9ralement et arbitrairement le choix d&#8217;\u00eatre malheureux pour quelle que raison que ce soit. Et par cons\u00e9quent, accabler davantage des gens qui souffrent d\u00e9j\u00e0, de jugements et de repoussement, rel\u00e8verait du pur sadisme qui alimente tous les extr\u00e9mismes.<\/p>\n\n\n\n<p><strong>Najib Mikou<\/strong><br>Consultant en Prospective et Etudes Strat\u00e9giques<\/p>\n","protected":false},"excerpt":{"rendered":"<p>En 2005, dans la foul\u00e9e de D\u00e9cisions Structurantes et Historiques prises et men\u00e9es successivement par Le Souverain dans diff\u00e9rents domaines, notre pays s&#8217;est dot\u00e9 d&#8217;une nouvelle Moudawana qui a \u00e9t\u00e9 qualifi\u00e9e d&#8217;avant-gardiste \u00e0 plus d&#8217;un titre. Plus de 15 ans apr\u00e8s, notre soci\u00e9t\u00e9 en demande davantage par besoin de plus d&#8217;oxyg\u00e8ne soci\u00e9tale, de coh\u00e9sion familiale [&hellip;]<\/p>\n","protected":false},"author":1,"featured_media":2269,"comment_status":"open","ping_status":"open","sticky":false,"template":"","format":"standard","meta":{"pgc_sgb_lightbox_settings":""},"categories":[14],"tags":[],"yoast_head":"<!-- This site is optimized with the Yoast SEO plugin v15.9.2 - https:\/\/yoast.com\/wordpress\/plugins\/seo\/ -->\n<meta name=\"robots\" content=\"index, follow, max-snippet:-1, max-image-preview:large, max-video-preview:-1\" \/>\n<link rel=\"canonical\" href=\"https:\/\/najibmikou.com\/fr\/lheure-dune-reforme-de-la-moudawana-sonne-resonne\/\" \/>\n<meta property=\"og:locale\" content=\"fr_FR\" \/>\n<meta property=\"og:type\" content=\"article\" \/>\n<meta property=\"og:title\" content=\"L&#039;heure d&#039;une r\u00e9forme de la Moudawana sonne, r\u00e9sonne - Najib MIKOU\" \/>\n<meta property=\"og:description\" content=\"En 2005, dans la foul\u00e9e de D\u00e9cisions Structurantes et Historiques prises et men\u00e9es successivement par Le Souverain dans diff\u00e9rents domaines, notre pays s&#8217;est dot\u00e9 d&#8217;une nouvelle Moudawana qui a \u00e9t\u00e9 qualifi\u00e9e d&#8217;avant-gardiste \u00e0 plus d&#8217;un titre. Plus de 15 ans apr\u00e8s, notre soci\u00e9t\u00e9 en demande davantage par besoin de plus d&#8217;oxyg\u00e8ne soci\u00e9tale, de coh\u00e9sion familiale [&hellip;]\" \/>\n<meta property=\"og:url\" content=\"https:\/\/najibmikou.com\/fr\/lheure-dune-reforme-de-la-moudawana-sonne-resonne\/\" \/>\n<meta property=\"og:site_name\" content=\"Najib MIKOU\" \/>\n<meta property=\"article:published_time\" content=\"2021-07-21T22:52:00+00:00\" \/>\n<meta property=\"article:modified_time\" content=\"2021-09-05T20:36:22+00:00\" \/>\n<meta property=\"og:image\" content=\"https:\/\/najibmikou.com\/fr\/wp-content\/uploads\/2021\/07\/moudawana.jpeg\" \/>\n\t<meta property=\"og:image:width\" content=\"600\" \/>\n\t<meta property=\"og:image:height\" content=\"406\" \/>\n<meta name=\"twitter:card\" content=\"summary_large_image\" \/>\n<meta name=\"twitter:label1\" content=\"Dur\u00e9e de lecture est.\">\n\t<meta name=\"twitter:data1\" content=\"2 minutes\">\n<script type=\"application\/ld+json\" class=\"yoast-schema-graph\">{\"@context\":\"https:\/\/schema.org\",\"@graph\":[{\"@type\":\"WebSite\",\"@id\":\"https:\/\/najibmikou.com\/fr\/#website\",\"url\":\"https:\/\/najibmikou.com\/fr\/\",\"name\":\"Najib MIKOU\",\"description\":\"\\u00c9crire c&#039;est contribuer \\u00e0 ce que le temps collectif ne se trompe pas de chemin\",\"potentialAction\":[{\"@type\":\"SearchAction\",\"target\":\"https:\/\/najibmikou.com\/fr\/?s={search_term_string}\",\"query-input\":\"required name=search_term_string\"}],\"inLanguage\":\"fr-FR\"},{\"@type\":\"ImageObject\",\"@id\":\"https:\/\/najibmikou.com\/fr\/lheure-dune-reforme-de-la-moudawana-sonne-resonne\/#primaryimage\",\"inLanguage\":\"fr-FR\",\"url\":\"https:\/\/najibmikou.com\/fr\/wp-content\/uploads\/2021\/07\/moudawana.jpeg\",\"width\":600,\"height\":406},{\"@type\":\"WebPage\",\"@id\":\"https:\/\/najibmikou.com\/fr\/lheure-dune-reforme-de-la-moudawana-sonne-resonne\/#webpage\",\"url\":\"https:\/\/najibmikou.com\/fr\/lheure-dune-reforme-de-la-moudawana-sonne-resonne\/\",\"name\":\"L'heure d'une r\\u00e9forme de la Moudawana sonne, r\\u00e9sonne - Najib MIKOU\",\"isPartOf\":{\"@id\":\"https:\/\/najibmikou.com\/fr\/#website\"},\"primaryImageOfPage\":{\"@id\":\"https:\/\/najibmikou.com\/fr\/lheure-dune-reforme-de-la-moudawana-sonne-resonne\/#primaryimage\"},\"datePublished\":\"2021-07-21T22:52:00+00:00\",\"dateModified\":\"2021-09-05T20:36:22+00:00\",\"author\":{\"@id\":\"https:\/\/najibmikou.com\/fr\/#\/schema\/person\/ad833ab699d080f01dced99b1891ec1e\"},\"breadcrumb\":{\"@id\":\"https:\/\/najibmikou.com\/fr\/lheure-dune-reforme-de-la-moudawana-sonne-resonne\/#breadcrumb\"},\"inLanguage\":\"fr-FR\",\"potentialAction\":[{\"@type\":\"ReadAction\",\"target\":[\"https:\/\/najibmikou.com\/fr\/lheure-dune-reforme-de-la-moudawana-sonne-resonne\/\"]}]},{\"@type\":\"BreadcrumbList\",\"@id\":\"https:\/\/najibmikou.com\/fr\/lheure-dune-reforme-de-la-moudawana-sonne-resonne\/#breadcrumb\",\"itemListElement\":[{\"@type\":\"ListItem\",\"position\":1,\"item\":{\"@type\":\"WebPage\",\"@id\":\"https:\/\/najibmikou.com\/fr\/\",\"url\":\"https:\/\/najibmikou.com\/fr\/\",\"name\":\"Accueil\"}},{\"@type\":\"ListItem\",\"position\":2,\"item\":{\"@type\":\"WebPage\",\"@id\":\"https:\/\/najibmikou.com\/fr\/lheure-dune-reforme-de-la-moudawana-sonne-resonne\/\",\"url\":\"https:\/\/najibmikou.com\/fr\/lheure-dune-reforme-de-la-moudawana-sonne-resonne\/\",\"name\":\"L&#8217;heure d&#8217;une r\\u00e9forme de la Moudawana sonne, r\\u00e9sonne\"}}]},{\"@type\":\"Person\",\"@id\":\"https:\/\/najibmikou.com\/fr\/#\/schema\/person\/ad833ab699d080f01dced99b1891ec1e\",\"name\":\"Najib Mikou\",\"image\":{\"@type\":\"ImageObject\",\"@id\":\"https:\/\/najibmikou.com\/fr\/#personlogo\",\"inLanguage\":\"fr-FR\",\"url\":\"https:\/\/secure.gravatar.com\/avatar\/6dfd4a9a9096131eea6d80fb3de585a0?s=96&d=mm&r=g\",\"caption\":\"Najib Mikou\"},\"sameAs\":[\"http:\/\/najibmikou.com\/fr\"]}]}<\/script>\n<!-- \/ Yoast SEO plugin. -->","_links":{"self":[{"href":"https:\/\/najibmikou.com\/fr\/wp-json\/wp\/v2\/posts\/2268"}],"collection":[{"href":"https:\/\/najibmikou.com\/fr\/wp-json\/wp\/v2\/posts"}],"about":[{"href":"https:\/\/najibmikou.com\/fr\/wp-json\/wp\/v2\/types\/post"}],"author":[{"embeddable":true,"href":"https:\/\/najibmikou.com\/fr\/wp-json\/wp\/v2\/users\/1"}],"replies":[{"embeddable":true,"href":"https:\/\/najibmikou.com\/fr\/wp-json\/wp\/v2\/comments?post=2268"}],"version-history":[{"count":2,"href":"https:\/\/najibmikou.com\/fr\/wp-json\/wp\/v2\/posts\/2268\/revisions"}],"predecessor-version":[{"id":2276,"href":"https:\/\/najibmikou.com\/fr\/wp-json\/wp\/v2\/posts\/2268\/revisions\/2276"}],"wp:featuredmedia":[{"embeddable":true,"href":"https:\/\/najibmikou.com\/fr\/wp-json\/wp\/v2\/media\/2269"}],"wp:attachment":[{"href":"https:\/\/najibmikou.com\/fr\/wp-json\/wp\/v2\/media?parent=2268"}],"wp:term":[{"taxonomy":"category","embeddable":true,"href":"https:\/\/najibmikou.com\/fr\/wp-json\/wp\/v2\/categories?post=2268"},{"taxonomy":"post_tag","embeddable":true,"href":"https:\/\/najibmikou.com\/fr\/wp-json\/wp\/v2\/tags?post=2268"}],"curies":[{"name":"wp","href":"https:\/\/api.w.org\/{rel}","templated":true}]}}