{"id":2261,"date":"2021-07-04T23:30:25","date_gmt":"2021-07-04T21:30:25","guid":{"rendered":"https:\/\/najibmikou.com\/fr\/?p=2261"},"modified":"2021-07-20T16:24:05","modified_gmt":"2021-07-20T14:24:05","slug":"rabat-change-et-embellit-tous-les-jours-davantage","status":"publish","type":"post","link":"https:\/\/najibmikou.com\/fr\/rabat-change-et-embellit-tous-les-jours-davantage\/","title":{"rendered":"Rabat change et embellit tous les jours davantage"},"content":{"rendered":"\n<p>Najib Mikou<\/p>\n\n\n\n<p>Tr\u00e8s discr\u00e8tement, mais avec vision, d\u00e9termination et beaucoup de go\u00fbt, notre pays s&#8217;est offert une grande et tr\u00e8s belle Capitale \u00e0 tous points de vue.<\/p>\n\n\n\n<p>J&#8217;y \u00e9tais \u00e0 peine mercredi dernier, moi qui l&#8217;ai fr\u00e9quent\u00e9 toutes les semaines pendant plus de 30 ans, moi qui commence depuis quelques mois maintenant, \u00e0 me contenter de la contourner \u00e0 travers de belles rocades, j&#8217;en \u00e9tais sinc\u00e8rement sid\u00e9r\u00e9, \u00e9bloui.<\/p>\n\n\n\n<p>En un temps record, Rabat a gagn\u00e9 en beaut\u00e9 et en grandeur pour se hisser en v\u00e9ritable Capitale de dimension internationale.<\/p>\n\n\n\n<p>Les \u00e9lus et Autorit\u00e9s particuli\u00e8rement, de Mekn\u00e8s et F\u00e8s, villes imp\u00e9riales charg\u00e9es d&#8217;histoire, de culture et de Majest\u00e9, doivent s&#8217;en inspirer en art et mani\u00e8re, pour honorer leurs villes respectives et leur responsabilit\u00e9 devant l&#8217;histoire et les citoyens. Ces deux villes ne gardent plus aujourd&#8217;hui que le nom et les traces heureusement ind\u00e9l\u00e9biles, d&#8217;un pass\u00e9 mill\u00e9naire et glorieux qui rayonnait \u00e0 travers les civilisations humaines.<\/p>\n\n\n\n<p>Ceci dit, si je dois absolument exercer mon r\u00f4le de critique incorrigible, je dirai qu&#8217;il manque aux grands boulevards de Rabat, un cachet majestueux et culturel n\u00e9cessaire.<\/p>\n\n\n\n<p>Rabat ne peut se contenter du titre de grande Capitale moderne. Au-del\u00e0 des art\u00e8res, buildings et fa\u00e7ades, Rabat a une \u00e2me et un statut. Elle a un fondement culturel et historique insoup\u00e7onn\u00e9s, elle est le r\u00e9ceptacle du Reigne, et ceux-ci doivent \u00eatre visibles et pr\u00e9sents partout, et non pas dans une Place ou un Espace particuliers.<\/p>\n\n\n\n<p><strong>Tu es belle Rabat, je suis fier que tu sois la Capitale de ce grand et l\u00e9gendaire Royaume.<\/strong><\/p>\n\n\n\n<figure class=\"wp-block-embed-youtube wp-block-embed is-type-video is-provider-youtube wp-embed-aspect-16-9 wp-has-aspect-ratio\"><div class=\"wp-block-embed__wrapper\">\n<iframe title=\"Rabat vu du ciel vu du sol\" width=\"696\" height=\"392\" src=\"https:\/\/www.youtube.com\/embed\/1H3oYIvp6fQ?feature=oembed&#038;enablejsapi=1\" frameborder=\"0\" allow=\"accelerometer; autoplay; clipboard-write; encrypted-media; gyroscope; picture-in-picture\" allowfullscreen><\/iframe>\n<\/div><\/figure>\n","protected":false},"excerpt":{"rendered":"<p>Najib Mikou Tr\u00e8s discr\u00e8tement, mais avec vision, d\u00e9termination et beaucoup de go\u00fbt, notre pays s&#8217;est offert une grande et tr\u00e8s belle Capitale \u00e0 tous points de vue. J&#8217;y \u00e9tais \u00e0 peine mercredi dernier, moi qui l&#8217;ai fr\u00e9quent\u00e9 toutes les semaines pendant plus de 30 ans, moi qui commence depuis quelques mois maintenant, \u00e0 me contenter [&hellip;]<\/p>\n","protected":false},"author":1,"featured_media":2262,"comment_status":"open","ping_status":"open","sticky":false,"template":"","format":"standard","meta":{"pgc_sgb_lightbox_settings":""},"categories":[14],"tags":[],"yoast_head":"<!-- This site is optimized with the Yoast SEO plugin v15.9.2 - https:\/\/yoast.com\/wordpress\/plugins\/seo\/ -->\n<meta name=\"robots\" content=\"index, follow, max-snippet:-1, max-image-preview:large, max-video-preview:-1\" \/>\n<link rel=\"canonical\" href=\"https:\/\/najibmikou.com\/fr\/rabat-change-et-embellit-tous-les-jours-davantage\/\" \/>\n<meta property=\"og:locale\" content=\"fr_FR\" \/>\n<meta property=\"og:type\" content=\"article\" \/>\n<meta property=\"og:title\" content=\"Rabat change et embellit tous les jours davantage - Najib MIKOU\" \/>\n<meta property=\"og:description\" content=\"Najib Mikou Tr\u00e8s discr\u00e8tement, mais avec vision, d\u00e9termination et beaucoup de go\u00fbt, notre pays s&#8217;est offert une grande et tr\u00e8s belle Capitale \u00e0 tous points de vue. J&#8217;y \u00e9tais \u00e0 peine mercredi dernier, moi qui l&#8217;ai fr\u00e9quent\u00e9 toutes les semaines pendant plus de 30 ans, moi qui commence depuis quelques mois maintenant, \u00e0 me contenter [&hellip;]\" \/>\n<meta property=\"og:url\" content=\"https:\/\/najibmikou.com\/fr\/rabat-change-et-embellit-tous-les-jours-davantage\/\" \/>\n<meta property=\"og:site_name\" content=\"Najib MIKOU\" \/>\n<meta property=\"article:published_time\" content=\"2021-07-04T21:30:25+00:00\" \/>\n<meta property=\"article:modified_time\" content=\"2021-07-20T14:24:05+00:00\" \/>\n<meta property=\"og:image\" content=\"https:\/\/najibmikou.com\/fr\/wp-content\/uploads\/2021\/07\/rabat.jpeg\" \/>\n\t<meta property=\"og:image:width\" content=\"1600\" \/>\n\t<meta property=\"og:image:height\" content=\"900\" \/>\n<meta name=\"twitter:card\" content=\"summary_large_image\" \/>\n<meta name=\"twitter:label1\" content=\"Dur\u00e9e de lecture est.\">\n\t<meta name=\"twitter:data1\" content=\"2 minutes\">\n<script type=\"application\/ld+json\" class=\"yoast-schema-graph\">{\"@context\":\"https:\/\/schema.org\",\"@graph\":[{\"@type\":\"WebSite\",\"@id\":\"https:\/\/najibmikou.com\/fr\/#website\",\"url\":\"https:\/\/najibmikou.com\/fr\/\",\"name\":\"Najib MIKOU\",\"description\":\"\\u00c9crire c&#039;est contribuer \\u00e0 ce que le temps collectif ne se trompe pas de chemin\",\"potentialAction\":[{\"@type\":\"SearchAction\",\"target\":\"https:\/\/najibmikou.com\/fr\/?s={search_term_string}\",\"query-input\":\"required name=search_term_string\"}],\"inLanguage\":\"fr-FR\"},{\"@type\":\"ImageObject\",\"@id\":\"https:\/\/najibmikou.com\/fr\/rabat-change-et-embellit-tous-les-jours-davantage\/#primaryimage\",\"inLanguage\":\"fr-FR\",\"url\":\"https:\/\/najibmikou.com\/fr\/wp-content\/uploads\/2021\/07\/rabat.jpeg\",\"width\":1600,\"height\":900},{\"@type\":\"WebPage\",\"@id\":\"https:\/\/najibmikou.com\/fr\/rabat-change-et-embellit-tous-les-jours-davantage\/#webpage\",\"url\":\"https:\/\/najibmikou.com\/fr\/rabat-change-et-embellit-tous-les-jours-davantage\/\",\"name\":\"Rabat change et embellit tous les jours davantage - Najib MIKOU\",\"isPartOf\":{\"@id\":\"https:\/\/najibmikou.com\/fr\/#website\"},\"primaryImageOfPage\":{\"@id\":\"https:\/\/najibmikou.com\/fr\/rabat-change-et-embellit-tous-les-jours-davantage\/#primaryimage\"},\"datePublished\":\"2021-07-04T21:30:25+00:00\",\"dateModified\":\"2021-07-20T14:24:05+00:00\",\"author\":{\"@id\":\"https:\/\/najibmikou.com\/fr\/#\/schema\/person\/ad833ab699d080f01dced99b1891ec1e\"},\"breadcrumb\":{\"@id\":\"https:\/\/najibmikou.com\/fr\/rabat-change-et-embellit-tous-les-jours-davantage\/#breadcrumb\"},\"inLanguage\":\"fr-FR\",\"potentialAction\":[{\"@type\":\"ReadAction\",\"target\":[\"https:\/\/najibmikou.com\/fr\/rabat-change-et-embellit-tous-les-jours-davantage\/\"]}]},{\"@type\":\"BreadcrumbList\",\"@id\":\"https:\/\/najibmikou.com\/fr\/rabat-change-et-embellit-tous-les-jours-davantage\/#breadcrumb\",\"itemListElement\":[{\"@type\":\"ListItem\",\"position\":1,\"item\":{\"@type\":\"WebPage\",\"@id\":\"https:\/\/najibmikou.com\/fr\/\",\"url\":\"https:\/\/najibmikou.com\/fr\/\",\"name\":\"Accueil\"}},{\"@type\":\"ListItem\",\"position\":2,\"item\":{\"@type\":\"WebPage\",\"@id\":\"https:\/\/najibmikou.com\/fr\/rabat-change-et-embellit-tous-les-jours-davantage\/\",\"url\":\"https:\/\/najibmikou.com\/fr\/rabat-change-et-embellit-tous-les-jours-davantage\/\",\"name\":\"Rabat change et embellit tous les jours davantage\"}}]},{\"@type\":\"Person\",\"@id\":\"https:\/\/najibmikou.com\/fr\/#\/schema\/person\/ad833ab699d080f01dced99b1891ec1e\",\"name\":\"Najib Mikou\",\"image\":{\"@type\":\"ImageObject\",\"@id\":\"https:\/\/najibmikou.com\/fr\/#personlogo\",\"inLanguage\":\"fr-FR\",\"url\":\"https:\/\/secure.gravatar.com\/avatar\/6dfd4a9a9096131eea6d80fb3de585a0?s=96&d=mm&r=g\",\"caption\":\"Najib Mikou\"},\"sameAs\":[\"http:\/\/najibmikou.com\/fr\"]}]}<\/script>\n<!-- \/ Yoast SEO plugin. -->","_links":{"self":[{"href":"https:\/\/najibmikou.com\/fr\/wp-json\/wp\/v2\/posts\/2261"}],"collection":[{"href":"https:\/\/najibmikou.com\/fr\/wp-json\/wp\/v2\/posts"}],"about":[{"href":"https:\/\/najibmikou.com\/fr\/wp-json\/wp\/v2\/types\/post"}],"author":[{"embeddable":true,"href":"https:\/\/najibmikou.com\/fr\/wp-json\/wp\/v2\/users\/1"}],"replies":[{"embeddable":true,"href":"https:\/\/najibmikou.com\/fr\/wp-json\/wp\/v2\/comments?post=2261"}],"version-history":[{"count":2,"href":"https:\/\/najibmikou.com\/fr\/wp-json\/wp\/v2\/posts\/2261\/revisions"}],"predecessor-version":[{"id":2264,"href":"https:\/\/najibmikou.com\/fr\/wp-json\/wp\/v2\/posts\/2261\/revisions\/2264"}],"wp:featuredmedia":[{"embeddable":true,"href":"https:\/\/najibmikou.com\/fr\/wp-json\/wp\/v2\/media\/2262"}],"wp:attachment":[{"href":"https:\/\/najibmikou.com\/fr\/wp-json\/wp\/v2\/media?parent=2261"}],"wp:term":[{"taxonomy":"category","embeddable":true,"href":"https:\/\/najibmikou.com\/fr\/wp-json\/wp\/v2\/categories?post=2261"},{"taxonomy":"post_tag","embeddable":true,"href":"https:\/\/najibmikou.com\/fr\/wp-json\/wp\/v2\/tags?post=2261"}],"curies":[{"name":"wp","href":"https:\/\/api.w.org\/{rel}","templated":true}]}}