{"id":2248,"date":"2021-06-29T01:41:43","date_gmt":"2021-06-28T23:41:43","guid":{"rendered":"https:\/\/najibmikou.com\/fr\/?p=2248"},"modified":"2021-11-09T23:16:19","modified_gmt":"2021-11-09T22:16:19","slug":"president-algerien-comparaison-nest-pas-du-tout-raison","status":"publish","type":"post","link":"https:\/\/najibmikou.com\/fr\/president-algerien-comparaison-nest-pas-du-tout-raison\/","title":{"rendered":"Pr\u00e9sident Alg\u00e9rien : Comparaison n&#8217;est pas du tout raison"},"content":{"rendered":"\n<p>Le Pr\u00e9sident alg\u00e9rien va certainement user et abuser, aussi bien en intra-muros qu&#8217;\u00e0 l&#8217;international, de ce dernier taux de participation \u00e9lectorale en France, pour justifier ses d\u00e9b\u00e2cles \u00e9lectorales successives toutes r\u00e9centes.<\/p>\n\n\n\n<p>C&#8217;est l\u00e0 le plus grand danger de tels votes : c&#8217;est que des dirigeants mal \u00e9lus, puissent s&#8217;en servir pour justifier et banaliser la d\u00e9saffection de leurs peuples.<\/p>\n\n\n\n<p>Oui, il peut arriver qu&#8217;on ait en d\u00e9mocratie des taux de participation faibles, mais les trois derni\u00e8res \u00e9lections en Alg\u00e9rie, \u00e9taient exceptionnelles \u00e0 tous points de vue, et donc incomparables avec d&#8217;autres nulle part ailleurs :<\/p>\n\n\n\n<ul><li>c&#8217;\u00e9tait un vote pour une pr\u00e9sidentielle qui survient apr\u00e8s la destitution forc\u00e9e, par le peuple, du pr\u00e9c\u00e9dent pr\u00e9sident,<\/li><li>c&#8217;\u00e9tait un vote pour une lourde r\u00e9vision constitutionnelle qui devait sceller un nouveau pacte politique et social entre le peuple et une nouvelle classe politique,<\/li><li>et c&#8217;\u00e9tait enfin, un vote au titre d&#8217;\u00e9lections l\u00e9gislatives anticip\u00e9es pour installer dans tous les compartiments \u00e9lus, des \u00e9lites qui serviraient de bras op\u00e9rationnel de mise en \u0153uvre dudit nouveau pacte.<\/li><\/ul>\n\n\n\n<p>Le discr\u00e9dit est sans appel : successivement 40% pour les pr\u00e9sidentielles, 27% pour la r\u00e9vision Constitutionnelle et 30% pour les l\u00e9gislatives. Avec qui plus est, 25% de votes blancs \u00e0 chaque fois.<\/p>\n\n\n\n<p>Un v\u00e9ritable KO technique et politique pour des militaires que le peuple n&#8217;aime voir que dans ses casernes et non plus dissimul\u00e9s dans tous les \u00e9tages du Pouvoir.<\/p>\n\n\n\n<p>Ceci dit, la d\u00e9mocratie partout dans le monde, doit \u00eatre un v\u00e9ritable outil de gouvernance repr\u00e9sentatif, comp\u00e9tent, constant et inclusif de toutes les potentialit\u00e9s et les voix d&#8217;une nation, au lieu qu\u2019elle soit r\u00e9duite \u00e0 un syst\u00e8me verrouill\u00e9, d\u00e9connect\u00e9 de la vie publique jusqu\u2019\u00e0 ne plus \u00eatre port\u00e9e que par des votes minoritaires au profit d\u2019int\u00e9r\u00eats encore plus minoritaires et impopulaires.<\/p>\n\n\n\n<p>Le monde n&#8217;a jamais eu autant besoin d&#8217;une d\u00e9mocratie 2.0 pour y parvenir.<\/p>\n\n\n\n<p><strong>Najib Mikou<\/strong><\/p>\n","protected":false},"excerpt":{"rendered":"<p>Le Pr\u00e9sident alg\u00e9rien va certainement user et abuser, aussi bien en intra-muros qu&#8217;\u00e0 l&#8217;international, de ce dernier taux de participation \u00e9lectorale en France, pour justifier ses d\u00e9b\u00e2cles \u00e9lectorales successives toutes r\u00e9centes. C&#8217;est l\u00e0 le plus grand danger de tels votes : c&#8217;est que des dirigeants mal \u00e9lus, puissent s&#8217;en servir pour justifier et banaliser la [&hellip;]<\/p>\n","protected":false},"author":1,"featured_media":1667,"comment_status":"open","ping_status":"open","sticky":false,"template":"","format":"standard","meta":{"pgc_sgb_lightbox_settings":""},"categories":[17],"tags":[],"yoast_head":"<!-- This site is optimized with the Yoast SEO plugin v15.9.2 - https:\/\/yoast.com\/wordpress\/plugins\/seo\/ -->\n<meta name=\"robots\" content=\"index, follow, max-snippet:-1, max-image-preview:large, max-video-preview:-1\" \/>\n<link rel=\"canonical\" href=\"https:\/\/najibmikou.com\/fr\/president-algerien-comparaison-nest-pas-du-tout-raison\/\" \/>\n<meta property=\"og:locale\" content=\"fr_FR\" \/>\n<meta property=\"og:type\" content=\"article\" \/>\n<meta property=\"og:title\" content=\"Pr\u00e9sident Alg\u00e9rien : Comparaison n&#039;est pas du tout raison - Najib MIKOU\" \/>\n<meta property=\"og:description\" content=\"Le Pr\u00e9sident alg\u00e9rien va certainement user et abuser, aussi bien en intra-muros qu&#8217;\u00e0 l&#8217;international, de ce dernier taux de participation \u00e9lectorale en France, pour justifier ses d\u00e9b\u00e2cles \u00e9lectorales successives toutes r\u00e9centes. C&#8217;est l\u00e0 le plus grand danger de tels votes : c&#8217;est que des dirigeants mal \u00e9lus, puissent s&#8217;en servir pour justifier et banaliser la [&hellip;]\" \/>\n<meta property=\"og:url\" content=\"https:\/\/najibmikou.com\/fr\/president-algerien-comparaison-nest-pas-du-tout-raison\/\" \/>\n<meta property=\"og:site_name\" content=\"Najib MIKOU\" \/>\n<meta property=\"article:published_time\" content=\"2021-06-28T23:41:43+00:00\" \/>\n<meta property=\"article:modified_time\" content=\"2021-11-09T22:16:19+00:00\" \/>\n<meta property=\"og:image\" content=\"https:\/\/najibmikou.com\/fr\/wp-content\/uploads\/2021\/03\/najibmikou.jpeg\" \/>\n\t<meta property=\"og:image:width\" content=\"699\" \/>\n\t<meta property=\"og:image:height\" content=\"400\" \/>\n<meta name=\"twitter:card\" content=\"summary_large_image\" \/>\n<meta name=\"twitter:label1\" content=\"Dur\u00e9e de lecture est.\">\n\t<meta name=\"twitter:data1\" content=\"2 minutes\">\n<script type=\"application\/ld+json\" class=\"yoast-schema-graph\">{\"@context\":\"https:\/\/schema.org\",\"@graph\":[{\"@type\":\"WebSite\",\"@id\":\"https:\/\/najibmikou.com\/fr\/#website\",\"url\":\"https:\/\/najibmikou.com\/fr\/\",\"name\":\"Najib MIKOU\",\"description\":\"\\u00c9crire c&#039;est contribuer \\u00e0 ce que le temps collectif ne se trompe pas de chemin\",\"potentialAction\":[{\"@type\":\"SearchAction\",\"target\":\"https:\/\/najibmikou.com\/fr\/?s={search_term_string}\",\"query-input\":\"required name=search_term_string\"}],\"inLanguage\":\"fr-FR\"},{\"@type\":\"ImageObject\",\"@id\":\"https:\/\/najibmikou.com\/fr\/president-algerien-comparaison-nest-pas-du-tout-raison\/#primaryimage\",\"inLanguage\":\"fr-FR\",\"url\":\"https:\/\/najibmikou.com\/fr\/wp-content\/uploads\/2021\/03\/najibmikou.jpeg\",\"width\":699,\"height\":400},{\"@type\":\"WebPage\",\"@id\":\"https:\/\/najibmikou.com\/fr\/president-algerien-comparaison-nest-pas-du-tout-raison\/#webpage\",\"url\":\"https:\/\/najibmikou.com\/fr\/president-algerien-comparaison-nest-pas-du-tout-raison\/\",\"name\":\"Pr\\u00e9sident Alg\\u00e9rien : Comparaison n'est pas du tout raison - Najib MIKOU\",\"isPartOf\":{\"@id\":\"https:\/\/najibmikou.com\/fr\/#website\"},\"primaryImageOfPage\":{\"@id\":\"https:\/\/najibmikou.com\/fr\/president-algerien-comparaison-nest-pas-du-tout-raison\/#primaryimage\"},\"datePublished\":\"2021-06-28T23:41:43+00:00\",\"dateModified\":\"2021-11-09T22:16:19+00:00\",\"author\":{\"@id\":\"https:\/\/najibmikou.com\/fr\/#\/schema\/person\/ad833ab699d080f01dced99b1891ec1e\"},\"breadcrumb\":{\"@id\":\"https:\/\/najibmikou.com\/fr\/president-algerien-comparaison-nest-pas-du-tout-raison\/#breadcrumb\"},\"inLanguage\":\"fr-FR\",\"potentialAction\":[{\"@type\":\"ReadAction\",\"target\":[\"https:\/\/najibmikou.com\/fr\/president-algerien-comparaison-nest-pas-du-tout-raison\/\"]}]},{\"@type\":\"BreadcrumbList\",\"@id\":\"https:\/\/najibmikou.com\/fr\/president-algerien-comparaison-nest-pas-du-tout-raison\/#breadcrumb\",\"itemListElement\":[{\"@type\":\"ListItem\",\"position\":1,\"item\":{\"@type\":\"WebPage\",\"@id\":\"https:\/\/najibmikou.com\/fr\/\",\"url\":\"https:\/\/najibmikou.com\/fr\/\",\"name\":\"Accueil\"}},{\"@type\":\"ListItem\",\"position\":2,\"item\":{\"@type\":\"WebPage\",\"@id\":\"https:\/\/najibmikou.com\/fr\/president-algerien-comparaison-nest-pas-du-tout-raison\/\",\"url\":\"https:\/\/najibmikou.com\/fr\/president-algerien-comparaison-nest-pas-du-tout-raison\/\",\"name\":\"Pr\\u00e9sident Alg\\u00e9rien : Comparaison n&#8217;est pas du tout raison\"}}]},{\"@type\":\"Person\",\"@id\":\"https:\/\/najibmikou.com\/fr\/#\/schema\/person\/ad833ab699d080f01dced99b1891ec1e\",\"name\":\"Najib Mikou\",\"image\":{\"@type\":\"ImageObject\",\"@id\":\"https:\/\/najibmikou.com\/fr\/#personlogo\",\"inLanguage\":\"fr-FR\",\"url\":\"https:\/\/secure.gravatar.com\/avatar\/6dfd4a9a9096131eea6d80fb3de585a0?s=96&d=mm&r=g\",\"caption\":\"Najib Mikou\"},\"sameAs\":[\"http:\/\/najibmikou.com\/fr\"]}]}<\/script>\n<!-- \/ Yoast SEO plugin. -->","_links":{"self":[{"href":"https:\/\/najibmikou.com\/fr\/wp-json\/wp\/v2\/posts\/2248"}],"collection":[{"href":"https:\/\/najibmikou.com\/fr\/wp-json\/wp\/v2\/posts"}],"about":[{"href":"https:\/\/najibmikou.com\/fr\/wp-json\/wp\/v2\/types\/post"}],"author":[{"embeddable":true,"href":"https:\/\/najibmikou.com\/fr\/wp-json\/wp\/v2\/users\/1"}],"replies":[{"embeddable":true,"href":"https:\/\/najibmikou.com\/fr\/wp-json\/wp\/v2\/comments?post=2248"}],"version-history":[{"count":1,"href":"https:\/\/najibmikou.com\/fr\/wp-json\/wp\/v2\/posts\/2248\/revisions"}],"predecessor-version":[{"id":2249,"href":"https:\/\/najibmikou.com\/fr\/wp-json\/wp\/v2\/posts\/2248\/revisions\/2249"}],"wp:featuredmedia":[{"embeddable":true,"href":"https:\/\/najibmikou.com\/fr\/wp-json\/wp\/v2\/media\/1667"}],"wp:attachment":[{"href":"https:\/\/najibmikou.com\/fr\/wp-json\/wp\/v2\/media?parent=2248"}],"wp:term":[{"taxonomy":"category","embeddable":true,"href":"https:\/\/najibmikou.com\/fr\/wp-json\/wp\/v2\/categories?post=2248"},{"taxonomy":"post_tag","embeddable":true,"href":"https:\/\/najibmikou.com\/fr\/wp-json\/wp\/v2\/tags?post=2248"}],"curies":[{"name":"wp","href":"https:\/\/api.w.org\/{rel}","templated":true}]}}