{"id":2092,"date":"2021-05-23T23:01:56","date_gmt":"2021-05-23T21:01:56","guid":{"rendered":"https:\/\/najibmikou.com\/fr\/?p=2092"},"modified":"2021-11-09T23:16:56","modified_gmt":"2021-11-09T22:16:56","slug":"lespagne-notre-enami-espana-es-nuestro-enamigo","status":"publish","type":"post","link":"https:\/\/najibmikou.com\/fr\/lespagne-notre-enami-espana-es-nuestro-enamigo\/","title":{"rendered":"<h1 class=\"entry-title\" style=\"text-align: center;\">L&#8217;Espagne notre enami? <br>Espa\u00f1a es nuestro enamigo?<\/h1>"},"content":{"rendered":"\n<p>Je trouve que les langues sont tr\u00e8s tranchantes parce que peu imaginatives et peu anticipatives de ph\u00e9nom\u00e8nes nouveaux qui peuvent surgir, tellement les choses changent et les mots doivent avoir la capacit\u00e9 de suivre.<\/p>\n\n\n\n<p>Dans les langues il y a l&#8217;ami et l&#8217;ennemi, il y a l&#8217;humain et l&#8217;animal, mais il n&#8217;y a rien entre les deux pour exprimer des situations r\u00e9elles qui sont effectivement entre les deux ou les deux \u00e0 la fois.<\/p>\n\n\n\n<ul><li>J&#8217;ai donc pris l&#8217;initiative il y a une quinzaine d&#8217;ann\u00e9es, de cr\u00e9er un nouveau mot entre animal et humain pour qualifier le comportement des sionistes envers le peuple palestinien : les animains (\u0627\u0644\u062d\u064a\u0633\u0627\u0646).<\/li><\/ul>\n\n\n\n<p>Je trouve qu&#8217;il leur convient bien, sachant que leur comportement ne peut \u00eatre qualifi\u00e9 d&#8217;humain parce qu&#8217;il ne coche que peu de crit\u00e8res d&#8217;un comportement humain, ni d&#8217;animal parce qu&#8217;il ne coche pas tous les crit\u00e8res relevant de l&#8217;esp\u00e8ce animale qui a des vertus et des qualit\u00e9s qu&#8217;ils n&#8217;ont pas.<\/p>\n\n\n\n<p>J&#8217;avais d\u00e9cid\u00e9 de cr\u00e9er ce nouveau mot qui exprime les deux esp\u00e8ces \u00e0 la fois, que j&#8217;avais d&#8217;ailleurs utilis\u00e9 dans un article qui a \u00e9t\u00e9 publi\u00e9 dans &#8220;l&#8217;Economiste&#8221; et que j&#8217;avais titr\u00e9 : Les raisins de la col\u00e8re.<\/p>\n\n\n\n<p>D&#8217;ailleurs, ce nouveau mot leur convient davantage aujourd&#8217;hui comme un gant, avec les atrocit\u00e9s qu&#8217;ils ont fait subir aux palestiniens ces tous derniers jours encore, en face des cam\u00e9ras du monde entier.<\/p>\n\n\n\n<ul><li>Et ce matin, je prends l&#8217;initiative de cr\u00e9er un nouveau mot pour qualifier le comportement de l&#8217;Espagne \u00e0 l&#8217;\u00e9gard de notre pays : enami (\u0627\u0644\u0639\u062f\u064a\u0642) que je trouve lui convenir parfaitement bien.<\/li><\/ul>\n\n\n\n<p>Nos relations \u00e9conomiques et s\u00e9curitaires sont tellement fusionnelles qu&#8217;on peut qualifier l&#8217;Espagne d&#8217;ami, mais nos relations politiques et g\u00e9o-strat\u00e9giques, sont tellement discordantes et conflictuelles, qu&#8217;on peut ais\u00e9ment qualifier l&#8217;Espagne d&#8217;ennemi.<\/p>\n\n\n\n<p>Et sachant que le mot ami, tout comme le mot ennemi, ne t\u00e9moignent pas par cons\u00e9quent, de la r\u00e9alit\u00e9 de nos relations, je d\u00e9cide d&#8217;inventer ce mot qui les exprime dans le m\u00eame temps.<\/p>\n\n\n\n<p>D&#8217;ailleurs, ce mot que je n&#8217;invente malheureusement qu&#8217;aujourd&#8217;hui, qualifie tr\u00e8s bien le comportement schizophr\u00e8ne de l&#8217;Espagne \u00e0 l&#8217;\u00e9gard de notre pays depuis au moins 45 ans.<\/p>\n\n\n\n<p>Il est grand temps que l&#8217;Etat espagnol cesse ces amplitudes politiques relevant de s\u00e9quelles d&#8217;un autre temps, qui exposent les deux parties \u00e0 une \u00e9ternelle reconstruction de la confiance entre elles, au lieu qu&#8217;il s&#8217;arrime pour de bon et \u00e0 jamais, \u00e0 l&#8217;effort sinc\u00e8re du Maroc \u00e0 faire en sorte que leur temps commun ne se trompe plus de chemin.<\/p>\n\n\n\n<p><strong>Najib MIKOU<\/strong><\/p>\n","protected":false},"excerpt":{"rendered":"<p>Je trouve que les langues sont tr\u00e8s tranchantes parce que peu imaginatives et peu anticipatives de ph\u00e9nom\u00e8nes nouveaux qui peuvent surgir, tellement les choses changent et les mots doivent avoir la capacit\u00e9 de suivre. Dans les langues il y a l&#8217;ami et l&#8217;ennemi, il y a l&#8217;humain et l&#8217;animal, mais il n&#8217;y a rien entre [&hellip;]<\/p>\n","protected":false},"author":1,"featured_media":1667,"comment_status":"open","ping_status":"open","sticky":false,"template":"","format":"standard","meta":{"pgc_sgb_lightbox_settings":""},"categories":[17],"tags":[],"yoast_head":"<!-- This site is optimized with the Yoast SEO plugin v15.9.2 - https:\/\/yoast.com\/wordpress\/plugins\/seo\/ -->\n<meta name=\"robots\" content=\"index, follow, max-snippet:-1, max-image-preview:large, max-video-preview:-1\" \/>\n<link rel=\"canonical\" href=\"https:\/\/najibmikou.com\/fr\/lespagne-notre-enami-espana-es-nuestro-enamigo\/\" \/>\n<meta property=\"og:locale\" content=\"fr_FR\" \/>\n<meta property=\"og:type\" content=\"article\" \/>\n<meta property=\"og:title\" content=\"L&#039;Espagne notre enami? Espa\u00f1a es nuestro enamigo? - Najib MIKOU\" \/>\n<meta property=\"og:description\" content=\"Je trouve que les langues sont tr\u00e8s tranchantes parce que peu imaginatives et peu anticipatives de ph\u00e9nom\u00e8nes nouveaux qui peuvent surgir, tellement les choses changent et les mots doivent avoir la capacit\u00e9 de suivre. Dans les langues il y a l&#8217;ami et l&#8217;ennemi, il y a l&#8217;humain et l&#8217;animal, mais il n&#8217;y a rien entre [&hellip;]\" \/>\n<meta property=\"og:url\" content=\"https:\/\/najibmikou.com\/fr\/lespagne-notre-enami-espana-es-nuestro-enamigo\/\" \/>\n<meta property=\"og:site_name\" content=\"Najib MIKOU\" \/>\n<meta property=\"article:published_time\" content=\"2021-05-23T21:01:56+00:00\" \/>\n<meta property=\"article:modified_time\" content=\"2021-11-09T22:16:56+00:00\" \/>\n<meta property=\"og:image\" content=\"https:\/\/najibmikou.com\/fr\/wp-content\/uploads\/2021\/03\/najibmikou.jpeg\" \/>\n\t<meta property=\"og:image:width\" content=\"699\" \/>\n\t<meta property=\"og:image:height\" content=\"400\" \/>\n<meta name=\"twitter:card\" content=\"summary_large_image\" \/>\n<meta name=\"twitter:label1\" content=\"Dur\u00e9e de lecture est.\">\n\t<meta name=\"twitter:data1\" content=\"2 minutes\">\n<script type=\"application\/ld+json\" class=\"yoast-schema-graph\">{\"@context\":\"https:\/\/schema.org\",\"@graph\":[{\"@type\":\"WebSite\",\"@id\":\"https:\/\/najibmikou.com\/fr\/#website\",\"url\":\"https:\/\/najibmikou.com\/fr\/\",\"name\":\"Najib MIKOU\",\"description\":\"\\u00c9crire c&#039;est contribuer \\u00e0 ce que le temps collectif ne se trompe pas de chemin\",\"potentialAction\":[{\"@type\":\"SearchAction\",\"target\":\"https:\/\/najibmikou.com\/fr\/?s={search_term_string}\",\"query-input\":\"required name=search_term_string\"}],\"inLanguage\":\"fr-FR\"},{\"@type\":\"ImageObject\",\"@id\":\"https:\/\/najibmikou.com\/fr\/lespagne-notre-enami-espana-es-nuestro-enamigo\/#primaryimage\",\"inLanguage\":\"fr-FR\",\"url\":\"https:\/\/najibmikou.com\/fr\/wp-content\/uploads\/2021\/03\/najibmikou.jpeg\",\"width\":699,\"height\":400},{\"@type\":\"WebPage\",\"@id\":\"https:\/\/najibmikou.com\/fr\/lespagne-notre-enami-espana-es-nuestro-enamigo\/#webpage\",\"url\":\"https:\/\/najibmikou.com\/fr\/lespagne-notre-enami-espana-es-nuestro-enamigo\/\",\"name\":\"L'Espagne notre enami? Espa\\u00f1a es nuestro enamigo? - Najib MIKOU\",\"isPartOf\":{\"@id\":\"https:\/\/najibmikou.com\/fr\/#website\"},\"primaryImageOfPage\":{\"@id\":\"https:\/\/najibmikou.com\/fr\/lespagne-notre-enami-espana-es-nuestro-enamigo\/#primaryimage\"},\"datePublished\":\"2021-05-23T21:01:56+00:00\",\"dateModified\":\"2021-11-09T22:16:56+00:00\",\"author\":{\"@id\":\"https:\/\/najibmikou.com\/fr\/#\/schema\/person\/ad833ab699d080f01dced99b1891ec1e\"},\"breadcrumb\":{\"@id\":\"https:\/\/najibmikou.com\/fr\/lespagne-notre-enami-espana-es-nuestro-enamigo\/#breadcrumb\"},\"inLanguage\":\"fr-FR\",\"potentialAction\":[{\"@type\":\"ReadAction\",\"target\":[\"https:\/\/najibmikou.com\/fr\/lespagne-notre-enami-espana-es-nuestro-enamigo\/\"]}]},{\"@type\":\"BreadcrumbList\",\"@id\":\"https:\/\/najibmikou.com\/fr\/lespagne-notre-enami-espana-es-nuestro-enamigo\/#breadcrumb\",\"itemListElement\":[{\"@type\":\"ListItem\",\"position\":1,\"item\":{\"@type\":\"WebPage\",\"@id\":\"https:\/\/najibmikou.com\/fr\/\",\"url\":\"https:\/\/najibmikou.com\/fr\/\",\"name\":\"Accueil\"}},{\"@type\":\"ListItem\",\"position\":2,\"item\":{\"@type\":\"WebPage\",\"@id\":\"https:\/\/najibmikou.com\/fr\/lespagne-notre-enami-espana-es-nuestro-enamigo\/\",\"url\":\"https:\/\/najibmikou.com\/fr\/lespagne-notre-enami-espana-es-nuestro-enamigo\/\",\"name\":\"L&#8217;Espagne notre enami? Espa\\u00f1a es nuestro enamigo?\"}}]},{\"@type\":\"Person\",\"@id\":\"https:\/\/najibmikou.com\/fr\/#\/schema\/person\/ad833ab699d080f01dced99b1891ec1e\",\"name\":\"Najib Mikou\",\"image\":{\"@type\":\"ImageObject\",\"@id\":\"https:\/\/najibmikou.com\/fr\/#personlogo\",\"inLanguage\":\"fr-FR\",\"url\":\"https:\/\/secure.gravatar.com\/avatar\/6dfd4a9a9096131eea6d80fb3de585a0?s=96&d=mm&r=g\",\"caption\":\"Najib Mikou\"},\"sameAs\":[\"http:\/\/najibmikou.com\/fr\"]}]}<\/script>\n<!-- \/ Yoast SEO plugin. -->","_links":{"self":[{"href":"https:\/\/najibmikou.com\/fr\/wp-json\/wp\/v2\/posts\/2092"}],"collection":[{"href":"https:\/\/najibmikou.com\/fr\/wp-json\/wp\/v2\/posts"}],"about":[{"href":"https:\/\/najibmikou.com\/fr\/wp-json\/wp\/v2\/types\/post"}],"author":[{"embeddable":true,"href":"https:\/\/najibmikou.com\/fr\/wp-json\/wp\/v2\/users\/1"}],"replies":[{"embeddable":true,"href":"https:\/\/najibmikou.com\/fr\/wp-json\/wp\/v2\/comments?post=2092"}],"version-history":[{"count":12,"href":"https:\/\/najibmikou.com\/fr\/wp-json\/wp\/v2\/posts\/2092\/revisions"}],"predecessor-version":[{"id":2106,"href":"https:\/\/najibmikou.com\/fr\/wp-json\/wp\/v2\/posts\/2092\/revisions\/2106"}],"wp:featuredmedia":[{"embeddable":true,"href":"https:\/\/najibmikou.com\/fr\/wp-json\/wp\/v2\/media\/1667"}],"wp:attachment":[{"href":"https:\/\/najibmikou.com\/fr\/wp-json\/wp\/v2\/media?parent=2092"}],"wp:term":[{"taxonomy":"category","embeddable":true,"href":"https:\/\/najibmikou.com\/fr\/wp-json\/wp\/v2\/categories?post=2092"},{"taxonomy":"post_tag","embeddable":true,"href":"https:\/\/najibmikou.com\/fr\/wp-json\/wp\/v2\/tags?post=2092"}],"curies":[{"name":"wp","href":"https:\/\/api.w.org\/{rel}","templated":true}]}}