{"id":1763,"date":"2021-04-21T10:30:00","date_gmt":"2021-04-21T08:30:00","guid":{"rendered":"https:\/\/najibmikou.com\/fr\/?p=1763"},"modified":"2021-04-22T01:11:33","modified_gmt":"2021-04-21T23:11:33","slug":"elections-2021-voter-ou-bouter-trois-prealables-a-une-reconciliation","status":"publish","type":"post","link":"https:\/\/najibmikou.com\/fr\/elections-2021-voter-ou-bouter-trois-prealables-a-une-reconciliation\/","title":{"rendered":"Elections 2021 : Trois pr\u00e9alables \u00e0 une r\u00e9conciliation"},"content":{"rendered":"<p style=\"text-align: left;\"><strong>Najib Mikou<\/strong><br \/>Consultant en Prospective et Etudes Strat\u00e9giques<\/p>\n<p>Corona ou pas Corona, tout pr\u00eate \u00e0 affirmer que notre pays ira vers des \u00e9lections g\u00e9n\u00e9rales \u00e0 leur rendez-vous pr\u00e9cis. On assistera bel et bien en ce 2021, au renouvellement de tous nos \u00e9lus, aussi bien au niveau communal, r\u00e9gional, professionnel que l\u00e9gislatif. Une belle posture d&#8217;un Etat qui se tient droit dans ses bottes d\u00e9mocratiques.<\/p>\n<p>Il est n\u00e9anmoins, n\u00e9cessaire de rappeler ici que nous avons assist\u00e9 lors de pr\u00e9c\u00e9dentes \u00e9lections du m\u00eame niveau d&#8217;importance, \u00e0 des taux de participation tr\u00e8s bas, qui portent un coup \u00e0 la cr\u00e9dibilit\u00e9 de nos institutions \u00e9lues. Nous sommes 26 millions de citoyens en \u00e2ge de voter, dont 16 millions d&#8217;inscrits dans les listes \u00e9lectorales, et nous nous sommes retrouv\u00e9s juste avec 5 ou 6 millions d&#8217;\u00e9lecteurs qui ont pris le chemin des urnes, dont quelques 20% ont vot\u00e9 blanc. Avec qui plus est, un tout petit, pour ne pas dire insignifiant, 1,5 millions de voix au profit du 1er parti, ce qui lui a suffit pour constituer une majorit\u00e9, un gouvernement et pour le pr\u00e9sider m\u00eame, au nom de &#8230; 40 millions de Marocains d&#8217;ici et d&#8217;ailleurs.<\/p>\n<p>Il rel\u00e8ve du non sens, de l&#8217;absurde m\u00eame, que de passer des mois et des mois pour \u00e9laborer, r\u00e9am\u00e9nager et adopter des lois \u00e9lectorales, d&#8217;engager des centaines de millions de Dirhams du budget de l&#8217;Etat pour financer l&#8217;organisation des scrutins, et au moins autant de la poche des candidats pour financer leurs campagnes \u00e9lectorales, de tenir tout un pays en haleine pendant des semaines et des jours trop contraignants, pour finalement un tel r\u00e9sultat. Touuuuut \u00e7a pour \u00e7a ?!!!!<\/p>\n<p>Chacun ira de ses interpr\u00e9tations et r\u00e9flexions pour nous expliquer le pourquoi du comment de ce maigre score. Mais, la certitude implacable est que notre pays, nos populations, nos op\u00e9rateurs \u00e9conomiques et sociaux, vivent les \u00e9lections, et plus particuli\u00e8rement celles de ce 2021, comme un moment de v\u00e9rit\u00e9 o\u00f9 ils tiennent \u00e0 recevoir l&#8217;offre concr\u00e8te et pr\u00e9cise de la classe politique, en r\u00e9ponse \u00e0 des probl\u00e9matiques auxquelles ils se heurtent au quotidien.<\/p>\n<p>Elles vont du pouvoir d&#8217;achat, de l&#8217;\u00e9tat du quartier, du logement, de l&#8217;h\u00f4pital et du transport urbain, jusqu&#8217;\u00e0 la cr\u00e9ation massive d&#8217;entreprises et d&#8217;emplois, l&#8217;industrialisation du pays, la d\u00e9pendance \u00e0 la pluviom\u00e9trie, le stress hydrique, la digitalisation, la s\u00e9curit\u00e9 \u00e9cologique, la s\u00e9curit\u00e9 \u00e9nerg\u00e9tique, la s\u00e9curit\u00e9 alimentaire, la s\u00e9curit\u00e9 sanitaire, l&#8217;int\u00e9gration de notre \u00c9conomie, la qualit\u00e9 de l&#8217;Enseignement, notre socle des valeurs partag\u00e9es, nos vuln\u00e9rabilit\u00e9s sociales, la dette publique, les sources de financement de notre \u00c9conomie, le d\u00e9veloppement des IDE, la fuite des cerveaux, le d\u00e9veloppement r\u00e9gional, le d\u00e9phasage du monde rural, l&#8217;anticipation et la gestion des risques, la comp\u00e9titivit\u00e9 de nos entreprises, la politique fiscale, l&#8217;\u00e9largissement de la classe moyenne, le d\u00e9veloppement des exportations et j&#8217;en passe.<\/p>\n<ul>\n<li style=\"text-align: left;\"><span style=\"color: #3366ff;\"><strong>Le pr\u00e9alable programmatique porteur d&#8217;un r\u00eave collectif<\/strong><\/span><\/li>\n<\/ul>\n<p>Autant de questions et bien d&#8217;autres, tr\u00e8s complexes, dont l&#8217;actualit\u00e9 n&#8217;est plus \u00e0 d\u00e9montrer et que la pand\u00e9mie du Coronavirus a davantage amplifi\u00e9 et rendu encore plus pressantes. Nos partis politiques, seuls acteurs en course dans ces \u00e9lections, ont par cons\u00e9quent, l&#8217;obligation d&#8217;\u00eatre visionnaires, novateurs, concrets et pragmatiques, pour \u00eatre capables d&#8217;y apporter les r\u00e9ponses idoines, et surtout d&#8217;expliquer le modus operendi \u00e0 toutes leurs r\u00e9ponses.<\/p>\n<p>Pas du tout besoin de programmes \u00e9lectoraux bourr\u00e9s de promesses invraisemblables ni de course effr\u00e9n\u00e9e \u00e0 la surench\u00e8re. Les d\u00e9fis sont clairs et tout aussi grands que multiples. Nous avons par cons\u00e9quent, besoin de solutions syst\u00e9miques \u00e0 leur hauteur, pour aboutir in fine, au d\u00e9veloppement \u00e9conomique, \u00e0 la justice sociale, au renforcement des valeurs et r\u00e9f\u00e9rentiels partag\u00e9s, et au rayonnement international de notre Royaume, qui constituent le grand r\u00eave collectif.<\/p>\n<p>Faut-il rappeler ici que lorsqu&#8217;un seul homme r\u00eave, ce n&#8217;est qu&#8217;un r\u00eave, mais quand Le Monarque et son peuple portent ensemble ce m\u00eame r\u00eave, \u00e7a devient une nouvelle r\u00e9alit\u00e9 et de nouvelles esp\u00e9rances qui ne peuvent \u00eatre ni \u00e9touff\u00e9es ni ind\u00e9finiment frustr\u00e9es ou report\u00e9es. D&#8217;o\u00f9 la n\u00e9cessit\u00e9 pour nos partis politiques de s&#8217;approprier v\u00e9ritablement ce grand r\u00eave et de se surpasser dans une comp\u00e9tition d&#8217;id\u00e9es, propre et acharn\u00e9e, \u00e0 qui peut le d\u00e9cliner en programmes concrets, cr\u00e9dibles, op\u00e9rationnels, mobilisateurs et f\u00e9d\u00e9rateurs.<\/p>\n<ul>\n<li style=\"text-align: left;\"><strong><span style=\"color: #3366ff;\">Le pr\u00e9alable de l&#8217;ouverture \u00e0 toutes les comp\u00e9tences nationales<\/span><\/strong><\/li>\n<\/ul>\n<p>Par ailleurs, et au vu de ces grandes questions qui nous interpellent avec autant de force et de pression, les \u00e9lus de demain qui vont porter et mettre en \u0153uvre les r\u00e9ponses au niveau de l&#8217;ensemble des compartiments qu&#8217;ils vont occuper, devront faire montre de patriotisme sans faille, de comp\u00e9tence, de discernement, de disponibilit\u00e9, de serviabilit\u00e9, d&#8217;altruisme, d&#8217;engagement, d&#8217;humilit\u00e9, de proximit\u00e9 et d&#8217;\u00e9coute.<\/p>\n<p>Les prochaines \u00e9lections ne peuvent pas, ne doivent pas servir de simple ascenseur social aux candidats ni de machine infernale \u00e0 r\u00e9colter co\u00fbte que co\u00fbte, le plus grand nombre de si\u00e8ges aux partis. Elles doivent faire \u00e9clore les meilleurs et les plus patriotes parmi nous, pour relever les grands d\u00e9fis et cultiver la confiance et l&#8217;esp\u00e9rance collectives, Oh combien indispensables pour notre pays.<\/p>\n<p>Pour ce faire, nos partis politiques en lice, devraient puiser dans leurs meilleures r\u00e9serves de militants, mais sans s&#8217;en contenter. Ils devraient s&#8217;ouvrir \u00e9galement, \u00e0 des comp\u00e9tences et des valeurs s\u00fbres en dehors de leurs rangs, femmes et hommes, jeunes et moins jeunes, de l&#8217;int\u00e9rieur et \u00e0 l&#8217;\u00e9tranger, pour mettre \u00e0 contribution l&#8217;ensemble des potentialit\u00e9s de la Nation.<\/p>\n<p>Il est inadmissible que nos partis ne fassent pas appel \u00e0 des &#8221;lumi\u00e8res&#8221; que compte notre soci\u00e9t\u00e9 civile en grand nombre, juste parce qu&#8217;elles ne font pas partie de leurs rangs. Nous ne connaissons que trop bien le taux faible d&#8217;affiliation \u00e0 nos partis pour moult raisons, d&#8217;o\u00f9 l&#8217;int\u00e9r\u00eat \u00e9vident qu&#8217;ils aillent se ressourcer en dehors de leurs murs, dans une soci\u00e9t\u00e9 civile qui foisonne d&#8217;intelligence, de savoir-faire, d&#8217;int\u00e9grit\u00e9 et de volont\u00e9 sinc\u00e8re de servir le quartier, la commune, la r\u00e9gion, la communaut\u00e9, le Maroc.<\/p>\n<p>Les \u00e9lections ne sont certes, pas un examen de passage \u00e0 une classe sup\u00e9rieure, ni un concours d&#8217;embauche, mais il est un fait certain qu&#8217;elles font acc\u00e9der \u00e0 la gestion de choses trop importantes pour qu&#8217;elles soient confi\u00e9es \u00e0 des amateurs ou au commun des mortels, au nom de &#8230; la d\u00e9mocratie. Ceci dit, le dipl\u00f4me ne peut, ne doit suffire dans de telles situations. Les instances \u00e9lues ne sont nullement des bureaux d&#8217;\u00e9tudes ou des cabinets conseils. L&#8217;exp\u00e9rience et la proximit\u00e9 sociale, ont forg\u00e9 bien des femmes et des hommes qui sont aujourd&#8217;hui des bac + 20, sans jamais avoir eu le bac.<\/p>\n<p>Mais, si la proximit\u00e9, la serviabilit\u00e9, le don de soi, la disponibilit\u00e9, l&#8217;humilit\u00e9, l&#8217;exemplarit\u00e9 et la probit\u00e9, doivent \u00eatre des exigences n\u00e9cessaires dans tous les compartiments \u00e9lus, il est par contre, indispensable de monter en \u00e9chelle d&#8217;exigences, quand il s&#8217;agit de responsabilit\u00e9s cl\u00e9s dans les communes et les r\u00e9gions, ou d&#8217;\u00eatre amen\u00e9 \u00e0 \u00e9tudier, d\u00e9battre et d\u00e9cider de lois et de choix encore plus complexes, au niveau du Parlement ou encore du Gouvernement.<\/p>\n<ul>\n<li style=\"text-align: left;\"><span style=\"color: #3366ff;\"><strong>Le pr\u00e9alable de campagnes \u00e9lectorales propres<\/strong><\/span><\/li>\n<\/ul>\n<p>Par ailleurs, nos campagnes \u00e9lectorales sont malheureusement parfois, entach\u00e9es de comportements malsains qui donnent une pi\u00e8tre image de cet \u00e9v\u00e9nement devant pourtant, \u00eatre la grande f\u00eate de la d\u00e9mocratie et du renouvellement des \u00e9lites.<\/p>\n<p>L&#8217;usage de l&#8217;argent pour avoir les voix de populations vuln\u00e9rables, l&#8217;achat de voix de grands \u00e9lecteurs, ou encore les r\u00e9ceptions g\u00e9n\u00e9reuses d\u00e9guis\u00e9es en meetings, sont des comportements indignes du Maroc d&#8217;aujourd&#8217;hui et de demain, auquel nous aspirons tous. De m\u00eame que les animations folkloriques et la distribution \u00e0 tort et \u00e0 travers, de millions de papiers, sont g\u00e9n\u00e9rateurs plut\u00f4t de pollutions sonore et environnementale, qui rendent d\u00e9sagr\u00e9ables nos espaces de vie collective. L\u00e0 \u00e9galement, nos partis politiques sont interpell\u00e9s pour y mettre fin, afin de forcer et m\u00e9riter le respect des citoyens.<\/p>\n<p>Ceci n&#8217;est ni un discours moralisateur ni encore moins une le\u00e7on adress\u00e9e \u00e0 qui que ce soit. Tant s&#8217;en faut. C&#8217;est un cri citoyen pour que notre d\u00e9mocratie soit un v\u00e9ritable outil de gouvernance repr\u00e9sentatif, comp\u00e9tent, constant et inclusif de toutes les potentialit\u00e9s et les voix de notre pays, au lieu qu&#8217;elle soit r\u00e9duite \u00e0 un syst\u00e8me verrouill\u00e9, d\u00e9connect\u00e9 de la vie publique et donc, bout\u00e9 jusqu&#8217;\u00e0 ne plus \u00eatre port\u00e9 que par des votes minoritaires au profit d&#8217;int\u00e9r\u00eats encore plus minoritaires et impopulaires.<\/p>\n<p>La r\u00e9conciliation du plus grand nombre avec les urnes, passera in\u00e9vitablement par ces pr\u00e9alables qui constituent la v\u00e9ritable cl\u00e9 pour parvenir \u00e0 reconstituer le capital-confiance en nos partis politiques, qui s&#8217;est \u00e9rod\u00e9 d\u00e8s lors que leur temps, aussi bien politique que social, s&#8217;est tromp\u00e9 de chemin.<\/p>\n\n\n<p><\/p>\n","protected":false},"excerpt":{"rendered":"<p>Najib MikouConsultant en Prospective et Etudes Strat\u00e9giques Corona ou pas Corona, tout pr\u00eate \u00e0 affirmer que notre pays ira vers des \u00e9lections g\u00e9n\u00e9rales \u00e0 leur rendez-vous pr\u00e9cis. On assistera bel et bien en ce 2021, au renouvellement de tous nos \u00e9lus, aussi bien au niveau communal, r\u00e9gional, professionnel que l\u00e9gislatif. Une belle posture d&#8217;un Etat [&hellip;]<\/p>\n","protected":false},"author":1,"featured_media":1667,"comment_status":"open","ping_status":"open","sticky":false,"template":"","format":"standard","meta":{"pgc_sgb_lightbox_settings":""},"categories":[18],"tags":[],"yoast_head":"<!-- This site is optimized with the Yoast SEO plugin v15.9.2 - https:\/\/yoast.com\/wordpress\/plugins\/seo\/ -->\n<meta name=\"robots\" content=\"index, follow, max-snippet:-1, max-image-preview:large, max-video-preview:-1\" \/>\n<link rel=\"canonical\" href=\"https:\/\/najibmikou.com\/fr\/elections-2021-voter-ou-bouter-trois-prealables-a-une-reconciliation\/\" \/>\n<meta property=\"og:locale\" content=\"fr_FR\" \/>\n<meta property=\"og:type\" content=\"article\" \/>\n<meta property=\"og:title\" content=\"Elections 2021 : Trois pr\u00e9alables \u00e0 une r\u00e9conciliation - Najib MIKOU\" \/>\n<meta property=\"og:description\" content=\"Najib MikouConsultant en Prospective et Etudes Strat\u00e9giques Corona ou pas Corona, tout pr\u00eate \u00e0 affirmer que notre pays ira vers des \u00e9lections g\u00e9n\u00e9rales \u00e0 leur rendez-vous pr\u00e9cis. On assistera bel et bien en ce 2021, au renouvellement de tous nos \u00e9lus, aussi bien au niveau communal, r\u00e9gional, professionnel que l\u00e9gislatif. Une belle posture d&#8217;un Etat [&hellip;]\" \/>\n<meta property=\"og:url\" content=\"https:\/\/najibmikou.com\/fr\/elections-2021-voter-ou-bouter-trois-prealables-a-une-reconciliation\/\" \/>\n<meta property=\"og:site_name\" content=\"Najib MIKOU\" \/>\n<meta property=\"article:published_time\" content=\"2021-04-21T08:30:00+00:00\" \/>\n<meta property=\"article:modified_time\" content=\"2021-04-21T23:11:33+00:00\" \/>\n<meta property=\"og:image\" content=\"https:\/\/najibmikou.com\/fr\/wp-content\/uploads\/2021\/04\/default_une.jpg\" \/>\n\t<meta property=\"og:image:width\" content=\"660\" \/>\n\t<meta property=\"og:image:height\" content=\"330\" \/>\n<meta name=\"twitter:card\" content=\"summary_large_image\" \/>\n<meta name=\"twitter:image\" content=\"https:\/\/najibmikou.com\/fr\/wp-content\/uploads\/2021\/04\/default_une.jpg\" \/>\n<meta name=\"twitter:label1\" content=\"Dur\u00e9e de lecture est.\">\n\t<meta name=\"twitter:data1\" content=\"7 minutes\">\n<script type=\"application\/ld+json\" class=\"yoast-schema-graph\">{\"@context\":\"https:\/\/schema.org\",\"@graph\":[{\"@type\":\"WebSite\",\"@id\":\"https:\/\/najibmikou.com\/fr\/#website\",\"url\":\"https:\/\/najibmikou.com\/fr\/\",\"name\":\"Najib MIKOU\",\"description\":\"\\u00c9crire c&#039;est contribuer \\u00e0 ce que le temps collectif ne se trompe pas de chemin\",\"potentialAction\":[{\"@type\":\"SearchAction\",\"target\":\"https:\/\/najibmikou.com\/fr\/?s={search_term_string}\",\"query-input\":\"required name=search_term_string\"}],\"inLanguage\":\"fr-FR\"},{\"@type\":\"ImageObject\",\"@id\":\"https:\/\/najibmikou.com\/fr\/elections-2021-voter-ou-bouter-trois-prealables-a-une-reconciliation\/#primaryimage\",\"inLanguage\":\"fr-FR\",\"url\":\"https:\/\/najibmikou.com\/fr\/wp-content\/uploads\/2021\/03\/najibmikou.jpeg\",\"width\":699,\"height\":400},{\"@type\":\"WebPage\",\"@id\":\"https:\/\/najibmikou.com\/fr\/elections-2021-voter-ou-bouter-trois-prealables-a-une-reconciliation\/#webpage\",\"url\":\"https:\/\/najibmikou.com\/fr\/elections-2021-voter-ou-bouter-trois-prealables-a-une-reconciliation\/\",\"name\":\"Elections 2021 : Trois pr\\u00e9alables \\u00e0 une r\\u00e9conciliation - Najib MIKOU\",\"isPartOf\":{\"@id\":\"https:\/\/najibmikou.com\/fr\/#website\"},\"primaryImageOfPage\":{\"@id\":\"https:\/\/najibmikou.com\/fr\/elections-2021-voter-ou-bouter-trois-prealables-a-une-reconciliation\/#primaryimage\"},\"datePublished\":\"2021-04-21T08:30:00+00:00\",\"dateModified\":\"2021-04-21T23:11:33+00:00\",\"author\":{\"@id\":\"https:\/\/najibmikou.com\/fr\/#\/schema\/person\/ad833ab699d080f01dced99b1891ec1e\"},\"breadcrumb\":{\"@id\":\"https:\/\/najibmikou.com\/fr\/elections-2021-voter-ou-bouter-trois-prealables-a-une-reconciliation\/#breadcrumb\"},\"inLanguage\":\"fr-FR\",\"potentialAction\":[{\"@type\":\"ReadAction\",\"target\":[\"https:\/\/najibmikou.com\/fr\/elections-2021-voter-ou-bouter-trois-prealables-a-une-reconciliation\/\"]}]},{\"@type\":\"BreadcrumbList\",\"@id\":\"https:\/\/najibmikou.com\/fr\/elections-2021-voter-ou-bouter-trois-prealables-a-une-reconciliation\/#breadcrumb\",\"itemListElement\":[{\"@type\":\"ListItem\",\"position\":1,\"item\":{\"@type\":\"WebPage\",\"@id\":\"https:\/\/najibmikou.com\/fr\/\",\"url\":\"https:\/\/najibmikou.com\/fr\/\",\"name\":\"Accueil\"}},{\"@type\":\"ListItem\",\"position\":2,\"item\":{\"@type\":\"WebPage\",\"@id\":\"https:\/\/najibmikou.com\/fr\/elections-2021-voter-ou-bouter-trois-prealables-a-une-reconciliation\/\",\"url\":\"https:\/\/najibmikou.com\/fr\/elections-2021-voter-ou-bouter-trois-prealables-a-une-reconciliation\/\",\"name\":\"Elections 2021 : Trois pr\\u00e9alables \\u00e0 une r\\u00e9conciliation\"}}]},{\"@type\":\"Person\",\"@id\":\"https:\/\/najibmikou.com\/fr\/#\/schema\/person\/ad833ab699d080f01dced99b1891ec1e\",\"name\":\"Najib Mikou\",\"image\":{\"@type\":\"ImageObject\",\"@id\":\"https:\/\/najibmikou.com\/fr\/#personlogo\",\"inLanguage\":\"fr-FR\",\"url\":\"https:\/\/secure.gravatar.com\/avatar\/6dfd4a9a9096131eea6d80fb3de585a0?s=96&d=mm&r=g\",\"caption\":\"Najib Mikou\"},\"sameAs\":[\"http:\/\/najibmikou.com\/fr\"]}]}<\/script>\n<!-- \/ Yoast SEO plugin. -->","_links":{"self":[{"href":"https:\/\/najibmikou.com\/fr\/wp-json\/wp\/v2\/posts\/1763"}],"collection":[{"href":"https:\/\/najibmikou.com\/fr\/wp-json\/wp\/v2\/posts"}],"about":[{"href":"https:\/\/najibmikou.com\/fr\/wp-json\/wp\/v2\/types\/post"}],"author":[{"embeddable":true,"href":"https:\/\/najibmikou.com\/fr\/wp-json\/wp\/v2\/users\/1"}],"replies":[{"embeddable":true,"href":"https:\/\/najibmikou.com\/fr\/wp-json\/wp\/v2\/comments?post=1763"}],"version-history":[{"count":5,"href":"https:\/\/najibmikou.com\/fr\/wp-json\/wp\/v2\/posts\/1763\/revisions"}],"predecessor-version":[{"id":1806,"href":"https:\/\/najibmikou.com\/fr\/wp-json\/wp\/v2\/posts\/1763\/revisions\/1806"}],"wp:featuredmedia":[{"embeddable":true,"href":"https:\/\/najibmikou.com\/fr\/wp-json\/wp\/v2\/media\/1667"}],"wp:attachment":[{"href":"https:\/\/najibmikou.com\/fr\/wp-json\/wp\/v2\/media?parent=1763"}],"wp:term":[{"taxonomy":"category","embeddable":true,"href":"https:\/\/najibmikou.com\/fr\/wp-json\/wp\/v2\/categories?post=1763"},{"taxonomy":"post_tag","embeddable":true,"href":"https:\/\/najibmikou.com\/fr\/wp-json\/wp\/v2\/tags?post=1763"}],"curies":[{"name":"wp","href":"https:\/\/api.w.org\/{rel}","templated":true}]}}