{"id":1604,"date":"2021-03-24T20:41:53","date_gmt":"2021-03-24T19:41:53","guid":{"rendered":"https:\/\/najibmikou.com\/fr\/?p=1604"},"modified":"2021-06-04T23:39:10","modified_gmt":"2021-06-04T21:39:10","slug":"du-charcutage-premedite-de-nos-frontieres-historiques-amis-du-nord-votre-silence-persistant-est-assourdissant","status":"publish","type":"post","link":"https:\/\/najibmikou.com\/fr\/du-charcutage-premedite-de-nos-frontieres-historiques-amis-du-nord-votre-silence-persistant-est-assourdissant\/","title":{"rendered":"Du charcutage pr\u00e9m\u00e9dit\u00e9 de nos fronti\u00e8res historiques. &#8220;Amis&#8221; du Nord, votre silence persistant, est assourdissant"},"content":{"rendered":"\n<p class=\"has-text-align-left\">En ces moments de tension encore plus forte et pr\u00e9visible, avec les dirigeants du n\u00e9anmoins, voisin et fr\u00e8re arabo-musulman de l&#8217;Est, foisonnent ici et l\u00e0, des cartes g\u00e9ographiques, des documents juridiques et des vid\u00e9os, de sources \u00e9trang\u00e8res cr\u00e9dibles, et en tout cas, de grande port\u00e9e historique.<\/p>\n\n\n\n<p>Ils temoignent tous, preuves \u00e9trang\u00e8res insoup\u00e7onn\u00e9es \u00e0 l&#8217;appui, du charcutage dont notre territoire national a fait l&#8217;objet, du Nord au Sud, en passant par l&#8217;Est.<\/p>\n\n\n\n<p>Paradoxalement, le Pr\u00e9sident De Gaulle, ce r\u00e9unificateur d&#8217;une France d\u00e9chiquet\u00e9e et humili\u00e9e par l&#8217;Allemagne nazie, s&#8217;y d\u00e9marque comme \u00e9tant l&#8217;un des principaux &#8220;artisans&#8221; dudit charcutage, \u00e0 des ciseaux vicieux, d&#8217;un Maroc pourtant \u00e9tabli et reconnu dans ses fronti\u00e8res \u00e0 travers des si\u00e8cles et des dynasties l\u00e9gendaires successives.<\/p>\n\n\n\n<p>La crainte de voir notre pays retrouver une nouvelle sant\u00e9, un nouvel \u00e9lan, apr\u00e8s une parenth\u00e8se critique de protectorat multicolor, aux d\u00e9pens des int\u00e9r\u00eats occidentaux en Afrique du Nord et en Afrique tout court, \u00e9tait le mobile cynique de ces man\u0153uvres perp\u00e9tr\u00e9es par des pays se revendiquant pourtant tous, fervents promoteurs de l&#8217;int\u00e9grit\u00e9 des Etats et de la supr\u00e9matie du Droit international.<\/p>\n\n\n\n<p>Rendons justice \u00e0 ce pauvre voisin haineux, que nous consid\u00e9rons \u00e0 tort, comme \u00e9tant notre seul ennemi autoproclam\u00e9. Loin s&#8217;en faut. Nos &#8220;amis&#8221; du Nord ne le sont pas moins.<\/p>\n\n\n\n<p>Car le fait de persister \u00e0 taire des v\u00e9rit\u00e9s g\u00e9ographiques et historiques, au nom d&#8217;un pr\u00e9tendu m\u00e9nagement des susceptibilit\u00e9s en place, rel\u00e8ve plut\u00f4t, d&#8217;une volont\u00e9 d\u00e9lib\u00e9r\u00e9e, flagrante, machiav\u00e9lique et malsaine, de maintenir en permanence un \u00e9quilibre instable dans la r\u00e9gion, afin d&#8217;asservir en permanence tous les protagonistes, de contrarier leur libre-arbitre, et d&#8217;hypoth\u00e9quer pour tr\u00e8s longtemps encore, leurs aspirations l\u00e9gitimes pour l&#8217;unification et le d\u00e9veloppement.<\/p>\n\n\n\n<p>L&#8217;histoire et la g\u00e9ographie du Maroc, que nos &#8220;amis&#8221; du Nord, ne connaissent que trop bien, et qui sont d&#8217;ailleurs, consign\u00e9es et trac\u00e9es dans leurs propres manuels et bases de donn\u00e9es, exigent d&#8217;eux, juste et diligente r\u00e9paration, pour mettre fin \u00e0 ce g\u00e2chis qui n&#8217;a que trop dur\u00e9, \u00e0 cette prise en otage du destin de cette r\u00e9gion qui n&#8217;en a que trop p\u00e2ti.<\/p>\n\n\n\n<p>Les USA leur ont derni\u00e8rement, dignement montr\u00e9 la voie \u00e0 suivre sans plus tarder, afin que le temps ne continue pas \u00e0 se tromper de chemin.<\/p>\n\n\n\n<p><strong>Najib Mikou<\/strong><\/p>\n","protected":false},"excerpt":{"rendered":"<p>En ces moments de tension encore plus forte et pr\u00e9visible, avec les dirigeants du n\u00e9anmoins, voisin et fr\u00e8re arabo-musulman de l&#8217;Est, foisonnent ici et l\u00e0, des cartes g\u00e9ographiques, des documents juridiques et des vid\u00e9os, de sources \u00e9trang\u00e8res cr\u00e9dibles, et en tout cas, de grande port\u00e9e historique. Ils temoignent tous, preuves \u00e9trang\u00e8res insoup\u00e7onn\u00e9es \u00e0 l&#8217;appui, du [&hellip;]<\/p>\n","protected":false},"author":1,"featured_media":1605,"comment_status":"open","ping_status":"open","sticky":false,"template":"","format":"standard","meta":{"pgc_sgb_lightbox_settings":""},"categories":[18],"tags":[],"yoast_head":"<!-- This site is optimized with the Yoast SEO plugin v15.9.2 - https:\/\/yoast.com\/wordpress\/plugins\/seo\/ -->\n<meta name=\"robots\" content=\"index, follow, max-snippet:-1, max-image-preview:large, max-video-preview:-1\" \/>\n<link rel=\"canonical\" href=\"https:\/\/najibmikou.com\/fr\/du-charcutage-premedite-de-nos-frontieres-historiques-amis-du-nord-votre-silence-persistant-est-assourdissant\/\" \/>\n<meta property=\"og:locale\" content=\"fr_FR\" \/>\n<meta property=\"og:type\" content=\"article\" \/>\n<meta property=\"og:title\" content=\"Du charcutage pr\u00e9m\u00e9dit\u00e9 de nos fronti\u00e8res historiques. &quot;Amis&quot; du Nord, votre silence persistant, est assourdissant - Najib MIKOU\" \/>\n<meta property=\"og:description\" content=\"En ces moments de tension encore plus forte et pr\u00e9visible, avec les dirigeants du n\u00e9anmoins, voisin et fr\u00e8re arabo-musulman de l&#8217;Est, foisonnent ici et l\u00e0, des cartes g\u00e9ographiques, des documents juridiques et des vid\u00e9os, de sources \u00e9trang\u00e8res cr\u00e9dibles, et en tout cas, de grande port\u00e9e historique. Ils temoignent tous, preuves \u00e9trang\u00e8res insoup\u00e7onn\u00e9es \u00e0 l&#8217;appui, du [&hellip;]\" \/>\n<meta property=\"og:url\" content=\"https:\/\/najibmikou.com\/fr\/du-charcutage-premedite-de-nos-frontieres-historiques-amis-du-nord-votre-silence-persistant-est-assourdissant\/\" \/>\n<meta property=\"og:site_name\" content=\"Najib MIKOU\" \/>\n<meta property=\"article:published_time\" content=\"2021-03-24T19:41:53+00:00\" \/>\n<meta property=\"article:modified_time\" content=\"2021-06-04T21:39:10+00:00\" \/>\n<meta property=\"og:image\" content=\"https:\/\/najibmikou.com\/fr\/wp-content\/uploads\/2021\/03\/Frontiere-maroc-algerie.jpg\" \/>\n\t<meta property=\"og:image:width\" content=\"800\" \/>\n\t<meta property=\"og:image:height\" content=\"334\" \/>\n<meta name=\"twitter:card\" content=\"summary_large_image\" \/>\n<meta name=\"twitter:label1\" content=\"Dur\u00e9e de lecture est.\">\n\t<meta name=\"twitter:data1\" content=\"2 minutes\">\n<script type=\"application\/ld+json\" class=\"yoast-schema-graph\">{\"@context\":\"https:\/\/schema.org\",\"@graph\":[{\"@type\":\"WebSite\",\"@id\":\"https:\/\/najibmikou.com\/fr\/#website\",\"url\":\"https:\/\/najibmikou.com\/fr\/\",\"name\":\"Najib MIKOU\",\"description\":\"\\u00c9crire c&#039;est contribuer \\u00e0 ce que le temps collectif ne se trompe pas de chemin\",\"potentialAction\":[{\"@type\":\"SearchAction\",\"target\":\"https:\/\/najibmikou.com\/fr\/?s={search_term_string}\",\"query-input\":\"required name=search_term_string\"}],\"inLanguage\":\"fr-FR\"},{\"@type\":\"ImageObject\",\"@id\":\"https:\/\/najibmikou.com\/fr\/du-charcutage-premedite-de-nos-frontieres-historiques-amis-du-nord-votre-silence-persistant-est-assourdissant\/#primaryimage\",\"inLanguage\":\"fr-FR\",\"url\":\"https:\/\/najibmikou.com\/fr\/wp-content\/uploads\/2021\/03\/Frontiere-maroc-algerie.jpg\",\"width\":800,\"height\":334},{\"@type\":\"WebPage\",\"@id\":\"https:\/\/najibmikou.com\/fr\/du-charcutage-premedite-de-nos-frontieres-historiques-amis-du-nord-votre-silence-persistant-est-assourdissant\/#webpage\",\"url\":\"https:\/\/najibmikou.com\/fr\/du-charcutage-premedite-de-nos-frontieres-historiques-amis-du-nord-votre-silence-persistant-est-assourdissant\/\",\"name\":\"Du charcutage pr\\u00e9m\\u00e9dit\\u00e9 de nos fronti\\u00e8res historiques. \\\"Amis\\\" du Nord, votre silence persistant, est assourdissant - Najib MIKOU\",\"isPartOf\":{\"@id\":\"https:\/\/najibmikou.com\/fr\/#website\"},\"primaryImageOfPage\":{\"@id\":\"https:\/\/najibmikou.com\/fr\/du-charcutage-premedite-de-nos-frontieres-historiques-amis-du-nord-votre-silence-persistant-est-assourdissant\/#primaryimage\"},\"datePublished\":\"2021-03-24T19:41:53+00:00\",\"dateModified\":\"2021-06-04T21:39:10+00:00\",\"author\":{\"@id\":\"https:\/\/najibmikou.com\/fr\/#\/schema\/person\/ad833ab699d080f01dced99b1891ec1e\"},\"breadcrumb\":{\"@id\":\"https:\/\/najibmikou.com\/fr\/du-charcutage-premedite-de-nos-frontieres-historiques-amis-du-nord-votre-silence-persistant-est-assourdissant\/#breadcrumb\"},\"inLanguage\":\"fr-FR\",\"potentialAction\":[{\"@type\":\"ReadAction\",\"target\":[\"https:\/\/najibmikou.com\/fr\/du-charcutage-premedite-de-nos-frontieres-historiques-amis-du-nord-votre-silence-persistant-est-assourdissant\/\"]}]},{\"@type\":\"BreadcrumbList\",\"@id\":\"https:\/\/najibmikou.com\/fr\/du-charcutage-premedite-de-nos-frontieres-historiques-amis-du-nord-votre-silence-persistant-est-assourdissant\/#breadcrumb\",\"itemListElement\":[{\"@type\":\"ListItem\",\"position\":1,\"item\":{\"@type\":\"WebPage\",\"@id\":\"https:\/\/najibmikou.com\/fr\/\",\"url\":\"https:\/\/najibmikou.com\/fr\/\",\"name\":\"Accueil\"}},{\"@type\":\"ListItem\",\"position\":2,\"item\":{\"@type\":\"WebPage\",\"@id\":\"https:\/\/najibmikou.com\/fr\/du-charcutage-premedite-de-nos-frontieres-historiques-amis-du-nord-votre-silence-persistant-est-assourdissant\/\",\"url\":\"https:\/\/najibmikou.com\/fr\/du-charcutage-premedite-de-nos-frontieres-historiques-amis-du-nord-votre-silence-persistant-est-assourdissant\/\",\"name\":\"Du charcutage pr\\u00e9m\\u00e9dit\\u00e9 de nos fronti\\u00e8res historiques. &#8220;Amis&#8221; du Nord, votre silence persistant, est assourdissant\"}}]},{\"@type\":\"Person\",\"@id\":\"https:\/\/najibmikou.com\/fr\/#\/schema\/person\/ad833ab699d080f01dced99b1891ec1e\",\"name\":\"Najib Mikou\",\"image\":{\"@type\":\"ImageObject\",\"@id\":\"https:\/\/najibmikou.com\/fr\/#personlogo\",\"inLanguage\":\"fr-FR\",\"url\":\"https:\/\/secure.gravatar.com\/avatar\/6dfd4a9a9096131eea6d80fb3de585a0?s=96&d=mm&r=g\",\"caption\":\"Najib Mikou\"},\"sameAs\":[\"http:\/\/najibmikou.com\/fr\"]}]}<\/script>\n<!-- \/ Yoast SEO plugin. -->","_links":{"self":[{"href":"https:\/\/najibmikou.com\/fr\/wp-json\/wp\/v2\/posts\/1604"}],"collection":[{"href":"https:\/\/najibmikou.com\/fr\/wp-json\/wp\/v2\/posts"}],"about":[{"href":"https:\/\/najibmikou.com\/fr\/wp-json\/wp\/v2\/types\/post"}],"author":[{"embeddable":true,"href":"https:\/\/najibmikou.com\/fr\/wp-json\/wp\/v2\/users\/1"}],"replies":[{"embeddable":true,"href":"https:\/\/najibmikou.com\/fr\/wp-json\/wp\/v2\/comments?post=1604"}],"version-history":[{"count":4,"href":"https:\/\/najibmikou.com\/fr\/wp-json\/wp\/v2\/posts\/1604\/revisions"}],"predecessor-version":[{"id":2165,"href":"https:\/\/najibmikou.com\/fr\/wp-json\/wp\/v2\/posts\/1604\/revisions\/2165"}],"wp:featuredmedia":[{"embeddable":true,"href":"https:\/\/najibmikou.com\/fr\/wp-json\/wp\/v2\/media\/1605"}],"wp:attachment":[{"href":"https:\/\/najibmikou.com\/fr\/wp-json\/wp\/v2\/media?parent=1604"}],"wp:term":[{"taxonomy":"category","embeddable":true,"href":"https:\/\/najibmikou.com\/fr\/wp-json\/wp\/v2\/categories?post=1604"},{"taxonomy":"post_tag","embeddable":true,"href":"https:\/\/najibmikou.com\/fr\/wp-json\/wp\/v2\/tags?post=1604"}],"curies":[{"name":"wp","href":"https:\/\/api.w.org\/{rel}","templated":true}]}}