{"id":1521,"date":"2021-03-14T05:30:00","date_gmt":"2021-03-14T04:30:00","guid":{"rendered":"https:\/\/najibmikou.com\/fr\/?p=1521"},"modified":"2021-03-14T16:15:25","modified_gmt":"2021-03-14T15:15:25","slug":"%e2%80%8bssi-benkirane-une-curiosite-sociologique-inextinguible","status":"publish","type":"post","link":"https:\/\/najibmikou.com\/fr\/%e2%80%8bssi-benkirane-une-curiosite-sociologique-inextinguible\/","title":{"rendered":"\u200bSsi Benkirane, une curiosit\u00e9 sociologique inextinguible"},"content":{"rendered":"\n<h3>CJD ou PJD ? l&#8217;heure de v\u00e9rit\u00e9 sonne, r\u00e9sonne.<\/h3>\n\n\n\n<p>J&#8217;avoue que mis \u00e0 part le grand respect que je t\u00e9moigne pour l&#8217;homme, je suis intrigu\u00e9 par cet acharnement de notre pr\u00e9c\u00e9dent Chef de gouvernement, qui ne d\u00e9sarme pas \u00e0 vouloir occuper spectaculairement et co\u00fbte que co\u00fbte, la sc\u00e8ne politico-m\u00e9diatique nationale.&nbsp;<\/p>\n\n\n\n<p>Pourquoi exclusivement lui, parmi tous nos anciens 1ers Ministres?!! Pourquoi strictement lui, parmi m\u00eame tous les anciens 1ers Ministres des plus grandes d\u00e9mocraties \u00e0 travers le monde?!!!&nbsp;<\/p>\n\n\n\n<p>Pourquoi on n&#8217;a plus revu ni entendu avec autant de tonitruance, du moins sur le terrain politico-m\u00e9diatique, Ssi Abb\u00e9s El Fassi, Feu Ssi Abderrahmane El Yousfi, Helmut Kohl, Gerhard Schr\u00f6der, \u00c9douard Philippe, Dominique de Villepin, Jean-Pierre Raffarin, Lionel Jospin ou encore John Major, Tony Blair, Gordon Brown et j&#8217;en passe, dont quelques-uns ont fait la grandeur de leurs pays et dont les choix \u00e9conomiques, financiers et sociaux, doivent \u00eatre enseign\u00e9s dans les Grandes \u00c9coles et les universit\u00e9s les plus prestigieuses. D&#8217;ailleurs, grand nombre parmi eux, donnent des conf\u00e9rences et&nbsp; prodiguent leurs pr\u00e9cieux conseils \u00e0 travers le monde.<\/p>\n\n\n\n<p>Dans une tentative de r\u00e9ponse, je consid\u00e8re, \u00e9videment sans la moindre arri\u00e8re pens\u00e9e p\u00e9jorative, tant s&#8217;en faut, que le PJD n&#8217;est pas un parti politique, et Ssi Benkirane n&#8217;a jamais \u00e9t\u00e9 un Chef de gouvernement, dans le sens \u00e9tymologique des deux termes.&nbsp;<\/p>\n\n\n\n<p>Le PJD correspond plut\u00f4t \u00e0 une confr\u00e9rie religieuse et Ssi Benkirane en est le chef spirituel et le Moufti, au-del\u00e0 de toute contingence formelle, sans effet chez ses inconditionnels disciples. D&#8217;o\u00f9 l&#8217;autre particularit\u00e9 d&#8217;un tel ph\u00e9nom\u00e8ne sociologique, qui consiste au fait que le chef de la confr\u00e9rie renforce sa notori\u00e9t\u00e9 interne, notamment, par la recherche de retentissement permanent, au-del\u00e0 du cerle de sa confr\u00e9rie.&nbsp;<\/p>\n\n\n\n<p>Sauf que, faut-il le rappeler, le temps des confr\u00e9ries religieuses&nbsp;comme ressort de Pouvoir politique, est r\u00e9volu au Maroc. M\u00eame le Sultan des Tolbats qui usait d&#8217;un certain pouvoir folklorique, chim\u00e9rique, le temps des quelques jours de son intronisation symbolique, n&#8217;existe plus depuis les ann\u00e9es soixante du si\u00e8cle dernier.&nbsp;<\/p>\n\n\n\n<p>Bien plus tranchant encore, le champ religieux au Maroc, n&#8217;est et ne peut \u00eatre constitutionnellement, l&#8217;exclusive ni m\u00eame la raison d&#8217;\u00eatre de quel que parti que ce soit.<\/p>\n\n\n\n<p>Par cons\u00e9quent, le chef de la CJD, qui se fait omnipr\u00e9sent dans un Maroc qui a profond\u00e9ment chang\u00e9 sur plus d&#8217;un registre, n&#8217;existe en tant que tel finalement, qu&#8217;\u00e0 travers nos r\u00e9sidus culturels, enfouis dans notre subconscient collectif profond. C&#8217;est donc nous qui le faisons exister dans notre pr\u00e9sent par ce biais, et donc par d\u00e9faut.<\/p>\n\n\n\n<p>Moi en premier, \u00e0 travers cette chronique, qui n&#8217;aurait jamais \u00e9t\u00e9 \u00e9crite si ce n&#8217;\u00e9tait le pur int\u00e9r\u00eat \u00e9pist\u00e9mologique, sociologique et historique que le ph\u00e9nom\u00e8ne suscite chez moi.&nbsp;Ceci dit, je prends le risque de pr\u00e9voir que la CJD ne tardera pas \u00e0 se mouvoir en PJD, gr\u00e2ce \u00e0 une dynamique interne profonde en cours, quoique d\u00e9licatement dissimul\u00e9e et pertinemment pilot\u00e9e, qui avance doucement, mais s\u00fbrement, in\u00e9luctablement.&nbsp;<\/p>\n\n\n\n<p>Pourvu que le PJD en perspective d&#8217;accouchement, soit aussi bien structur\u00e9 et op\u00e9rationnel que la CJD. Le champ politique national n&#8217;en tirera que le meilleur int\u00e9r\u00eat, car il ne peut y avoir de v\u00e9ritable d\u00e9mocratie sans grands partis veritablement politiques, vivants, forts, ramifi\u00e9s dans les r\u00e9gions et la soci\u00e9t\u00e9 civile, et cr\u00e9dibles.&nbsp;<\/p>\n\n\n\n<p>Quant au ph\u00e9nom\u00e8ne Ssi Benkirane, il persistera \u00e0 vivre all\u00e8grement en \u00e9lectron libre, dans un pass\u00e9 permanent qui lui conf\u00e8re l\u00e9gitimit\u00e9 et confort int\u00e9rieur.<\/p>\n\n\n\n<p><strong>Najib Mikou\u00a0<\/strong><br>Prospective et Etudes Strat\u00e9giques<\/p>\n","protected":false},"excerpt":{"rendered":"<p>CJD ou PJD ? l&#8217;heure de v\u00e9rit\u00e9 sonne, r\u00e9sonne. J&#8217;avoue que mis \u00e0 part le grand respect que je t\u00e9moigne pour l&#8217;homme, je suis intrigu\u00e9 par cet acharnement de notre pr\u00e9c\u00e9dent Chef de gouvernement, qui ne d\u00e9sarme pas \u00e0 vouloir occuper spectaculairement et co\u00fbte que co\u00fbte, la sc\u00e8ne politico-m\u00e9diatique nationale.&nbsp; Pourquoi exclusivement lui, parmi tous [&hellip;]<\/p>\n","protected":false},"author":1,"featured_media":1522,"comment_status":"open","ping_status":"open","sticky":false,"template":"","format":"standard","meta":{"pgc_sgb_lightbox_settings":""},"categories":[18,14],"tags":[],"yoast_head":"<!-- This site is optimized with the Yoast SEO plugin v15.9.2 - https:\/\/yoast.com\/wordpress\/plugins\/seo\/ -->\n<meta name=\"robots\" content=\"index, follow, max-snippet:-1, max-image-preview:large, max-video-preview:-1\" \/>\n<link rel=\"canonical\" href=\"https:\/\/najibmikou.com\/fr\/\u200bssi-benkirane-une-curiosite-sociologique-inextinguible\/\" \/>\n<meta property=\"og:locale\" content=\"fr_FR\" \/>\n<meta property=\"og:type\" content=\"article\" \/>\n<meta property=\"og:title\" content=\"\u200bSsi Benkirane, une curiosit\u00e9 sociologique inextinguible - Najib MIKOU\" \/>\n<meta property=\"og:description\" content=\"CJD ou PJD ? l&#8217;heure de v\u00e9rit\u00e9 sonne, r\u00e9sonne. J&#8217;avoue que mis \u00e0 part le grand respect que je t\u00e9moigne pour l&#8217;homme, je suis intrigu\u00e9 par cet acharnement de notre pr\u00e9c\u00e9dent Chef de gouvernement, qui ne d\u00e9sarme pas \u00e0 vouloir occuper spectaculairement et co\u00fbte que co\u00fbte, la sc\u00e8ne politico-m\u00e9diatique nationale.&nbsp; Pourquoi exclusivement lui, parmi tous [&hellip;]\" \/>\n<meta property=\"og:url\" content=\"https:\/\/najibmikou.com\/fr\/\u200bssi-benkirane-une-curiosite-sociologique-inextinguible\/\" \/>\n<meta property=\"og:site_name\" content=\"Najib MIKOU\" \/>\n<meta property=\"article:published_time\" content=\"2021-03-14T04:30:00+00:00\" \/>\n<meta property=\"article:modified_time\" content=\"2021-03-14T15:15:25+00:00\" \/>\n<meta property=\"og:image\" content=\"https:\/\/najibmikou.com\/fr\/wp-content\/uploads\/2021\/03\/benkirane.jpg\" \/>\n\t<meta property=\"og:image:width\" content=\"700\" \/>\n\t<meta property=\"og:image:height\" content=\"350\" \/>\n<meta name=\"twitter:card\" content=\"summary_large_image\" \/>\n<meta name=\"twitter:label1\" content=\"Dur\u00e9e de lecture est.\">\n\t<meta name=\"twitter:data1\" content=\"3 minutes\">\n<script type=\"application\/ld+json\" class=\"yoast-schema-graph\">{\"@context\":\"https:\/\/schema.org\",\"@graph\":[{\"@type\":\"WebSite\",\"@id\":\"https:\/\/najibmikou.com\/fr\/#website\",\"url\":\"https:\/\/najibmikou.com\/fr\/\",\"name\":\"Najib MIKOU\",\"description\":\"\\u00c9crire c&#039;est contribuer \\u00e0 ce que le temps collectif ne se trompe pas de chemin\",\"potentialAction\":[{\"@type\":\"SearchAction\",\"target\":\"https:\/\/najibmikou.com\/fr\/?s={search_term_string}\",\"query-input\":\"required name=search_term_string\"}],\"inLanguage\":\"fr-FR\"},{\"@type\":\"ImageObject\",\"@id\":\"https:\/\/najibmikou.com\/fr\/%e2%80%8bssi-benkirane-une-curiosite-sociologique-inextinguible\/#primaryimage\",\"inLanguage\":\"fr-FR\",\"url\":\"https:\/\/najibmikou.com\/fr\/wp-content\/uploads\/2021\/03\/benkirane.jpg\",\"width\":700,\"height\":350},{\"@type\":\"WebPage\",\"@id\":\"https:\/\/najibmikou.com\/fr\/%e2%80%8bssi-benkirane-une-curiosite-sociologique-inextinguible\/#webpage\",\"url\":\"https:\/\/najibmikou.com\/fr\/%e2%80%8bssi-benkirane-une-curiosite-sociologique-inextinguible\/\",\"name\":\"\\u200bSsi Benkirane, une curiosit\\u00e9 sociologique inextinguible - Najib MIKOU\",\"isPartOf\":{\"@id\":\"https:\/\/najibmikou.com\/fr\/#website\"},\"primaryImageOfPage\":{\"@id\":\"https:\/\/najibmikou.com\/fr\/%e2%80%8bssi-benkirane-une-curiosite-sociologique-inextinguible\/#primaryimage\"},\"datePublished\":\"2021-03-14T04:30:00+00:00\",\"dateModified\":\"2021-03-14T15:15:25+00:00\",\"author\":{\"@id\":\"https:\/\/najibmikou.com\/fr\/#\/schema\/person\/ad833ab699d080f01dced99b1891ec1e\"},\"breadcrumb\":{\"@id\":\"https:\/\/najibmikou.com\/fr\/%e2%80%8bssi-benkirane-une-curiosite-sociologique-inextinguible\/#breadcrumb\"},\"inLanguage\":\"fr-FR\",\"potentialAction\":[{\"@type\":\"ReadAction\",\"target\":[\"https:\/\/najibmikou.com\/fr\/%e2%80%8bssi-benkirane-une-curiosite-sociologique-inextinguible\/\"]}]},{\"@type\":\"BreadcrumbList\",\"@id\":\"https:\/\/najibmikou.com\/fr\/%e2%80%8bssi-benkirane-une-curiosite-sociologique-inextinguible\/#breadcrumb\",\"itemListElement\":[{\"@type\":\"ListItem\",\"position\":1,\"item\":{\"@type\":\"WebPage\",\"@id\":\"https:\/\/najibmikou.com\/fr\/\",\"url\":\"https:\/\/najibmikou.com\/fr\/\",\"name\":\"Accueil\"}},{\"@type\":\"ListItem\",\"position\":2,\"item\":{\"@type\":\"WebPage\",\"@id\":\"https:\/\/najibmikou.com\/fr\/%e2%80%8bssi-benkirane-une-curiosite-sociologique-inextinguible\/\",\"url\":\"https:\/\/najibmikou.com\/fr\/%e2%80%8bssi-benkirane-une-curiosite-sociologique-inextinguible\/\",\"name\":\"\\u200bSsi Benkirane, une curiosit\\u00e9 sociologique inextinguible\"}}]},{\"@type\":\"Person\",\"@id\":\"https:\/\/najibmikou.com\/fr\/#\/schema\/person\/ad833ab699d080f01dced99b1891ec1e\",\"name\":\"Najib Mikou\",\"image\":{\"@type\":\"ImageObject\",\"@id\":\"https:\/\/najibmikou.com\/fr\/#personlogo\",\"inLanguage\":\"fr-FR\",\"url\":\"https:\/\/secure.gravatar.com\/avatar\/6dfd4a9a9096131eea6d80fb3de585a0?s=96&d=mm&r=g\",\"caption\":\"Najib Mikou\"},\"sameAs\":[\"http:\/\/najibmikou.com\/fr\"]}]}<\/script>\n<!-- \/ Yoast SEO plugin. -->","_links":{"self":[{"href":"https:\/\/najibmikou.com\/fr\/wp-json\/wp\/v2\/posts\/1521"}],"collection":[{"href":"https:\/\/najibmikou.com\/fr\/wp-json\/wp\/v2\/posts"}],"about":[{"href":"https:\/\/najibmikou.com\/fr\/wp-json\/wp\/v2\/types\/post"}],"author":[{"embeddable":true,"href":"https:\/\/najibmikou.com\/fr\/wp-json\/wp\/v2\/users\/1"}],"replies":[{"embeddable":true,"href":"https:\/\/najibmikou.com\/fr\/wp-json\/wp\/v2\/comments?post=1521"}],"version-history":[{"count":1,"href":"https:\/\/najibmikou.com\/fr\/wp-json\/wp\/v2\/posts\/1521\/revisions"}],"predecessor-version":[{"id":1523,"href":"https:\/\/najibmikou.com\/fr\/wp-json\/wp\/v2\/posts\/1521\/revisions\/1523"}],"wp:featuredmedia":[{"embeddable":true,"href":"https:\/\/najibmikou.com\/fr\/wp-json\/wp\/v2\/media\/1522"}],"wp:attachment":[{"href":"https:\/\/najibmikou.com\/fr\/wp-json\/wp\/v2\/media?parent=1521"}],"wp:term":[{"taxonomy":"category","embeddable":true,"href":"https:\/\/najibmikou.com\/fr\/wp-json\/wp\/v2\/categories?post=1521"},{"taxonomy":"post_tag","embeddable":true,"href":"https:\/\/najibmikou.com\/fr\/wp-json\/wp\/v2\/tags?post=1521"}],"curies":[{"name":"wp","href":"https:\/\/api.w.org\/{rel}","templated":true}]}}